{"id":456595,"date":"2025-09-18T22:47:44","date_gmt":"2025-09-19T03:47:44","guid":{"rendered":"https:\/\/www.medellin.gov.co\/es\/?p=456595"},"modified":"2025-09-18T22:47:44","modified_gmt":"2025-09-19T03:47:44","slug":"medellin-vivira-una-historia-llena-de-amor-y-amistad-80-perros-y-gatos-de-la-perla-podran-encontrar-hogar","status":"publish","type":"post","link":"https:\/\/www.medellin.gov.co\/es\/sala-de-prensa\/noticias\/medellin-vivira-una-historia-llena-de-amor-y-amistad-80-perros-y-gatos-de-la-perla-podran-encontrar-hogar\/","title":{"rendered":"Medell\u00edn vivir\u00e1 una historia llena de amor y amistad: 80 perros y gatos de La Perla podr\u00e1n encontrar hogar"},"content":{"rendered":"<ul>\n<li>Desde 2024, la Administraci\u00f3n Distrital ha logrado 2.548 adopciones responsables: 1.513 de caninos y 1.035 de felinos.<\/li>\n<li>Actualmente, 2.139 animales est\u00e1n aptos para ser adoptados en el Centro de Bienestar Animal <a href=\"https:\/\/www.instagram.com\/laperlamed\/?hl=es\" target=\"_blank\" rel=\"noopener\">La Perla<\/a>, de una poblaci\u00f3n total de 2.640.<\/li>\n<\/ul>\n<!--[if lt IE 9]><script>document.createElement('audio');<\/script><![endif]-->\n\t<div class=\"wp-playlist wp-audio-playlist wp-playlist-light\">\n\t\t\t<div class=\"wp-playlist-current-item\"><\/div>\n\t\t<audio controls=\"controls\" preload=\"none\" width=\"640\"\n\t\t\t><\/audio>\n\t<div class=\"wp-playlist-next\"><\/div>\n\t<div class=\"wp-playlist-prev\"><\/div>\n\t<noscript>\n\t<ol>\n\t\t<li><a href='https:\/\/www.medellin.gov.co\/es\/wp-content\/uploads\/2025\/09\/Declaraciones-de-la-secretaria-de-Medio-Ambiente-Marcela-Ruiz-2.mp3'>Declaraciones de la secretaria de Medio Ambiente, Marcela Ru\u00edz<\/a><\/li>\t<\/ol>\n\t<\/noscript>\n\t<script type=\"application\/json\" class=\"wp-playlist-script\">{\"type\":\"audio\",\"tracklist\":true,\"tracknumbers\":true,\"images\":true,\"artists\":true,\"tracks\":[{\"src\":\"https:\\\/\\\/www.medellin.gov.co\\\/es\\\/wp-content\\\/uploads\\\/2025\\\/09\\\/Declaraciones-de-la-secretaria-de-Medio-Ambiente-Marcela-Ruiz-2.mp3\",\"type\":\"audio\\\/mpeg\",\"title\":\"Declaraciones de la secretaria de Medio Ambiente, Marcela Ru\\u00edz\",\"caption\":\"\",\"description\":\"\\u00abDeclaraciones de la secretaria de Medio Ambiente, Marcela Ru\\u00edz\\u00bb. \",\"meta\":{\"genre\":\"Blues\",\"length_formatted\":\"1:40\"},\"image\":{\"src\":\"https:\\\/\\\/www.medellin.gov.co\\\/es\\\/wp-includes\\\/images\\\/media\\\/audio.png\",\"width\":48,\"height\":64},\"thumb\":{\"src\":\"https:\\\/\\\/www.medellin.gov.co\\\/es\\\/wp-includes\\\/images\\\/media\\\/audio.png\",\"width\":48,\"height\":64}}]}<\/script>\n<\/div>\n\t\n<p>Este s\u00e1bado 20 de septiembre, en el D\u00eda del Amor y la Amistad, Medell\u00edn vivir\u00e1 una jornada sin precedentes: \u201c<em>Una historia Llena de Amor<\/em>\u201d, una campa\u00f1a de adopci\u00f3n masiva que transformar\u00e1 el costado occidental de Parques del R\u00edo (sector Conquistadores) en un espacio de encuentro entre familias y animales que esperan una segunda oportunidad.<\/p>\n<p>Durante la adoptat\u00f3n, 40 perros e igual n\u00famero de gatos podr\u00e1n interactuar con el p\u00fablico, compartir juegos y conquistar corazones. No estar\u00e1n solos: a trav\u00e9s de pantallas digitales, los asistentes podr\u00e1n conocer virtualmente a los m\u00e1s de 2.100 animales que esperan adopci\u00f3n en La Perla, ver sus rostros y elegir con qui\u00e9n quieren escribir una nueva historia.<\/p>\n<p><a href=\"https:\/\/www.medellin.gov.co\/es\/wp-content\/uploads\/2025\/09\/Imagen-de-perros-en-La-Perla.jpg\" target=\"_blank\" rel=\"noopener\"><img loading=\"lazy\" class=\"alignnone wp-image-456565 size-full\" src=\"https:\/\/www.medellin.gov.co\/es\/wp-content\/uploads\/2025\/09\/Imagen-de-perros-en-La-Perla.jpg\" alt=\"Imagen de perros en La Perla\" width=\"1141\" height=\"760\" srcset=\"https:\/\/www.medellin.gov.co\/es\/wp-content\/uploads\/2025\/09\/Imagen-de-perros-en-La-Perla.jpg 1141w, https:\/\/www.medellin.gov.co\/es\/wp-content\/uploads\/2025\/09\/Imagen-de-perros-en-La-Perla-300x200.jpg 300w, https:\/\/www.medellin.gov.co\/es\/wp-content\/uploads\/2025\/09\/Imagen-de-perros-en-La-Perla-1024x682.jpg 1024w, https:\/\/www.medellin.gov.co\/es\/wp-content\/uploads\/2025\/09\/Imagen-de-perros-en-La-Perla-150x100.jpg 150w, https:\/\/www.medellin.gov.co\/es\/wp-content\/uploads\/2025\/09\/Imagen-de-perros-en-La-Perla-768x512.jpg 768w\" sizes=\"(max-width: 1141px) 100vw, 1141px\" \/><\/a><\/p>\n<p>La jornada tendr\u00e1 un ambiente festivo y cultural. La acompa\u00f1ar\u00e1n trovadores de la Secretar\u00eda de Cultura Ciudadana, quienes improvisar\u00e1n con versos cada vez que un animal encuentre hogar, convirtiendo cada adopci\u00f3n en un motivo de celebraci\u00f3n colectiva. Adem\u00e1s, la iniciativa cuenta con el respaldo de aliados estrat\u00e9gicos en la protecci\u00f3n y bienestar animal.<\/p>\n<p>La secretaria de Medio Ambiente, Marcela Ru\u00edz, destac\u00f3: \u201c<em>A prop\u00f3sito de esta fecha en la que todos queremos fortalecer esos v\u00ednculos y lazos de amistad, los animales de compa\u00f1\u00eda pueden ser grandes amigos. El mensaje es que puedan adoptar a ese gran amor para toda la vida, un amigo que nos va a acompa\u00f1ar y a quien le vamos a dar una oportunidad de tener un hogar y una familia. En este espacio vamos a traer a 40 caninos y 40 felinos. Tambi\u00e9n tendremos unas pantallas donde se pueden ver a los animales que est\u00e1n aptos para adopci\u00f3n y que se encuentran en el Centro de Bienestar Animal La Perla<\/em>\u201d.<\/p>\n<p><a href=\"https:\/\/www.medellin.gov.co\/es\/wp-content\/uploads\/2025\/09\/Imagen-de-tres-gatos.jpg\" target=\"_blank\" rel=\"noopener\"><img loading=\"lazy\" class=\"alignnone wp-image-456556 size-full\" src=\"https:\/\/www.medellin.gov.co\/es\/wp-content\/uploads\/2025\/09\/Imagen-de-tres-gatos.jpg\" alt=\"Imagen de tres gatos\" width=\"1141\" height=\"760\" srcset=\"https:\/\/www.medellin.gov.co\/es\/wp-content\/uploads\/2025\/09\/Imagen-de-tres-gatos.jpg 1141w, https:\/\/www.medellin.gov.co\/es\/wp-content\/uploads\/2025\/09\/Imagen-de-tres-gatos-300x200.jpg 300w, https:\/\/www.medellin.gov.co\/es\/wp-content\/uploads\/2025\/09\/Imagen-de-tres-gatos-1024x682.jpg 1024w, https:\/\/www.medellin.gov.co\/es\/wp-content\/uploads\/2025\/09\/Imagen-de-tres-gatos-150x100.jpg 150w, https:\/\/www.medellin.gov.co\/es\/wp-content\/uploads\/2025\/09\/Imagen-de-tres-gatos-768x512.jpg 768w\" sizes=\"(max-width: 1141px) 100vw, 1141px\" \/><\/a><\/p>\n<p>Esta nueva campa\u00f1a llega luego del \u00e9xito de Adopta un Superh\u00e9roe, con la cual,en menos de dos semanas, 68 perros encontraron hogar. Ahora, Medell\u00edn apuesta por aprovechar la fecha del amor y la amistad para que las familias se motiven a dar una segunda oportunidad a quienes m\u00e1s la necesitan.<\/p>\n<p>La capital antioque\u00f1a avanza con pasos firmes en su compromiso con la protecci\u00f3n y el bienestar animal. En lo corrido de 2025, ya se ha alcanzado el 95 % de la meta de adopciones de toda la fauna dom\u00e9stica del Plan de Desarrollo Medell\u00edn Te Quiere, con m\u00e1s de 1.200 entregas responsables, lo que ratifica a la ciudad como referente nacional en bienestar animal y como un lugar que elige la vida.<\/p>\n","protected":false},"excerpt":{"rendered":"<p>Desde 2024, la Administraci\u00f3n Distrital ha logrado 2.548 adopciones responsables: 1.513 de caninos y 1.035 de felinos. Actualmente, 2.139 animales est\u00e1n aptos para ser adoptados en el Centro de Bienestar Animal La Perla, de una &#8230;<\/p>\n","protected":false},"author":21,"featured_media":456568,"comment_status":"open","ping_status":"open","sticky":false,"template":"","format":"standard","meta":[],"categories":[13],"tags":[446,436],"formato_nota":[],"programas_tax":[],"acf":[],"_links":{"self":[{"href":"https:\/\/www.medellin.gov.co\/es\/wp-json\/wp\/v2\/posts\/456595"}],"collection":[{"href":"https:\/\/www.medellin.gov.co\/es\/wp-json\/wp\/v2\/posts"}],"about":[{"href":"https:\/\/www.medellin.gov.co\/es\/wp-json\/wp\/v2\/types\/post"}],"author":[{"embeddable":true,"href":"https:\/\/www.medellin.gov.co\/es\/wp-json\/wp\/v2\/users\/21"}],"replies":[{"embeddable":true,"href":"https:\/\/www.medellin.gov.co\/es\/wp-json\/wp\/v2\/comments?post=456595"}],"version-history":[{"count":1,"href":"https:\/\/www.medellin.gov.co\/es\/wp-json\/wp\/v2\/posts\/456595\/revisions"}],"predecessor-version":[{"id":456596,"href":"https:\/\/www.medellin.gov.co\/es\/wp-json\/wp\/v2\/posts\/456595\/revisions\/456596"}],"wp:featuredmedia":[{"embeddable":true,"href":"https:\/\/www.medellin.gov.co\/es\/wp-json\/wp\/v2\/media\/456568"}],"wp:attachment":[{"href":"https:\/\/www.medellin.gov.co\/es\/wp-json\/wp\/v2\/media?parent=456595"}],"wp:term":[{"taxonomy":"category","embeddable":true,"href":"https:\/\/www.medellin.gov.co\/es\/wp-json\/wp\/v2\/categories?post=456595"},{"taxonomy":"post_tag","embeddable":true,"href":"https:\/\/www.medellin.gov.co\/es\/wp-json\/wp\/v2\/tags?post=456595"},{"taxonomy":"formato_nota","embeddable":true,"href":"https:\/\/www.medellin.gov.co\/es\/wp-json\/wp\/v2\/formato_nota?post=456595"},{"taxonomy":"programas_tax","embeddable":true,"href":"https:\/\/www.medellin.gov.co\/es\/wp-json\/wp\/v2\/programas_tax?post=456595"}],"curies":[{"name":"wp","href":"https:\/\/api.w.org\/{rel}","templated":true}]}}