{"id":456629,"date":"2025-09-19T12:18:14","date_gmt":"2025-09-19T17:18:14","guid":{"rendered":"https:\/\/www.medellin.gov.co\/es\/?p=456629"},"modified":"2025-09-19T12:19:03","modified_gmt":"2025-09-19T17:19:03","slug":"la-fiesta-del-libro-y-la-cultura-2025-se-despide-con-programacion-dedicada-a-el-principito","status":"publish","type":"post","link":"https:\/\/www.medellin.gov.co\/es\/sala-de-prensa\/noticias\/la-fiesta-del-libro-y-la-cultura-2025-se-despide-con-programacion-dedicada-a-el-principito\/","title":{"rendered":"La Fiesta del Libro y la Cultura 2025 se despide con programaci\u00f3n dedicada a El Principito"},"content":{"rendered":"<p>En sus \u00faltimos d\u00edas, la Fiesta del Libro y la Cultura invita a sumarse a la programaci\u00f3n dedicada a El Principito. La obra de Antoine de Saint-Exup\u00e9ry celebra 80 a\u00f1os desde su publicaci\u00f3n y en su honor se han preparado actividades para el fin de semana.<\/p>\n<!--[if lt IE 9]><script>document.createElement('audio');<\/script><![endif]-->\n\t<div class=\"wp-playlist wp-audio-playlist wp-playlist-light\">\n\t\t\t<div class=\"wp-playlist-current-item\"><\/div>\n\t\t<audio controls=\"controls\" preload=\"none\" width=\"640\"\n\t\t\t><\/audio>\n\t<div class=\"wp-playlist-next\"><\/div>\n\t<div class=\"wp-playlist-prev\"><\/div>\n\t<noscript>\n\t<ol>\n\t\t<li><a href='https:\/\/www.medellin.gov.co\/es\/wp-content\/uploads\/2025\/09\/Declaraciones-del-director-de-los-Eventos-del-Libro-de-Medellin-Juan-David-Velez-1.mp3'>Declaraciones del director de los Eventos del Libro de Medell\u00edn, Juan David V\u00e9lez<\/a><\/li>\t<\/ol>\n\t<\/noscript>\n\t<script type=\"application\/json\" class=\"wp-playlist-script\">{\"type\":\"audio\",\"tracklist\":true,\"tracknumbers\":true,\"images\":true,\"artists\":true,\"tracks\":[{\"src\":\"https:\\\/\\\/www.medellin.gov.co\\\/es\\\/wp-content\\\/uploads\\\/2025\\\/09\\\/Declaraciones-del-director-de-los-Eventos-del-Libro-de-Medellin-Juan-David-Velez-1.mp3\",\"type\":\"audio\\\/mpeg\",\"title\":\"Declaraciones del director de los Eventos del Libro de Medell\\u00edn, Juan David V\\u00e9lez\",\"caption\":\"\",\"description\":\"\\u00abDeclaraciones del director de los Eventos del Libro de Medell\\u00edn, Juan David V\\u00e9lez\\u00bb. \",\"meta\":{\"genre\":\"Blues\",\"length_formatted\":\"0:46\"},\"image\":{\"src\":\"https:\\\/\\\/www.medellin.gov.co\\\/es\\\/wp-includes\\\/images\\\/media\\\/audio.png\",\"width\":48,\"height\":64},\"thumb\":{\"src\":\"https:\\\/\\\/www.medellin.gov.co\\\/es\\\/wp-includes\\\/images\\\/media\\\/audio.png\",\"width\":48,\"height\":64}}]}<\/script>\n<\/div>\n\t\n<p>Una de las propuestas es Lo esencial es invisible a los ojos, obra de teatro con artistas ciegos y sordos. Se presentar\u00e1 el viernes 19 de septiembre, a las 5:00 p. m., en la Tarima Sura. Asimismo, El Show del Principito tendr\u00e1 funciones los d\u00edas 19, 20 y 21 de septiembre, a las 5:00 p. m., en el Domo del Planetario Distrital. El espect\u00e1culo, con entrada libre, ofrece una experiencia que integra ciencia, arte y literatura.<\/p>\n<p><a href=\"https:\/\/www.medellin.gov.co\/es\/wp-content\/uploads\/2025\/09\/Imagen-del-libro-El-Principito.jpg\" target=\"_blank\" rel=\"noopener\"><img loading=\"lazy\" class=\"alignnone wp-image-456643 size-full\" src=\"https:\/\/www.medellin.gov.co\/es\/wp-content\/uploads\/2025\/09\/Imagen-del-libro-El-Principito.jpg\" alt=\"Imagen del libro El Principito\" width=\"1140\" height=\"760\" srcset=\"https:\/\/www.medellin.gov.co\/es\/wp-content\/uploads\/2025\/09\/Imagen-del-libro-El-Principito.jpg 1140w, https:\/\/www.medellin.gov.co\/es\/wp-content\/uploads\/2025\/09\/Imagen-del-libro-El-Principito-300x200.jpg 300w, https:\/\/www.medellin.gov.co\/es\/wp-content\/uploads\/2025\/09\/Imagen-del-libro-El-Principito-1024x683.jpg 1024w, https:\/\/www.medellin.gov.co\/es\/wp-content\/uploads\/2025\/09\/Imagen-del-libro-El-Principito-150x100.jpg 150w, https:\/\/www.medellin.gov.co\/es\/wp-content\/uploads\/2025\/09\/Imagen-del-libro-El-Principito-768x512.jpg 768w\" sizes=\"(max-width: 1140px) 100vw, 1140px\" \/><\/a><\/p>\n<p>El Cuent\u00f3dromo tendr\u00e1 diversas narraciones. El s\u00e1bado 20 de septiembre, a las 4:00 p. m., se realizar\u00e1 El Principito de paso por Fiesta, un recorrido por historias y personajes, desde Cosiaca hasta los narradores orales contempor\u00e1neos, a cargo de Cuento al Parque. El domingo 21 de septiembre, a las 7:00 p. m., la Alianza Francesa de Medell\u00edn presentar\u00e1 El Principito: en busca de lo esencial, una historia biling\u00fce, en franc\u00e9s y espa\u00f1ol, que combina narraci\u00f3n oral y teatro.<\/p>\n<p><a href=\"https:\/\/www.medellin.gov.co\/es\/wp-content\/uploads\/2025\/09\/Imagen-de-narrador-del-libro-El-Principito.jpg\" target=\"_blank\" rel=\"noopener\"><img loading=\"lazy\" class=\"alignnone wp-image-456650 size-full\" src=\"https:\/\/www.medellin.gov.co\/es\/wp-content\/uploads\/2025\/09\/Imagen-de-narrador-del-libro-El-Principito.jpg\" alt=\"Imagen de narrador del libro El Principito\" width=\"1141\" height=\"760\" srcset=\"https:\/\/www.medellin.gov.co\/es\/wp-content\/uploads\/2025\/09\/Imagen-de-narrador-del-libro-El-Principito.jpg 1141w, https:\/\/www.medellin.gov.co\/es\/wp-content\/uploads\/2025\/09\/Imagen-de-narrador-del-libro-El-Principito-300x200.jpg 300w, https:\/\/www.medellin.gov.co\/es\/wp-content\/uploads\/2025\/09\/Imagen-de-narrador-del-libro-El-Principito-1024x682.jpg 1024w, https:\/\/www.medellin.gov.co\/es\/wp-content\/uploads\/2025\/09\/Imagen-de-narrador-del-libro-El-Principito-150x100.jpg 150w, https:\/\/www.medellin.gov.co\/es\/wp-content\/uploads\/2025\/09\/Imagen-de-narrador-del-libro-El-Principito-768x512.jpg 768w\" sizes=\"(max-width: 1141px) 100vw, 1141px\" \/><\/a><\/p>\n<p>Las exposiciones tambi\u00e9n ocupar\u00e1n un lugar destacado con El planeta donde nacen las preguntas, de Comfenalco Antioquia, y La rosa y el farolero, de Eventos del Libro, propuestas visuales y po\u00e9ticas que exploran los s\u00edmbolos de la obra. A su vez, Jard\u00edn Lectura Viva ofrecer\u00e1 experiencias l\u00fadicas y creativas para que ni\u00f1as, ni\u00f1os, j\u00f3venes y familias se gocen este \u00faltimo fin de semana.<\/p>\n<p>La programaci\u00f3n est\u00e1 disponible en <a href=\"http:\/\/www.fiestadellibroylacultura.com\" target=\"_blank\" rel=\"noopener\">www.fiestadellibroylacultura.com<\/a> y en las redes sociales @fiestalibro y @cultura.med.<\/p>\n","protected":false},"excerpt":{"rendered":"<p>En sus \u00faltimos d\u00edas, la Fiesta del Libro y la Cultura invita a sumarse a la programaci\u00f3n dedicada a El Principito. La obra de Antoine de Saint-Exup\u00e9ry celebra 80 a\u00f1os desde su publicaci\u00f3n y en &#8230;<\/p>\n","protected":false},"author":21,"featured_media":456646,"comment_status":"open","ping_status":"open","sticky":false,"template":"","format":"standard","meta":[],"categories":[31],"tags":[444,428],"formato_nota":[],"programas_tax":[],"acf":[],"_links":{"self":[{"href":"https:\/\/www.medellin.gov.co\/es\/wp-json\/wp\/v2\/posts\/456629"}],"collection":[{"href":"https:\/\/www.medellin.gov.co\/es\/wp-json\/wp\/v2\/posts"}],"about":[{"href":"https:\/\/www.medellin.gov.co\/es\/wp-json\/wp\/v2\/types\/post"}],"author":[{"embeddable":true,"href":"https:\/\/www.medellin.gov.co\/es\/wp-json\/wp\/v2\/users\/21"}],"replies":[{"embeddable":true,"href":"https:\/\/www.medellin.gov.co\/es\/wp-json\/wp\/v2\/comments?post=456629"}],"version-history":[{"count":2,"href":"https:\/\/www.medellin.gov.co\/es\/wp-json\/wp\/v2\/posts\/456629\/revisions"}],"predecessor-version":[{"id":456662,"href":"https:\/\/www.medellin.gov.co\/es\/wp-json\/wp\/v2\/posts\/456629\/revisions\/456662"}],"wp:featuredmedia":[{"embeddable":true,"href":"https:\/\/www.medellin.gov.co\/es\/wp-json\/wp\/v2\/media\/456646"}],"wp:attachment":[{"href":"https:\/\/www.medellin.gov.co\/es\/wp-json\/wp\/v2\/media?parent=456629"}],"wp:term":[{"taxonomy":"category","embeddable":true,"href":"https:\/\/www.medellin.gov.co\/es\/wp-json\/wp\/v2\/categories?post=456629"},{"taxonomy":"post_tag","embeddable":true,"href":"https:\/\/www.medellin.gov.co\/es\/wp-json\/wp\/v2\/tags?post=456629"},{"taxonomy":"formato_nota","embeddable":true,"href":"https:\/\/www.medellin.gov.co\/es\/wp-json\/wp\/v2\/formato_nota?post=456629"},{"taxonomy":"programas_tax","embeddable":true,"href":"https:\/\/www.medellin.gov.co\/es\/wp-json\/wp\/v2\/programas_tax?post=456629"}],"curies":[{"name":"wp","href":"https:\/\/api.w.org\/{rel}","templated":true}]}}