{"id":456671,"date":"2025-09-19T12:33:14","date_gmt":"2025-09-19T17:33:14","guid":{"rendered":"https:\/\/www.medellin.gov.co\/es\/?p=456671"},"modified":"2025-09-19T12:33:14","modified_gmt":"2025-09-19T17:33:14","slug":"medellin-tiene-un-nuevo-entorno-protector-y-de-formacion-de-liderazgos-desde-temprana-edad-la-cantera","status":"publish","type":"post","link":"https:\/\/www.medellin.gov.co\/es\/sala-de-prensa\/noticias\/medellin-tiene-un-nuevo-entorno-protector-y-de-formacion-de-liderazgos-desde-temprana-edad-la-cantera\/","title":{"rendered":"Medell\u00edn tiene un nuevo entorno protector y de formaci\u00f3n de liderazgos desde temprana edad: La Cantera"},"content":{"rendered":"<ul>\n<li>500 ni\u00f1as, ni\u00f1os y adolescentes comienzan su formaci\u00f3n en liderazgo y ciudadan\u00eda a trav\u00e9s de esta iniciativa.<\/li>\n<li>Aprender\u00e1n sobre \u00e9tica del cuidado, desaf\u00edos de Colombia y dise\u00f1o de proyectos de participaci\u00f3n ciudadana.<\/li>\n<li>De la mano de Tejiendo Hogares adquirir\u00e1n herramientas socioemocionales.<\/li>\n<\/ul>\n<!--[if lt IE 9]><script>document.createElement('audio');<\/script><![endif]-->\n\t<div class=\"wp-playlist wp-audio-playlist wp-playlist-light\">\n\t\t\t<div class=\"wp-playlist-current-item\"><\/div>\n\t\t<audio controls=\"controls\" preload=\"none\" width=\"640\"\n\t\t\t><\/audio>\n\t<div class=\"wp-playlist-next\"><\/div>\n\t<div class=\"wp-playlist-prev\"><\/div>\n\t<noscript>\n\t<ol>\n\t\t<li><a href='https:\/\/www.medellin.gov.co\/es\/wp-content\/uploads\/2025\/09\/Declaraciones-de-la-secretaria-de-Inclusion-Social-y-Familia-Luz-Maria-Ramirez-2.mp3'>Declaraciones de la secretaria de Inclusi\u00f3n Social y Familia, Luz Mar\u00eda Ram\u00edrez<\/a><\/li><li><a href='https:\/\/www.medellin.gov.co\/es\/wp-content\/uploads\/2025\/09\/Declaraciones-del-secretario-de-la-Juventud-Ricardo-Jaramillo-Velez.mp3'>Declaraciones del secretario de la Juventud, Ricardo Jaramillo V\u00e9lez<\/a><\/li><li><a href='https:\/\/www.medellin.gov.co\/es\/wp-content\/uploads\/2025\/09\/Declaraciones-de-la-participante-Sara-Sofia-Vergara.mp3'>Declaraciones de la participante, Sara Sofia Vergara<\/a><\/li>\t<\/ol>\n\t<\/noscript>\n\t<script type=\"application\/json\" class=\"wp-playlist-script\">{\"type\":\"audio\",\"tracklist\":true,\"tracknumbers\":true,\"images\":true,\"artists\":true,\"tracks\":[{\"src\":\"https:\\\/\\\/www.medellin.gov.co\\\/es\\\/wp-content\\\/uploads\\\/2025\\\/09\\\/Declaraciones-de-la-secretaria-de-Inclusion-Social-y-Familia-Luz-Maria-Ramirez-2.mp3\",\"type\":\"audio\\\/mpeg\",\"title\":\"Declaraciones de la secretaria de Inclusi\\u00f3n Social y Familia, Luz Mar\\u00eda Ram\\u00edrez\",\"caption\":\"\",\"description\":\"\\u00abDeclaraciones de la secretaria de Inclusi\\u00f3n Social y Familia, Luz Mar\\u00eda Ram\\u00edrez\\u00bb. \",\"meta\":{\"genre\":\"Blues\",\"length_formatted\":\"0:46\"},\"image\":{\"src\":\"https:\\\/\\\/www.medellin.gov.co\\\/es\\\/wp-includes\\\/images\\\/media\\\/audio.png\",\"width\":48,\"height\":64},\"thumb\":{\"src\":\"https:\\\/\\\/www.medellin.gov.co\\\/es\\\/wp-includes\\\/images\\\/media\\\/audio.png\",\"width\":48,\"height\":64}},{\"src\":\"https:\\\/\\\/www.medellin.gov.co\\\/es\\\/wp-content\\\/uploads\\\/2025\\\/09\\\/Declaraciones-del-secretario-de-la-Juventud-Ricardo-Jaramillo-Velez.mp3\",\"type\":\"audio\\\/mpeg\",\"title\":\"Declaraciones del secretario de la Juventud, Ricardo Jaramillo V\\u00e9lez\",\"caption\":\"\",\"description\":\"\\u00abDeclaraciones del secretario de la Juventud, Ricardo Jaramillo V\\u00e9lez\\u00bb. G\\u00e9nero: Blues.\",\"meta\":{\"genre\":\"Blues\",\"length_formatted\":\"0:40\"},\"image\":{\"src\":\"https:\\\/\\\/www.medellin.gov.co\\\/es\\\/wp-includes\\\/images\\\/media\\\/audio.png\",\"width\":48,\"height\":64},\"thumb\":{\"src\":\"https:\\\/\\\/www.medellin.gov.co\\\/es\\\/wp-includes\\\/images\\\/media\\\/audio.png\",\"width\":48,\"height\":64}},{\"src\":\"https:\\\/\\\/www.medellin.gov.co\\\/es\\\/wp-content\\\/uploads\\\/2025\\\/09\\\/Declaraciones-de-la-participante-Sara-Sofia-Vergara.mp3\",\"type\":\"audio\\\/mpeg\",\"title\":\"Declaraciones de la participante, Sara Sofia Vergara\",\"caption\":\"\",\"description\":\"\\u00abDeclaraciones de la participante, Sara Sofia Vergara\\u00bb. \",\"meta\":{\"genre\":\"Blues\",\"length_formatted\":\"1:20\"},\"image\":{\"src\":\"https:\\\/\\\/www.medellin.gov.co\\\/es\\\/wp-includes\\\/images\\\/media\\\/audio.png\",\"width\":48,\"height\":64},\"thumb\":{\"src\":\"https:\\\/\\\/www.medellin.gov.co\\\/es\\\/wp-includes\\\/images\\\/media\\\/audio.png\",\"width\":48,\"height\":64}}]}<\/script>\n<\/div>\n\t\n<p>La Alcald\u00eda de Medell\u00edn, a trav\u00e9s de la Secretar\u00eda de Inclusi\u00f3n Social y Familia en compa\u00f1\u00eda de la Secretar\u00eda de la Juventud, dio inicio a La Cantera, un espacio de preparaci\u00f3n y formaci\u00f3n que acompa\u00f1a y potencia los nuevos liderazgos de la ciudad, con la participaci\u00f3n de 500 ni\u00f1as, ni\u00f1os y adolescentes entre los 7 y 17 a\u00f1os.<\/p>\n<p>\u201c<em>Con La Cantera quisimos resignificar los Consejos de Infancia y Adolescencia, brindando un espacio formativo, no solamente para temas de liderazgo, sino tambi\u00e9n para entregar herramientas que construyan su proyecto de vida integral, a trav\u00e9s de Tejiendo Hogares. La Cantera es una de las iniciativas con la cual buscamos proteger a las ni\u00f1as, ni\u00f1os y adolescentes para que tengan entornos m\u00e1s seguros y protectores<\/em>\u201d, explic\u00f3 la secretaria de Inclusi\u00f3n Social y Familia, Luz Mar\u00eda Ram\u00edrez.<\/p>\n<p><a href=\"https:\/\/www.medellin.gov.co\/es\/wp-content\/uploads\/2025\/09\/Imagen-de-estudiantes-sentados.jpg\" target=\"_blank\" rel=\"noopener\"><img loading=\"lazy\" class=\"alignnone wp-image-456657 size-full\" src=\"https:\/\/www.medellin.gov.co\/es\/wp-content\/uploads\/2025\/09\/Imagen-de-estudiantes-sentados.jpg\" alt=\"Imagen de estudiantes sentados\" width=\"1280\" height=\"719\" srcset=\"https:\/\/www.medellin.gov.co\/es\/wp-content\/uploads\/2025\/09\/Imagen-de-estudiantes-sentados.jpg 1280w, https:\/\/www.medellin.gov.co\/es\/wp-content\/uploads\/2025\/09\/Imagen-de-estudiantes-sentados-300x169.jpg 300w, https:\/\/www.medellin.gov.co\/es\/wp-content\/uploads\/2025\/09\/Imagen-de-estudiantes-sentados-1024x575.jpg 1024w, https:\/\/www.medellin.gov.co\/es\/wp-content\/uploads\/2025\/09\/Imagen-de-estudiantes-sentados-150x84.jpg 150w, https:\/\/www.medellin.gov.co\/es\/wp-content\/uploads\/2025\/09\/Imagen-de-estudiantes-sentados-768x431.jpg 768w\" sizes=\"(max-width: 1280px) 100vw, 1280px\" \/><\/a><\/p>\n<p>La Cantera est\u00e1 articulada con Tejiendo Hogares, proyecto estrat\u00e9gico liderado por la primera dama, Margarita Mar\u00eda G\u00f3mez Mar\u00edn. A trav\u00e9s de esta iniciativa se entregan herramientas que les permiten a los participantes reconocer sus capacidades, construir su proyecto de vida y fortalecer sus habilidades socioemocionales, promoviendo entornos familiares y comunitarios m\u00e1s protectores.<\/p>\n<p>En los encuentros se abordan temas como liderazgo pol\u00edtico y contempor\u00e1neo, \u00e9tica del cuidado, desaf\u00edos en Colombia y dise\u00f1o de proyectos de participaci\u00f3n ciudadana. La metodolog\u00eda combina actividades pr\u00e1cticas con espacios de di\u00e1logo, junto a invitados que son referentes en el \u00e1mbito empresarial, social y pol\u00edtico a nivel nacional.<\/p>\n<p><a href=\"https:\/\/www.medellin.gov.co\/es\/wp-content\/uploads\/2025\/09\/Imagen-de-jovenes-participando-de-una-dinamica.jpg\" target=\"_blank\" rel=\"noopener\"><img loading=\"lazy\" class=\"alignnone wp-image-456652 size-full\" src=\"https:\/\/www.medellin.gov.co\/es\/wp-content\/uploads\/2025\/09\/Imagen-de-jovenes-participando-de-una-dinamica.jpg\" alt=\"Imagen de j\u00f3venes participando de una din\u00e1mica\" width=\"1280\" height=\"720\" srcset=\"https:\/\/www.medellin.gov.co\/es\/wp-content\/uploads\/2025\/09\/Imagen-de-jovenes-participando-de-una-dinamica.jpg 1280w, https:\/\/www.medellin.gov.co\/es\/wp-content\/uploads\/2025\/09\/Imagen-de-jovenes-participando-de-una-dinamica-300x169.jpg 300w, https:\/\/www.medellin.gov.co\/es\/wp-content\/uploads\/2025\/09\/Imagen-de-jovenes-participando-de-una-dinamica-1024x576.jpg 1024w, https:\/\/www.medellin.gov.co\/es\/wp-content\/uploads\/2025\/09\/Imagen-de-jovenes-participando-de-una-dinamica-150x84.jpg 150w, https:\/\/www.medellin.gov.co\/es\/wp-content\/uploads\/2025\/09\/Imagen-de-jovenes-participando-de-una-dinamica-768x432.jpg 768w\" sizes=\"(max-width: 1280px) 100vw, 1280px\" \/><\/a><\/p>\n<p>\u201c<em>En Medell\u00edn creemos en la capacidad de nuestras ni\u00f1as, ni\u00f1os y adolescentes para transformar la ciudad. Con La Cantera fortalecemos el liderazgo desde temprana\u00a0<\/em><em>edad, les damos herramientas para que reconozcan su voz, desarrollen sus talentos y se conviertan en protagonistas que incidan en su comunidad. Promovemos espacios que forman ciudadan\u00eda desde la ni\u00f1ez<\/em>\u201d, dijo el secretario de la Juventud, Ricardo Jaramillo V\u00e9lez.<\/p>\n<p>Este espacio cumple con lo establecido en el Acuerdo # 143 de 2019, mediante el cual se crearon los Consejos de Participaci\u00f3n, reconociendo la incidencia pol\u00edtica de la ni\u00f1ez y promoviendo escenarios donde puedan expresar sus opiniones, ser escuchados y participar de manera activa en la construcci\u00f3n de su entorno.<\/p>\n<p>Esta iniciativa se suma a las estrategias de la Administraci\u00f3n Distrital para crear entornos protectores, alejar a la ni\u00f1ez y adolescencia de contextos de riesgo y que adquieran herramientas para fortalecer su proyecto de vida.<\/p>\n","protected":false},"excerpt":{"rendered":"<p>500 ni\u00f1as, ni\u00f1os y adolescentes comienzan su formaci\u00f3n en liderazgo y ciudadan\u00eda a trav\u00e9s de esta iniciativa. Aprender\u00e1n sobre \u00e9tica del cuidado, desaf\u00edos de Colombia y dise\u00f1o de proyectos de participaci\u00f3n ciudadana. De la mano &#8230;<\/p>\n","protected":false},"author":21,"featured_media":456658,"comment_status":"open","ping_status":"open","sticky":false,"template":"","format":"standard","meta":[],"categories":[285,706,12],"tags":[451,704,455],"formato_nota":[],"programas_tax":[],"acf":[],"_links":{"self":[{"href":"https:\/\/www.medellin.gov.co\/es\/wp-json\/wp\/v2\/posts\/456671"}],"collection":[{"href":"https:\/\/www.medellin.gov.co\/es\/wp-json\/wp\/v2\/posts"}],"about":[{"href":"https:\/\/www.medellin.gov.co\/es\/wp-json\/wp\/v2\/types\/post"}],"author":[{"embeddable":true,"href":"https:\/\/www.medellin.gov.co\/es\/wp-json\/wp\/v2\/users\/21"}],"replies":[{"embeddable":true,"href":"https:\/\/www.medellin.gov.co\/es\/wp-json\/wp\/v2\/comments?post=456671"}],"version-history":[{"count":1,"href":"https:\/\/www.medellin.gov.co\/es\/wp-json\/wp\/v2\/posts\/456671\/revisions"}],"predecessor-version":[{"id":456673,"href":"https:\/\/www.medellin.gov.co\/es\/wp-json\/wp\/v2\/posts\/456671\/revisions\/456673"}],"wp:featuredmedia":[{"embeddable":true,"href":"https:\/\/www.medellin.gov.co\/es\/wp-json\/wp\/v2\/media\/456658"}],"wp:attachment":[{"href":"https:\/\/www.medellin.gov.co\/es\/wp-json\/wp\/v2\/media?parent=456671"}],"wp:term":[{"taxonomy":"category","embeddable":true,"href":"https:\/\/www.medellin.gov.co\/es\/wp-json\/wp\/v2\/categories?post=456671"},{"taxonomy":"post_tag","embeddable":true,"href":"https:\/\/www.medellin.gov.co\/es\/wp-json\/wp\/v2\/tags?post=456671"},{"taxonomy":"formato_nota","embeddable":true,"href":"https:\/\/www.medellin.gov.co\/es\/wp-json\/wp\/v2\/formato_nota?post=456671"},{"taxonomy":"programas_tax","embeddable":true,"href":"https:\/\/www.medellin.gov.co\/es\/wp-json\/wp\/v2\/programas_tax?post=456671"}],"curies":[{"name":"wp","href":"https:\/\/api.w.org\/{rel}","templated":true}]}}