{"id":456830,"date":"2025-09-19T16:15:37","date_gmt":"2025-09-19T21:15:37","guid":{"rendered":"https:\/\/www.medellin.gov.co\/es\/?p=456830"},"modified":"2025-09-19T16:15:37","modified_gmt":"2025-09-19T21:15:37","slug":"amor-y-amistad-sin-violencias-la-alcaldia-de-medellin-refuerza-la-atencion-y-la-prevencion-durante-esta-celebracion","status":"publish","type":"post","link":"https:\/\/www.medellin.gov.co\/es\/sala-de-prensa\/noticias\/amor-y-amistad-sin-violencias-la-alcaldia-de-medellin-refuerza-la-atencion-y-la-prevencion-durante-esta-celebracion\/","title":{"rendered":"Amor y Amistad sin violencias: la Alcald\u00eda de Medell\u00edn refuerza la atenci\u00f3n y la prevenci\u00f3n durante esta celebraci\u00f3n"},"content":{"rendered":"<ul>\n<li>Los mecanismos est\u00e1n disponibles las 24 horas para proteger la vida y la seguridad de las mujeres.<\/li>\n<li>M\u00e1s de 600 uniformados de la <a href=\"https:\/\/www.policia.gov.co\/antioquia\" target=\"_blank\" rel=\"noopener\">Polic\u00eda<\/a>, en articulaci\u00f3n con el Ej\u00e9rcito y gestores territoriales, estar\u00e1n en operativos y campa\u00f1as preventivas.<\/li>\n<\/ul>\n<!--[if lt IE 9]><script>document.createElement('audio');<\/script><![endif]-->\n\t<div class=\"wp-playlist wp-audio-playlist wp-playlist-light\">\n\t\t\t<div class=\"wp-playlist-current-item\"><\/div>\n\t\t<audio controls=\"controls\" preload=\"none\" width=\"640\"\n\t\t\t><\/audio>\n\t<div class=\"wp-playlist-next\"><\/div>\n\t<div class=\"wp-playlist-prev\"><\/div>\n\t<noscript>\n\t<ol>\n\t\t<li><a href='https:\/\/www.medellin.gov.co\/es\/wp-content\/uploads\/2025\/09\/Declaraciones-de-la-secretaria-de-Mujeres-Valeria-Molina-1.mp3'>Declaraciones de la secretaria de Mujeres, Valeria Molina<\/a><\/li><li><a href='https:\/\/www.medellin.gov.co\/es\/wp-content\/uploads\/2025\/09\/Declaraciones-del-secretario-de-Seguridad-y-y-Convivencia-Manuel-Villa-Mejia.mp3'>Declaraciones del secretario de Seguridad y y Convivencia, Manuel Villa Mej\u00eda<\/a><\/li>\t<\/ol>\n\t<\/noscript>\n\t<script type=\"application\/json\" class=\"wp-playlist-script\">{\"type\":\"audio\",\"tracklist\":true,\"tracknumbers\":true,\"images\":true,\"artists\":true,\"tracks\":[{\"src\":\"https:\\\/\\\/www.medellin.gov.co\\\/es\\\/wp-content\\\/uploads\\\/2025\\\/09\\\/Declaraciones-de-la-secretaria-de-Mujeres-Valeria-Molina-1.mp3\",\"type\":\"audio\\\/mpeg\",\"title\":\"Declaraciones de la secretaria de Mujeres, Valeria Molina\",\"caption\":\"\",\"description\":\"\\u00abDeclaraciones de la secretaria de Mujeres, Valeria Molina\\u00bb. \",\"meta\":{\"genre\":\"Blues\",\"length_formatted\":\"1:01\"},\"image\":{\"src\":\"https:\\\/\\\/www.medellin.gov.co\\\/es\\\/wp-includes\\\/images\\\/media\\\/audio.png\",\"width\":48,\"height\":64},\"thumb\":{\"src\":\"https:\\\/\\\/www.medellin.gov.co\\\/es\\\/wp-includes\\\/images\\\/media\\\/audio.png\",\"width\":48,\"height\":64}},{\"src\":\"https:\\\/\\\/www.medellin.gov.co\\\/es\\\/wp-content\\\/uploads\\\/2025\\\/09\\\/Declaraciones-del-secretario-de-Seguridad-y-y-Convivencia-Manuel-Villa-Mejia.mp3\",\"type\":\"audio\\\/mpeg\",\"title\":\"Declaraciones del secretario de Seguridad y y Convivencia, Manuel Villa Mej\\u00eda\",\"caption\":\"\",\"description\":\"\\u00abDeclaraciones del secretario de Seguridad y y Convivencia, Manuel Villa Mej\\u00eda\\u00bb. G\\u00e9nero: Blues.\",\"meta\":{\"genre\":\"Blues\",\"length_formatted\":\"1:04\"},\"image\":{\"src\":\"https:\\\/\\\/www.medellin.gov.co\\\/es\\\/wp-includes\\\/images\\\/media\\\/audio.png\",\"width\":48,\"height\":64},\"thumb\":{\"src\":\"https:\\\/\\\/www.medellin.gov.co\\\/es\\\/wp-includes\\\/images\\\/media\\\/audio.png\",\"width\":48,\"height\":64}}]}<\/script>\n<\/div>\n\t\n<p>La Alcald\u00eda de Medell\u00edn invita a vivir la celebraci\u00f3n de Amor y Amistad desde el respeto y la igualdad, rechazando cualquier forma de violencia y para garantizar la prevenci\u00f3n de las violencias basadas en g\u00e9nero, en esta fecha, la Administraci\u00f3n Distrital refuerza la disponibilidad de sus mecanismos de atenci\u00f3n y protecci\u00f3n, como la L\u00ednea 123 Agencia Mujer que funciona las 24 horas, los siete d\u00edas de la semana. Tambi\u00e9n, se encuentran el Mecanismo de Defensa T\u00e9cnica, Protecci\u00f3n Integral y Atenci\u00f3n Psicojur\u00eddica en Territorio.<\/p>\n<p>Adicionalmente, durante esta semana los equipos territoriales han liderado jornadas de sensibilizaci\u00f3n en comunidades, con el prop\u00f3sito de desmontar mitos del amor que reproducen violencias, como \u201cporque te quiere te cela\u201d o \u201cel amor todo lo puede\u201d.<\/p>\n<p><a href=\"https:\/\/www.medellin.gov.co\/es\/wp-content\/uploads\/2025\/09\/Imagen-de-hombre-peinando-a-una-nina.jpg\" target=\"_blank\" rel=\"noopener\"><img loading=\"lazy\" class=\"alignnone wp-image-456837 size-full\" src=\"https:\/\/www.medellin.gov.co\/es\/wp-content\/uploads\/2025\/09\/Imagen-de-hombre-peinando-a-una-nina.jpg\" alt=\"Imagen de hombre peinando a una ni\u00f1a\" width=\"1141\" height=\"760\" srcset=\"https:\/\/www.medellin.gov.co\/es\/wp-content\/uploads\/2025\/09\/Imagen-de-hombre-peinando-a-una-nina.jpg 1141w, https:\/\/www.medellin.gov.co\/es\/wp-content\/uploads\/2025\/09\/Imagen-de-hombre-peinando-a-una-nina-300x200.jpg 300w, https:\/\/www.medellin.gov.co\/es\/wp-content\/uploads\/2025\/09\/Imagen-de-hombre-peinando-a-una-nina-1024x682.jpg 1024w, https:\/\/www.medellin.gov.co\/es\/wp-content\/uploads\/2025\/09\/Imagen-de-hombre-peinando-a-una-nina-150x100.jpg 150w, https:\/\/www.medellin.gov.co\/es\/wp-content\/uploads\/2025\/09\/Imagen-de-hombre-peinando-a-una-nina-768x512.jpg 768w\" sizes=\"(max-width: 1141px) 100vw, 1141px\" \/><\/a><\/p>\n<p>\u201c<em>En Medell\u00edn creemos en un Amor y Amistad libres de violencias. Ning\u00fan mito ni excusa justifica una agresi\u00f3n. Desde la Secretar\u00eda de las Mujeres estamos trabajando con mujeres y hombres, de la mano de la Escuela Hombres como Vos, para construir relaciones basadas en el cuidado, la corresponsabilidad y el respeto. Nuestros mecanismos de atenci\u00f3n est\u00e1n activos 24\/7 para acompa\u00f1ar y proteger a todas las mujeres que lo necesiten<\/em>\u201d, afirm\u00f3 la secretaria de las Mujeres, Valeria Molina.<\/p>\n<p>Hist\u00f3ricamente, esta fecha ha estado marcada por un incremento en los incidentes de violencias de g\u00e9nero: durante el fin de semana de Amor y Amistad de 2024, la L\u00ednea 123 Agencia Mujer atendi\u00f3 1.022 casos y se presentaron 375 ri\u00f1as.<\/p>\n<p><a href=\"https:\/\/www.medellin.gov.co\/es\/wp-content\/uploads\/2025\/09\/Imagen-de-panelistas-en-evento-de-Alcaldia.jpg\" target=\"_blank\" rel=\"noopener\"><img loading=\"lazy\" class=\"alignnone wp-image-456835 size-full\" src=\"https:\/\/www.medellin.gov.co\/es\/wp-content\/uploads\/2025\/09\/Imagen-de-panelistas-en-evento-de-Alcaldia.jpg\" alt=\"Imagen de panelistas en evento de Alcald\u00eda\" width=\"1141\" height=\"760\" srcset=\"https:\/\/www.medellin.gov.co\/es\/wp-content\/uploads\/2025\/09\/Imagen-de-panelistas-en-evento-de-Alcaldia.jpg 1141w, https:\/\/www.medellin.gov.co\/es\/wp-content\/uploads\/2025\/09\/Imagen-de-panelistas-en-evento-de-Alcaldia-300x200.jpg 300w, https:\/\/www.medellin.gov.co\/es\/wp-content\/uploads\/2025\/09\/Imagen-de-panelistas-en-evento-de-Alcaldia-1024x682.jpg 1024w, https:\/\/www.medellin.gov.co\/es\/wp-content\/uploads\/2025\/09\/Imagen-de-panelistas-en-evento-de-Alcaldia-150x100.jpg 150w, https:\/\/www.medellin.gov.co\/es\/wp-content\/uploads\/2025\/09\/Imagen-de-panelistas-en-evento-de-Alcaldia-768x512.jpg 768w\" sizes=\"(max-width: 1141px) 100vw, 1141px\" \/><\/a><\/p>\n<p>\u201c<em>Desde la Alcald\u00eda de Medell\u00edn, junto con la Polic\u00eda, el Ej\u00e9rcito y todo nuestro equipo de gestores, estamos en el territorio para acompa\u00f1ar a la ciudadan\u00eda y<\/em><\/p>\n<p><em>garantizar que estas festividades transcurran en paz y convivencia. M\u00e1s de 600 uniformados de la Polic\u00eda, apoyados por personal del Ej\u00e9rcito, estar\u00e1n en operativos permanentes en discotecas, bares, restaurantes y zonas comerciales, as\u00ed como en los barrios, durante las celebraciones nocturnas<\/em>\u201d, se\u00f1al\u00f3 el secretario de Seguridad y Convivencia, Manuel Villa Mej\u00eda.<\/p>\n<p>Paralelamente, los gestores territoriales adelantan una campa\u00f1a preventiva con recomendaciones frente a las ri\u00f1as y al consumo irresponsable de alcohol, recordando que el verdadero sentido de esta fecha es compartir en tranquilidad.<\/p>\n","protected":false},"excerpt":{"rendered":"<p>Los mecanismos est\u00e1n disponibles las 24 horas para proteger la vida y la seguridad de las mujeres. M\u00e1s de 600 uniformados de la Polic\u00eda, en articulaci\u00f3n con el Ej\u00e9rcito y gestores territoriales, estar\u00e1n en operativos &#8230;<\/p>\n","protected":false},"author":21,"featured_media":456838,"comment_status":"open","ping_status":"open","sticky":false,"template":"","format":"standard","meta":[],"categories":[15,21],"tags":[619],"formato_nota":[],"programas_tax":[],"acf":[],"_links":{"self":[{"href":"https:\/\/www.medellin.gov.co\/es\/wp-json\/wp\/v2\/posts\/456830"}],"collection":[{"href":"https:\/\/www.medellin.gov.co\/es\/wp-json\/wp\/v2\/posts"}],"about":[{"href":"https:\/\/www.medellin.gov.co\/es\/wp-json\/wp\/v2\/types\/post"}],"author":[{"embeddable":true,"href":"https:\/\/www.medellin.gov.co\/es\/wp-json\/wp\/v2\/users\/21"}],"replies":[{"embeddable":true,"href":"https:\/\/www.medellin.gov.co\/es\/wp-json\/wp\/v2\/comments?post=456830"}],"version-history":[{"count":1,"href":"https:\/\/www.medellin.gov.co\/es\/wp-json\/wp\/v2\/posts\/456830\/revisions"}],"predecessor-version":[{"id":456850,"href":"https:\/\/www.medellin.gov.co\/es\/wp-json\/wp\/v2\/posts\/456830\/revisions\/456850"}],"wp:featuredmedia":[{"embeddable":true,"href":"https:\/\/www.medellin.gov.co\/es\/wp-json\/wp\/v2\/media\/456838"}],"wp:attachment":[{"href":"https:\/\/www.medellin.gov.co\/es\/wp-json\/wp\/v2\/media?parent=456830"}],"wp:term":[{"taxonomy":"category","embeddable":true,"href":"https:\/\/www.medellin.gov.co\/es\/wp-json\/wp\/v2\/categories?post=456830"},{"taxonomy":"post_tag","embeddable":true,"href":"https:\/\/www.medellin.gov.co\/es\/wp-json\/wp\/v2\/tags?post=456830"},{"taxonomy":"formato_nota","embeddable":true,"href":"https:\/\/www.medellin.gov.co\/es\/wp-json\/wp\/v2\/formato_nota?post=456830"},{"taxonomy":"programas_tax","embeddable":true,"href":"https:\/\/www.medellin.gov.co\/es\/wp-json\/wp\/v2\/programas_tax?post=456830"}],"curies":[{"name":"wp","href":"https:\/\/api.w.org\/{rel}","templated":true}]}}