{"id":456853,"date":"2025-09-19T16:20:12","date_gmt":"2025-09-19T21:20:12","guid":{"rendered":"https:\/\/www.medellin.gov.co\/es\/?p=456853"},"modified":"2025-09-19T16:20:12","modified_gmt":"2025-09-19T21:20:12","slug":"la-fiesta-del-libro-y-la-cultura-invita-a-pensar-a-medellin-bajo-el-mismo-cielo-y-sobre-el-mismo-valle","status":"publish","type":"post","link":"https:\/\/www.medellin.gov.co\/es\/sala-de-prensa\/noticias\/la-fiesta-del-libro-y-la-cultura-invita-a-pensar-a-medellin-bajo-el-mismo-cielo-y-sobre-el-mismo-valle\/","title":{"rendered":"La Fiesta del Libro y la Cultura invita a pensar a Medell\u00edn bajo el mismo cielo y sobre el mismo valle"},"content":{"rendered":"<ul>\n<li>La franja Medell\u00edn+350 es un espacio para dialogar sobre las transformaciones sociales, culturales y urbanas que han marcado a la ciudad desde el siglo XIX y hasta hoy.<\/li>\n<\/ul>\n<!--[if lt IE 9]><script>document.createElement('audio');<\/script><![endif]-->\n\t<div class=\"wp-playlist wp-audio-playlist wp-playlist-light\">\n\t\t\t<div class=\"wp-playlist-current-item\"><\/div>\n\t\t<audio controls=\"controls\" preload=\"none\" width=\"640\"\n\t\t\t><\/audio>\n\t<div class=\"wp-playlist-next\"><\/div>\n\t<div class=\"wp-playlist-prev\"><\/div>\n\t<noscript>\n\t<ol>\n\t\t<li><a href='https:\/\/www.medellin.gov.co\/es\/wp-content\/uploads\/2025\/09\/Declaraciones-de-la-subdirectora-de-Contenido-y-Patrimonio-de-la-Biblioteca-Publica-Piloto-Isabel-Cristina-Bernal.mp3'>Declaraciones de la subdirectora de Contenido y Patrimonio de la Biblioteca P\u00fablica Piloto, Isabel Cristina Bernal<\/a><\/li>\t<\/ol>\n\t<\/noscript>\n\t<script type=\"application\/json\" class=\"wp-playlist-script\">{\"type\":\"audio\",\"tracklist\":true,\"tracknumbers\":true,\"images\":true,\"artists\":true,\"tracks\":[{\"src\":\"https:\\\/\\\/www.medellin.gov.co\\\/es\\\/wp-content\\\/uploads\\\/2025\\\/09\\\/Declaraciones-de-la-subdirectora-de-Contenido-y-Patrimonio-de-la-Biblioteca-Publica-Piloto-Isabel-Cristina-Bernal.mp3\",\"type\":\"audio\\\/mpeg\",\"title\":\"Declaraciones de la subdirectora de Contenido y Patrimonio de la Biblioteca P\\u00fablica Piloto, Isabel Cristina Bernal\",\"caption\":\"\",\"description\":\"\\u00abDeclaraciones de la subdirectora de Contenido y Patrimonio de la Biblioteca P\\u00fablica Piloto, Isabel Cristina Bernal\\u00bb. G\\u00e9nero: Blues.\",\"meta\":{\"genre\":\"Blues\",\"length_formatted\":\"0:46\"},\"image\":{\"src\":\"https:\\\/\\\/www.medellin.gov.co\\\/es\\\/wp-includes\\\/images\\\/media\\\/audio.png\",\"width\":48,\"height\":64},\"thumb\":{\"src\":\"https:\\\/\\\/www.medellin.gov.co\\\/es\\\/wp-includes\\\/images\\\/media\\\/audio.png\",\"width\":48,\"height\":64}}]}<\/script>\n<\/div>\n\t\n<p>En la edici\u00f3n 2025 de la Fiesta del Libro y la Cultura, la Biblioteca P\u00fablica Piloto y la Secretar\u00eda de Cultura Ciudadana abrieron un espacio para pensar la ciudad: la franja Medell\u00edn+350 \u201cBajo el mismo cielo, sobre el mismo valle\u201d es un ciclo de conversaciones que invitan a volver a visitar las memorias de la capital antioque\u00f1a y proyectar sus horizontes.<\/p>\n<p>Hasta ahora, Medell\u00edn+350 ha reunido voces que, desde la literatura, el periodismo y el cine, han tejido reflexiones sobre c\u00f3mo la gente narra la ciudad: \u2018Medell\u00edn en la literatura\u2019, con Juan Luis Mej\u00eda y Dar\u00edo Jaramillo Agudelo, explor\u00f3 c\u00f3mo la narrativa y la poes\u00eda han sido espejo de la historia y las transformaciones.<\/p>\n<p>Isabel Cristina Bernal, subdirectora de Contenido y Patrimonio de la Biblioteca P\u00fablica Piloto, explic\u00f3 el prop\u00f3sito de esta franja: \u201c<em>Esta programaci\u00f3n est\u00e1 inspirada en los 350 a\u00f1os de Medell\u00edn. Lo que buscamos no es solo narrar y escuchar m\u00faltiples voces, como las de las comunidades afro, las mujeres, el cine y la literatura, sino tambi\u00e9n reconocer c\u00f3mo ha sido construida la ciudad desde otros saberes y espacios, como la literatura y las bibliotecas. Queremos propiciar una reflexi\u00f3n profunda sobre Medell\u00edn y los relatos que, desde la diversidad, han tejido su identidad. Por eso la hemos llamado Bajo el mismo cielo, sobre el mismo valle<\/em>\u201d.<\/p>\n<p><a href=\"https:\/\/www.medellin.gov.co\/es\/wp-content\/uploads\/2025\/09\/Imagen-de-mujer-haciendo-una-intervencion.jpg\" target=\"_blank\" rel=\"noopener\"><img loading=\"lazy\" class=\"alignnone wp-image-456846 size-full\" src=\"https:\/\/www.medellin.gov.co\/es\/wp-content\/uploads\/2025\/09\/Imagen-de-mujer-haciendo-una-intervencion.jpg\" alt=\"Imagen de mujer haciendo una intervenci\u00f3n\" width=\"1139\" height=\"760\" srcset=\"https:\/\/www.medellin.gov.co\/es\/wp-content\/uploads\/2025\/09\/Imagen-de-mujer-haciendo-una-intervencion.jpg 1139w, https:\/\/www.medellin.gov.co\/es\/wp-content\/uploads\/2025\/09\/Imagen-de-mujer-haciendo-una-intervencion-300x200.jpg 300w, https:\/\/www.medellin.gov.co\/es\/wp-content\/uploads\/2025\/09\/Imagen-de-mujer-haciendo-una-intervencion-1024x683.jpg 1024w, https:\/\/www.medellin.gov.co\/es\/wp-content\/uploads\/2025\/09\/Imagen-de-mujer-haciendo-una-intervencion-150x100.jpg 150w, https:\/\/www.medellin.gov.co\/es\/wp-content\/uploads\/2025\/09\/Imagen-de-mujer-haciendo-una-intervencion-768x512.jpg 768w\" sizes=\"(max-width: 1139px) 100vw, 1139px\" \/><\/a><\/p>\n<p>En \u2018Medell\u00edn secreto\u2019, las periodistas Patricia Nieto, Ana Mar\u00eda Cano y Goya Echeverri revelaron relatos ocultos que permanecen vivos en la memoria urbana. En la conversaci\u00f3n \u2018Presencias femeninas en el cine\u2019, con la directora Marta Hincapi\u00e9 y la realizadora Daniela Abad, moderadas por Elena Acosta, se puso en valor las miradas de las mujeres en el cine local.<\/p>\n<p>La franja contin\u00faa con una programaci\u00f3n que invita a descubrir nuevas miradas sobre Medell\u00edn: \u00d3scar Almario y Mar\u00eda Mercedes G\u00f3mez conversar\u00e1n sobre las costumbres y contradicciones de la vida cotidiana, a partir del libro de la historiadora Catalina Reyes.<\/p>\n<p><a href=\"https:\/\/www.medellin.gov.co\/es\/wp-content\/uploads\/2025\/09\/Imagen-de-participantes-en-charla-de-la-Fiesta-del-Libro.jpg\" target=\"_blank\" rel=\"noopener\"><img loading=\"lazy\" class=\"alignnone wp-image-456848 size-full\" src=\"https:\/\/www.medellin.gov.co\/es\/wp-content\/uploads\/2025\/09\/Imagen-de-participantes-en-charla-de-la-Fiesta-del-Libro.jpg\" alt=\"Imagen de participantes en charla de la Fiesta del Libro\" width=\"1139\" height=\"760\" srcset=\"https:\/\/www.medellin.gov.co\/es\/wp-content\/uploads\/2025\/09\/Imagen-de-participantes-en-charla-de-la-Fiesta-del-Libro.jpg 1139w, https:\/\/www.medellin.gov.co\/es\/wp-content\/uploads\/2025\/09\/Imagen-de-participantes-en-charla-de-la-Fiesta-del-Libro-300x200.jpg 300w, https:\/\/www.medellin.gov.co\/es\/wp-content\/uploads\/2025\/09\/Imagen-de-participantes-en-charla-de-la-Fiesta-del-Libro-1024x683.jpg 1024w, https:\/\/www.medellin.gov.co\/es\/wp-content\/uploads\/2025\/09\/Imagen-de-participantes-en-charla-de-la-Fiesta-del-Libro-150x100.jpg 150w, https:\/\/www.medellin.gov.co\/es\/wp-content\/uploads\/2025\/09\/Imagen-de-participantes-en-charla-de-la-Fiesta-del-Libro-768x512.jpg 768w\" sizes=\"(max-width: 1139px) 100vw, 1139px\" \/><\/a><\/p>\n<p>De otra parte, Roberto Luis Jaramillo y C\u00e9sar Lenis revisar\u00e1n la vida social y cultural\u00a0de la villa entre los siglos XVIII y XIX. En \u2018Prohibido entrar: bares, burdeles y pecados de otros tiempos\u2019, Ram\u00f3n Pineda y Reinaldo Spitaletta, moderados por Juan Fernando Ospina, reconstruir\u00e1n historias de la vida nocturna de Medell\u00edn en el siglo XX.<\/p>\n<p>De igual manera, el periodista Jorge Mario Betancur, junto a Mar\u00eda Mercedes G\u00f3mez y Felipe Osorio, abordar\u00e1n los relatos de amor y desamor de la ciudad entre finales del siglo XIX y mediados del XX.<\/p>\n<p>La programaci\u00f3n y los horarios de las charlas se pueden consultar en el micrositio: <a href=\"https:\/\/www.bibliotecapiloto.gov.co\/agenda-cultural\/?e-filter-a997f27-post_tag=viernes-12\" target=\"_blank\" rel=\"noopener\">https:\/\/www.bibliotecapiloto.gov.co\/agenda-cultural\/?e-filter-a997f27-post_tag=viernes-12<\/a> \u00a0de la p\u00e1gina web de la Biblioteca P\u00fablica Piloto de Medell\u00edn: <a href=\"https:\/\/www.bibliotecapiloto.gov.co\/\" target=\"_blank\" rel=\"noopener\">https:\/\/www.bibliotecapiloto.gov.co\/<\/a><\/p>\n","protected":false},"excerpt":{"rendered":"<p>La franja Medell\u00edn+350 es un espacio para dialogar sobre las transformaciones sociales, culturales y urbanas que han marcado a la ciudad desde el siglo XIX y hasta hoy. En la edici\u00f3n 2025 de la Fiesta &#8230;<\/p>\n","protected":false},"author":21,"featured_media":456848,"comment_status":"open","ping_status":"open","sticky":false,"template":"","format":"standard","meta":[],"categories":[31],"tags":[444,428],"formato_nota":[],"programas_tax":[],"acf":[],"_links":{"self":[{"href":"https:\/\/www.medellin.gov.co\/es\/wp-json\/wp\/v2\/posts\/456853"}],"collection":[{"href":"https:\/\/www.medellin.gov.co\/es\/wp-json\/wp\/v2\/posts"}],"about":[{"href":"https:\/\/www.medellin.gov.co\/es\/wp-json\/wp\/v2\/types\/post"}],"author":[{"embeddable":true,"href":"https:\/\/www.medellin.gov.co\/es\/wp-json\/wp\/v2\/users\/21"}],"replies":[{"embeddable":true,"href":"https:\/\/www.medellin.gov.co\/es\/wp-json\/wp\/v2\/comments?post=456853"}],"version-history":[{"count":1,"href":"https:\/\/www.medellin.gov.co\/es\/wp-json\/wp\/v2\/posts\/456853\/revisions"}],"predecessor-version":[{"id":456855,"href":"https:\/\/www.medellin.gov.co\/es\/wp-json\/wp\/v2\/posts\/456853\/revisions\/456855"}],"wp:featuredmedia":[{"embeddable":true,"href":"https:\/\/www.medellin.gov.co\/es\/wp-json\/wp\/v2\/media\/456848"}],"wp:attachment":[{"href":"https:\/\/www.medellin.gov.co\/es\/wp-json\/wp\/v2\/media?parent=456853"}],"wp:term":[{"taxonomy":"category","embeddable":true,"href":"https:\/\/www.medellin.gov.co\/es\/wp-json\/wp\/v2\/categories?post=456853"},{"taxonomy":"post_tag","embeddable":true,"href":"https:\/\/www.medellin.gov.co\/es\/wp-json\/wp\/v2\/tags?post=456853"},{"taxonomy":"formato_nota","embeddable":true,"href":"https:\/\/www.medellin.gov.co\/es\/wp-json\/wp\/v2\/formato_nota?post=456853"},{"taxonomy":"programas_tax","embeddable":true,"href":"https:\/\/www.medellin.gov.co\/es\/wp-json\/wp\/v2\/programas_tax?post=456853"}],"curies":[{"name":"wp","href":"https:\/\/api.w.org\/{rel}","templated":true}]}}