{"id":458371,"date":"2025-09-27T16:00:13","date_gmt":"2025-09-27T21:00:13","guid":{"rendered":"https:\/\/www.medellin.gov.co\/es\/?p=458371"},"modified":"2025-09-27T16:02:17","modified_gmt":"2025-09-27T21:02:17","slug":"hilda-la-perrita-mas-longeva-de-la-perla-lleva-16-anos-esperando-un-hogar-que-le-brinde-amor-en-medellin","status":"publish","type":"post","link":"https:\/\/www.medellin.gov.co\/es\/sala-de-prensa\/noticias\/hilda-la-perrita-mas-longeva-de-la-perla-lleva-16-anos-esperando-un-hogar-que-le-brinde-amor-en-medellin\/","title":{"rendered":"Hilda, la perrita m\u00e1s longeva de La Perla, lleva 16 a\u00f1os esperando un hogar que le brinde amor en Medell\u00edn"},"content":{"rendered":"<blockquote><p><em>Cuando Hilda lleg\u00f3 al Centro de Bienestar Animal La Perla, en el corregimiento Altavista, era una perrita criolla de un a\u00f1o, color caf\u00e9, desnutrida, con problemas de piel y con las orejas ca\u00eddas. Ven\u00eda gestante.<\/em><\/p><\/blockquote>\n<p>Sus cachorros encontraron r\u00e1pidamente familia, pero ella no, a pesar de promoverla siempre en los procesos de adopci\u00f3n. Desde entonces, ha pasado m\u00e1s de la mitad de su vida en este lugar de la Alcald\u00eda de Medell\u00edn, rodeada de cuidados, cari\u00f1o y alimento, pero con un vac\u00edo que solo puede llenar un hogar definitivo.<\/p>\n<p>Hoy, con 17 a\u00f1os, Hilda es la perrita m\u00e1s longeva del de La Perla y la que m\u00e1s tiempo ha esperado por adopci\u00f3n: 16 a\u00f1os aguardando amor. No ha conocido una familia que la espere en la puerta de casa.<\/p>\n<p>La doctora Marcela Su\u00e1rez, m\u00e9dica veterinaria de La Perla, conoce bien su historia: \u201c<em>Hilda lleg\u00f3 siendo muy joven y gestante. Sus cachorros se adoptaron r\u00e1pido, como suele pasar, pero ella se fue quedando atr\u00e1s. A los animales adultos siempre les cuesta m\u00e1s encontrar familia<\/em>\u201d.<\/p>\n<p><img loading=\"lazy\" class=\"alignnone size-large wp-image-458387\" src=\"https:\/\/www.medellin.gov.co\/es\/wp-content\/uploads\/2025\/09\/Hilda-geriatra-5-1024x683.jpg\" alt=\"Imagen Hilda 5\" width=\"1024\" height=\"683\" srcset=\"https:\/\/www.medellin.gov.co\/es\/wp-content\/uploads\/2025\/09\/Hilda-geriatra-5-1024x683.jpg 1024w, https:\/\/www.medellin.gov.co\/es\/wp-content\/uploads\/2025\/09\/Hilda-geriatra-5-300x200.jpg 300w, https:\/\/www.medellin.gov.co\/es\/wp-content\/uploads\/2025\/09\/Hilda-geriatra-5-150x100.jpg 150w, https:\/\/www.medellin.gov.co\/es\/wp-content\/uploads\/2025\/09\/Hilda-geriatra-5-768x512.jpg 768w, https:\/\/www.medellin.gov.co\/es\/wp-content\/uploads\/2025\/09\/Hilda-geriatra-5.jpg 1080w\" sizes=\"(max-width: 1024px) 100vw, 1024px\" \/><\/p>\n<p>En estos a\u00f1os, Hilda ha sido cuidada con rigor: recibi\u00f3 tratamiento para su otitis, que le dej\u00f3 las orejas arrugadas, como las de un boxeador. Hoy vive con hipotiroidismo, que se controla con una pastilla diaria. \u201c<em>Es un manejo sencillo, nada del otro mundo, y ella est\u00e1 estable. Es tierna, mimada, se deja consentir y coge confianza muy r\u00e1pido<\/em>\u201d.<\/p>\n<p>A pesar de su edad, Hilda mantiene un brillo especial en los ojos y una dulzura que conquista al personal. La doctora agreg\u00f3 que: \u201c<em>Yo me la quisiera llevar porque me enamor\u00e9, pero hay otros tambi\u00e9n muy necesitados. Ella genera un v\u00ednculo f\u00e1cil y cuando me ve mueve la colita como diciendo \u2018aqu\u00ed estoy, dame cari\u00f1o\u2019 me produce mucho amor\u201d. <\/em><\/p>\n\n\t\t<style type=\"text\/css\">\n\t\t\t#gallery-1 {\n\t\t\t\tmargin: auto;\n\t\t\t}\n\t\t\t#gallery-1 .gallery-item {\n\t\t\t\tfloat: left;\n\t\t\t\tmargin-top: 10px;\n\t\t\t\ttext-align: center;\n\t\t\t\twidth: 50%;\n\t\t\t}\n\t\t\t#gallery-1 img {\n\t\t\t\tborder: 2px solid #cfcfcf;\n\t\t\t}\n\t\t\t#gallery-1 .gallery-caption {\n\t\t\t\tmargin-left: 0;\n\t\t\t}\n\t\t\t\/* see gallery_shortcode() in wp-includes\/media.php *\/\n\t\t<\/style>\n\t\t<div id='gallery-1' class='gallery galleryid-458371 gallery-columns-2 gallery-size-full'><dl class='gallery-item'>\n\t\t\t<dt class='gallery-icon landscape'>\n\t\t\t\t<a href='https:\/\/www.medellin.gov.co\/es\/hilda-geriatra-3\/'><img width=\"1080\" height=\"720\" src=\"https:\/\/www.medellin.gov.co\/es\/wp-content\/uploads\/2025\/09\/Hilda-geriatra-3.jpg\" class=\"attachment-full size-full\" alt=\"Imagen Hilda 3\" loading=\"lazy\" srcset=\"https:\/\/www.medellin.gov.co\/es\/wp-content\/uploads\/2025\/09\/Hilda-geriatra-3.jpg 1080w, https:\/\/www.medellin.gov.co\/es\/wp-content\/uploads\/2025\/09\/Hilda-geriatra-3-300x200.jpg 300w, https:\/\/www.medellin.gov.co\/es\/wp-content\/uploads\/2025\/09\/Hilda-geriatra-3-1024x683.jpg 1024w, https:\/\/www.medellin.gov.co\/es\/wp-content\/uploads\/2025\/09\/Hilda-geriatra-3-150x100.jpg 150w, https:\/\/www.medellin.gov.co\/es\/wp-content\/uploads\/2025\/09\/Hilda-geriatra-3-768x512.jpg 768w\" sizes=\"(max-width: 1080px) 100vw, 1080px\" \/><\/a>\n\t\t\t<\/dt><\/dl><dl class='gallery-item'>\n\t\t\t<dt class='gallery-icon landscape'>\n\t\t\t\t<a href='https:\/\/www.medellin.gov.co\/es\/hilda-geriatra-2\/'><img width=\"1080\" height=\"720\" src=\"https:\/\/www.medellin.gov.co\/es\/wp-content\/uploads\/2025\/09\/Hilda-geriatra-2-e1758744948811.jpg\" class=\"attachment-full size-full\" alt=\"Imagen Hilda 2\" loading=\"lazy\" srcset=\"https:\/\/www.medellin.gov.co\/es\/wp-content\/uploads\/2025\/09\/Hilda-geriatra-2-e1758744948811.jpg 1080w, https:\/\/www.medellin.gov.co\/es\/wp-content\/uploads\/2025\/09\/Hilda-geriatra-2-e1758744948811-300x200.jpg 300w, https:\/\/www.medellin.gov.co\/es\/wp-content\/uploads\/2025\/09\/Hilda-geriatra-2-e1758744948811-1024x683.jpg 1024w, https:\/\/www.medellin.gov.co\/es\/wp-content\/uploads\/2025\/09\/Hilda-geriatra-2-e1758744948811-150x100.jpg 150w, https:\/\/www.medellin.gov.co\/es\/wp-content\/uploads\/2025\/09\/Hilda-geriatra-2-e1758744948811-768x512.jpg 768w\" sizes=\"(max-width: 1080px) 100vw, 1080px\" \/><\/a>\n\t\t\t<\/dt><\/dl><br style=\"clear: both\" \/>\n\t\t<\/div>\n\n<h4><strong>Esperando hogar<\/strong><\/h4>\n<p>La historia de Hilda es tambi\u00e9n la de muchos otros animales que han pasado gran parte de su vida en La Perla. M\u00e1s de 500 caninos llevan entre 5 y 10 a\u00f1os esperando una segunda oportunidad. Desde el inicio de esta administraci\u00f3n, la Alcald\u00eda de Medell\u00edn, por intermedio de la Secretar\u00eda del Medio Ambiente ha logrado 2548 adopciones responsables: 1513 perros y 1035 gatos. Sin embargo, a\u00fan 2139 est\u00e1n listos para ser adoptados, entre ellos 1668 perros y 471 gatos.<\/p>\n<p>En medio de la campa\u00f1a distrital \u201cUna historia de amor\u201d, lanzada en la ciudad durante el Mes del Amor y la Amistad, el llamado es a qu\u00e9 personas y familias se animen a abrir su coraz\u00f3n y su casa <em>\u201cHilda es una hero\u00edna silenciosa que ha esperado demasiado tiempo. Tiene derecho a conocer lo que es un hogar\u201d,<\/em> insiste la veterinaria.<\/p>\n\n\t\t<style type=\"text\/css\">\n\t\t\t#gallery-2 {\n\t\t\t\tmargin: auto;\n\t\t\t}\n\t\t\t#gallery-2 .gallery-item {\n\t\t\t\tfloat: left;\n\t\t\t\tmargin-top: 10px;\n\t\t\t\ttext-align: center;\n\t\t\t\twidth: 50%;\n\t\t\t}\n\t\t\t#gallery-2 img {\n\t\t\t\tborder: 2px solid #cfcfcf;\n\t\t\t}\n\t\t\t#gallery-2 .gallery-caption {\n\t\t\t\tmargin-left: 0;\n\t\t\t}\n\t\t\t\/* see gallery_shortcode() in wp-includes\/media.php *\/\n\t\t<\/style>\n\t\t<div id='gallery-2' class='gallery galleryid-458371 gallery-columns-2 gallery-size-full'><dl class='gallery-item'>\n\t\t\t<dt class='gallery-icon landscape'>\n\t\t\t\t<a href='https:\/\/www.medellin.gov.co\/es\/sala-de-prensa\/noticias\/la-perla-brinda-a-perros-y-gatos-una-nueva-oportunidad-de-ser-felices-en-medellin\/la_perla-10\/'><img width=\"1208\" height=\"680\" src=\"https:\/\/www.medellin.gov.co\/es\/wp-content\/uploads\/2024\/05\/La_Perla-10.jpg\" class=\"attachment-full size-full\" alt=\"Jornada de adopci\u00f3n de animales de compa\u00f1\u00eda por parte del Centro de Bienestar Animal La Perla de la Secretar\u00eda de Medio Ambiente\" loading=\"lazy\" srcset=\"https:\/\/www.medellin.gov.co\/es\/wp-content\/uploads\/2024\/05\/La_Perla-10.jpg 1208w, https:\/\/www.medellin.gov.co\/es\/wp-content\/uploads\/2024\/05\/La_Perla-10-300x169.jpg 300w, https:\/\/www.medellin.gov.co\/es\/wp-content\/uploads\/2024\/05\/La_Perla-10-1024x576.jpg 1024w, https:\/\/www.medellin.gov.co\/es\/wp-content\/uploads\/2024\/05\/La_Perla-10-150x84.jpg 150w, https:\/\/www.medellin.gov.co\/es\/wp-content\/uploads\/2024\/05\/La_Perla-10-768x432.jpg 768w\" sizes=\"(max-width: 1208px) 100vw, 1208px\" \/><\/a>\n\t\t\t<\/dt><\/dl><dl class='gallery-item'>\n\t\t\t<dt class='gallery-icon landscape'>\n\t\t\t\t<a href='https:\/\/www.medellin.gov.co\/es\/sala-de-prensa\/noticias\/la-perla-brinda-a-perros-y-gatos-una-nueva-oportunidad-de-ser-felices-en-medellin\/la_perla-9\/'><img width=\"1208\" height=\"680\" src=\"https:\/\/www.medellin.gov.co\/es\/wp-content\/uploads\/2024\/05\/La_Perla-9.jpg\" class=\"attachment-full size-full\" alt=\"Jornada de adopci\u00f3n de animales de compa\u00f1\u00eda por parte del Centro de Bienestar Animal La Perla de la Secretar\u00eda de Medio Ambiente\" loading=\"lazy\" srcset=\"https:\/\/www.medellin.gov.co\/es\/wp-content\/uploads\/2024\/05\/La_Perla-9.jpg 1208w, https:\/\/www.medellin.gov.co\/es\/wp-content\/uploads\/2024\/05\/La_Perla-9-300x169.jpg 300w, https:\/\/www.medellin.gov.co\/es\/wp-content\/uploads\/2024\/05\/La_Perla-9-1024x576.jpg 1024w, https:\/\/www.medellin.gov.co\/es\/wp-content\/uploads\/2024\/05\/La_Perla-9-150x84.jpg 150w, https:\/\/www.medellin.gov.co\/es\/wp-content\/uploads\/2024\/05\/La_Perla-9-768x432.jpg 768w\" sizes=\"(max-width: 1208px) 100vw, 1208px\" \/><\/a>\n\t\t\t<\/dt><\/dl><br style=\"clear: both\" \/>\n\t\t<\/div>\n\n<h4><strong>Su vida en La Perla<\/strong><\/h4>\n<p>En La Perla, Hilda est\u00e1 bien cuidada: recibe alimento, atenci\u00f3n veterinaria y afecto del personal. Pero no sabe lo que es caminar con una correa por las calles de un barrio o sentir el calor de un sof\u00e1 junto a alguien que la quiera. \u201c<em>El amor y el cuidado de una casa cambian la vida de un animal. Les cambia la mirada, la cara, la energ\u00eda. Eso es lo que ella necesita y merece\u201d.<\/em><\/p>\n\n\t\t<style type=\"text\/css\">\n\t\t\t#gallery-3 {\n\t\t\t\tmargin: auto;\n\t\t\t}\n\t\t\t#gallery-3 .gallery-item {\n\t\t\t\tfloat: left;\n\t\t\t\tmargin-top: 10px;\n\t\t\t\ttext-align: center;\n\t\t\t\twidth: 50%;\n\t\t\t}\n\t\t\t#gallery-3 img {\n\t\t\t\tborder: 2px solid #cfcfcf;\n\t\t\t}\n\t\t\t#gallery-3 .gallery-caption {\n\t\t\t\tmargin-left: 0;\n\t\t\t}\n\t\t\t\/* see gallery_shortcode() in wp-includes\/media.php *\/\n\t\t<\/style>\n\t\t<div id='gallery-3' class='gallery galleryid-458371 gallery-columns-2 gallery-size-full'><dl class='gallery-item'>\n\t\t\t<dt class='gallery-icon landscape'>\n\t\t\t\t<a href='https:\/\/www.medellin.gov.co\/es\/hilda-geriatra-1\/'><img width=\"1080\" height=\"720\" src=\"https:\/\/www.medellin.gov.co\/es\/wp-content\/uploads\/2025\/09\/Hilda-Geriatra-1.jpg\" class=\"attachment-full size-full\" alt=\"Imagen Hilda Geri\u00e1tra 1\" loading=\"lazy\" srcset=\"https:\/\/www.medellin.gov.co\/es\/wp-content\/uploads\/2025\/09\/Hilda-Geriatra-1.jpg 1080w, https:\/\/www.medellin.gov.co\/es\/wp-content\/uploads\/2025\/09\/Hilda-Geriatra-1-300x200.jpg 300w, https:\/\/www.medellin.gov.co\/es\/wp-content\/uploads\/2025\/09\/Hilda-Geriatra-1-1024x683.jpg 1024w, https:\/\/www.medellin.gov.co\/es\/wp-content\/uploads\/2025\/09\/Hilda-Geriatra-1-150x100.jpg 150w, https:\/\/www.medellin.gov.co\/es\/wp-content\/uploads\/2025\/09\/Hilda-Geriatra-1-768x512.jpg 768w\" sizes=\"(max-width: 1080px) 100vw, 1080px\" \/><\/a>\n\t\t\t<\/dt><\/dl><dl class='gallery-item'>\n\t\t\t<dt class='gallery-icon landscape'>\n\t\t\t\t<a href='https:\/\/www.medellin.gov.co\/es\/hilda-geriatra-4\/'><img width=\"1080\" height=\"720\" src=\"https:\/\/www.medellin.gov.co\/es\/wp-content\/uploads\/2025\/09\/Hilda-geriatra-4.jpg\" class=\"attachment-full size-full\" alt=\"Imagen Hilda 4\" loading=\"lazy\" srcset=\"https:\/\/www.medellin.gov.co\/es\/wp-content\/uploads\/2025\/09\/Hilda-geriatra-4.jpg 1080w, https:\/\/www.medellin.gov.co\/es\/wp-content\/uploads\/2025\/09\/Hilda-geriatra-4-300x200.jpg 300w, https:\/\/www.medellin.gov.co\/es\/wp-content\/uploads\/2025\/09\/Hilda-geriatra-4-1024x683.jpg 1024w, https:\/\/www.medellin.gov.co\/es\/wp-content\/uploads\/2025\/09\/Hilda-geriatra-4-150x100.jpg 150w, https:\/\/www.medellin.gov.co\/es\/wp-content\/uploads\/2025\/09\/Hilda-geriatra-4-768x512.jpg 768w\" sizes=\"(max-width: 1080px) 100vw, 1080px\" \/><\/a>\n\t\t\t<\/dt><\/dl><br style=\"clear: both\" \/>\n\t\t<\/div>\n\n<h4><strong>Y espera el d\u00eda<\/strong><\/h4>\n<p>Mientras tanto, en su canil, Hilda espera tranquila, como si hubiera aprendido a tener paciencia. Sus ojos siguen brillando, como faroles encendidos en busca de alguien que la vea. Tal vez este septiembre, Mes del Amor y la Amistad, por fin llegue el d\u00eda en que esa espera termine y descubra que nunca es tarde para conocer un hogar.<\/p>\n","protected":false},"excerpt":{"rendered":"<p>Cuando Hilda lleg\u00f3 al Centro de Bienestar Animal La Perla, en el corregimiento Altavista, era una perrita criolla de un a\u00f1o, color caf\u00e9, desnutrida, con problemas de piel y con las orejas ca\u00eddas. Ven\u00eda gestante. &#8230;<\/p>\n","protected":false},"author":97,"featured_media":458391,"comment_status":"open","ping_status":"open","sticky":false,"template":"","format":"standard","meta":[],"categories":[531,13],"tags":[446,436],"formato_nota":[],"programas_tax":[],"acf":[],"_links":{"self":[{"href":"https:\/\/www.medellin.gov.co\/es\/wp-json\/wp\/v2\/posts\/458371"}],"collection":[{"href":"https:\/\/www.medellin.gov.co\/es\/wp-json\/wp\/v2\/posts"}],"about":[{"href":"https:\/\/www.medellin.gov.co\/es\/wp-json\/wp\/v2\/types\/post"}],"author":[{"embeddable":true,"href":"https:\/\/www.medellin.gov.co\/es\/wp-json\/wp\/v2\/users\/97"}],"replies":[{"embeddable":true,"href":"https:\/\/www.medellin.gov.co\/es\/wp-json\/wp\/v2\/comments?post=458371"}],"version-history":[{"count":1,"href":"https:\/\/www.medellin.gov.co\/es\/wp-json\/wp\/v2\/posts\/458371\/revisions"}],"predecessor-version":[{"id":458395,"href":"https:\/\/www.medellin.gov.co\/es\/wp-json\/wp\/v2\/posts\/458371\/revisions\/458395"}],"wp:featuredmedia":[{"embeddable":true,"href":"https:\/\/www.medellin.gov.co\/es\/wp-json\/wp\/v2\/media\/458391"}],"wp:attachment":[{"href":"https:\/\/www.medellin.gov.co\/es\/wp-json\/wp\/v2\/media?parent=458371"}],"wp:term":[{"taxonomy":"category","embeddable":true,"href":"https:\/\/www.medellin.gov.co\/es\/wp-json\/wp\/v2\/categories?post=458371"},{"taxonomy":"post_tag","embeddable":true,"href":"https:\/\/www.medellin.gov.co\/es\/wp-json\/wp\/v2\/tags?post=458371"},{"taxonomy":"formato_nota","embeddable":true,"href":"https:\/\/www.medellin.gov.co\/es\/wp-json\/wp\/v2\/formato_nota?post=458371"},{"taxonomy":"programas_tax","embeddable":true,"href":"https:\/\/www.medellin.gov.co\/es\/wp-json\/wp\/v2\/programas_tax?post=458371"}],"curies":[{"name":"wp","href":"https:\/\/api.w.org\/{rel}","templated":true}]}}