{"id":459009,"date":"2025-09-25T20:26:52","date_gmt":"2025-09-26T01:26:52","guid":{"rendered":"https:\/\/www.medellin.gov.co\/es\/?p=459009"},"modified":"2025-09-25T20:52:18","modified_gmt":"2025-09-26T01:52:18","slug":"buen-comienzo-abre-convocatoria-para-la-busqueda-de-inmuebles-para-ampliar-su-cobertura","status":"publish","type":"post","link":"https:\/\/www.medellin.gov.co\/es\/sala-de-prensa\/noticias\/buen-comienzo-abre-convocatoria-para-la-busqueda-de-inmuebles-para-ampliar-su-cobertura\/","title":{"rendered":"Buen Comienzo abre convocatoria para la b\u00fasqueda de inmuebles para ampliar su cobertura"},"content":{"rendered":"<p>Para ampliar la atenci\u00f3n a las ni\u00f1as y ni\u00f1os de primera infancia de Medell\u00edn, Buen Comienzo abre una convocatoria dirigida a propietarios de bienes inmuebles, con el prop\u00f3sito de llegar a los territorios que requieren mayor cobertura del programa.<\/p>\n<h4>\u00bfQui\u00e9nes pueden participar?<\/h4>\n<p>La invitaci\u00f3n est\u00e1 dirigida a personas que cuenten con inmuebles propios como viviendas, casas o locales, disponibles para alquilar, los cuales puedan ser adaptados y habilitados como sedes de atenci\u00f3n para Buen Comienzo.<\/p>\n<p><strong>Requisitos de los inmuebles<\/strong><\/p>\n<p>Los espacios deben cumplir con caracter\u00edsticas m\u00ednimas que garanticen condiciones adecuadas de atenci\u00f3n:<\/p>\n<ul>\n<li>El inmueble debe contar con tres espacios independientes, cada uno con un \u00e1rea m\u00ednima entre 20 y 30 metros cuadrados, que puedan adecuarse como salas de atenci\u00f3n.<\/li>\n<li>Espacio adicional de al menos 40 metros cuadrados para la zona de comedores.<\/li>\n<li>Poder disponer de un espacio para los servicios de alimentaci\u00f3n, independiente.<\/li>\n<li>Lugares que permitan instalar unidades sanitarias para ni\u00f1as, ni\u00f1os y adultos (m\u00ednimo dos bater\u00edas sanitarias).<\/li>\n<li>Ventilaci\u00f3n e iluminaci\u00f3n natural.<\/li>\n<li>Idealmente, contar con un \u00e1rea que permita propiciar el juego al aire libre, como terrazas, patios o zonas verdes.<\/li>\n<li>La infraestructura no debe tener techos de asbestos.<\/li>\n<li>Los espacios internos deben de estar sin presencia de humedades.<\/li>\n<li>El acuerdo se formalizar\u00e1 mediante un contrato de arrendamiento con una de las entidades prestadoras del servicio de Buen Comienzo.<\/li>\n<\/ul>\n<h4>Zonas priorizadas<\/h4>\n<p>En esta oportunidad, se priorizaron sectores donde se ha identificado la necesidad de ampliar la cobertura o mejorar la infraestructura existente:<\/p>\n<ul>\n<li>Altos de Calasanz<\/li>\n<li>Aures N.\u00b0 1<\/li>\n<li>Santander<\/li>\n<li>La Colina<\/li>\n<li>\u00c1rea de expansi\u00f3n de Pajarito<\/li>\n<li>El Salado<\/li>\n<li>Sucre<\/li>\n<li>Moravia<\/li>\n<li>Pedregal<\/li>\n<li>Las Granjas<\/li>\n<li>Carpinelo<\/li>\n<\/ul>\n<p>Entre otras zonas del corregimiento de San Crist\u00f3bal y las comunas Robledo, Guayabal, Aranjuez, Manrique y San Javier.<\/p>\n<p>Enlace de postulaci\u00f3n:<\/p>\n<p><a href=\"https:\/\/forms.office.com\/pages\/responsepage.aspx?id=iOBInEReDUuToO6yxhJ8PfaOCV7TxFVLhZyix-BvXlpUOVJIVlZMUTVKM0RXWkhVTkYzQ1Q0VkVYQi4u\" target=\"_blank\" rel=\"noopener\">https:\/\/forms.office.com\/pages\/responsepage.aspx?id=iOBInEReDUuToO6yxhJ8PfaOCV7TxFVLhZyix-BvXlpUOVJIVlZMUTVKM0RXWkhVTkYzQ1Q0VkVYQi4u<\/a><\/p>\n","protected":false},"excerpt":{"rendered":"<p>Para ampliar la atenci\u00f3n a las ni\u00f1as y ni\u00f1os de primera infancia de Medell\u00edn, Buen Comienzo abre una convocatoria dirigida a propietarios de bienes inmuebles, con el prop\u00f3sito de llegar a los territorios que requieren &#8230;<\/p>\n","protected":false},"author":21,"featured_media":458747,"comment_status":"open","ping_status":"open","sticky":false,"template":"","format":"standard","meta":[],"categories":[1],"tags":[451,431],"formato_nota":[],"programas_tax":[],"acf":[],"_links":{"self":[{"href":"https:\/\/www.medellin.gov.co\/es\/wp-json\/wp\/v2\/posts\/459009"}],"collection":[{"href":"https:\/\/www.medellin.gov.co\/es\/wp-json\/wp\/v2\/posts"}],"about":[{"href":"https:\/\/www.medellin.gov.co\/es\/wp-json\/wp\/v2\/types\/post"}],"author":[{"embeddable":true,"href":"https:\/\/www.medellin.gov.co\/es\/wp-json\/wp\/v2\/users\/21"}],"replies":[{"embeddable":true,"href":"https:\/\/www.medellin.gov.co\/es\/wp-json\/wp\/v2\/comments?post=459009"}],"version-history":[{"count":5,"href":"https:\/\/www.medellin.gov.co\/es\/wp-json\/wp\/v2\/posts\/459009\/revisions"}],"predecessor-version":[{"id":459018,"href":"https:\/\/www.medellin.gov.co\/es\/wp-json\/wp\/v2\/posts\/459009\/revisions\/459018"}],"wp:featuredmedia":[{"embeddable":true,"href":"https:\/\/www.medellin.gov.co\/es\/wp-json\/wp\/v2\/media\/458747"}],"wp:attachment":[{"href":"https:\/\/www.medellin.gov.co\/es\/wp-json\/wp\/v2\/media?parent=459009"}],"wp:term":[{"taxonomy":"category","embeddable":true,"href":"https:\/\/www.medellin.gov.co\/es\/wp-json\/wp\/v2\/categories?post=459009"},{"taxonomy":"post_tag","embeddable":true,"href":"https:\/\/www.medellin.gov.co\/es\/wp-json\/wp\/v2\/tags?post=459009"},{"taxonomy":"formato_nota","embeddable":true,"href":"https:\/\/www.medellin.gov.co\/es\/wp-json\/wp\/v2\/formato_nota?post=459009"},{"taxonomy":"programas_tax","embeddable":true,"href":"https:\/\/www.medellin.gov.co\/es\/wp-json\/wp\/v2\/programas_tax?post=459009"}],"curies":[{"name":"wp","href":"https:\/\/api.w.org\/{rel}","templated":true}]}}