{"id":459261,"date":"2025-09-26T14:18:34","date_gmt":"2025-09-26T19:18:34","guid":{"rendered":"https:\/\/www.medellin.gov.co\/es\/?p=459261"},"modified":"2025-09-26T14:18:34","modified_gmt":"2025-09-26T19:18:34","slug":"avanza-la-construccion-de-jardines-buen-comienzo-en-medellin-chambacu-en-san-cristobal-supera-el-22-de-ejecucion","status":"publish","type":"post","link":"https:\/\/www.medellin.gov.co\/es\/sala-de-prensa\/noticias\/avanza-la-construccion-de-jardines-buen-comienzo-en-medellin-chambacu-en-san-cristobal-supera-el-22-de-ejecucion\/","title":{"rendered":"Avanza la construcci\u00f3n de jardines Buen Comienzo en Medell\u00edn: Chambac\u00fa, en San Crist\u00f3bal, supera el 22 % de ejecuci\u00f3n"},"content":{"rendered":"<p>La Alcald\u00eda de Medell\u00edn, por intermedio de Buen Comienzo y la Empresa de Desarrollo Urbano (EDU), avanza con la construcci\u00f3n del Jard\u00edn Infantil Chambac\u00fa en el corregimiento de San Crist\u00f3bal, que ya alcanz\u00f3 el 22 % de ejecuci\u00f3n.<\/p>\n<p>Este proyecto estrat\u00e9gico de infraestructura de Buen Comienzo, cuenta con una inversi\u00f3n de m\u00e1s de $22.000 millones y generar\u00e1 beneficios directos para 300 ni\u00f1as y ni\u00f1os entre los 0 y 5 a\u00f1os, quienes dispondr\u00e1n de espacios adecuados para su desarrollo.<\/p>\n<!--[if lt IE 9]><script>document.createElement('audio');<\/script><![endif]-->\n\t<div class=\"wp-playlist wp-audio-playlist wp-playlist-light\">\n\t\t\t<div class=\"wp-playlist-current-item\"><\/div>\n\t\t<audio controls=\"controls\" preload=\"none\" width=\"640\"\n\t\t\t><\/audio>\n\t<div class=\"wp-playlist-next\"><\/div>\n\t<div class=\"wp-playlist-prev\"><\/div>\n\t<noscript>\n\t<ol>\n\t\t<li><a href='https:\/\/www.medellin.gov.co\/es\/wp-content\/uploads\/2025\/09\/Declaraciones-de-la-Directora-de-Buen-Comienzo-Diana-Carmona.mp3'>Declaraciones de la Directora de Buen Comienzo, Diana Carmona<\/a><\/li>\t<\/ol>\n\t<\/noscript>\n\t<script type=\"application\/json\" class=\"wp-playlist-script\">{\"type\":\"audio\",\"tracklist\":true,\"tracknumbers\":true,\"images\":true,\"artists\":true,\"tracks\":[{\"src\":\"https:\\\/\\\/www.medellin.gov.co\\\/es\\\/wp-content\\\/uploads\\\/2025\\\/09\\\/Declaraciones-de-la-Directora-de-Buen-Comienzo-Diana-Carmona.mp3\",\"type\":\"audio\\\/mpeg\",\"title\":\"Declaraciones de la Directora de Buen Comienzo, Diana Carmona\",\"caption\":\"\",\"description\":\"\\u00abDeclaraciones de la Directora de Buen Comienzo, Diana Carmona\\u00bb. G\\u00e9nero: Blues.\",\"meta\":{\"genre\":\"Blues\",\"length_formatted\":\"0:53\"},\"image\":{\"src\":\"https:\\\/\\\/www.medellin.gov.co\\\/es\\\/wp-includes\\\/images\\\/media\\\/audio.png\",\"width\":48,\"height\":64},\"thumb\":{\"src\":\"https:\\\/\\\/www.medellin.gov.co\\\/es\\\/wp-includes\\\/images\\\/media\\\/audio.png\",\"width\":48,\"height\":64}}]}<\/script>\n<\/div>\n\t\n<p>La infraestructura tendr\u00e1 un \u00e1rea de 3.283 metros cuadrados, distribuidos en 12 salas de desarrollo, \u00e1reas recreativas, comedor, sala de nutrici\u00f3n, psicolog\u00eda, enfermer\u00eda, lactancia, ba\u00f1os y zona de coordinaci\u00f3n, entre otros ambientes.<\/p>\n<p>\u201c<em>En esta administraci\u00f3n, liderada por el alcalde Federico Guti\u00e9rrez, seguimos comprometidos en garantizar espacios dignos y de calidad para ni\u00f1as y ni\u00f1os de San Crist\u00f3bal entre los 0 y 5 a\u00f1os. Cada avance en esta obra es reafirmar nuestro compromisos por la atenci\u00f3n integran y potencializaci\u00f3n de las capacidades de nuestras primera infancia<\/em>\u201d, afirm\u00f3 la directora de Buen Comienzo, Diana Carmona.<\/p>\n<p><a href=\"https:\/\/www.medellin.gov.co\/es\/wp-content\/uploads\/2025\/09\/Imagen-de-construccion-del-Buen-Comienzo-Chambacu.jpg\" target=\"_blank\" rel=\"noopener\"><img loading=\"lazy\" class=\"alignnone wp-image-459288 size-full\" src=\"https:\/\/www.medellin.gov.co\/es\/wp-content\/uploads\/2025\/09\/Imagen-de-construccion-del-Buen-Comienzo-Chambacu.jpg\" alt=\"Imagen de construcci\u00f3n del Buen Comienzo Chambac\u00fa\" width=\"1280\" height=\"720\" srcset=\"https:\/\/www.medellin.gov.co\/es\/wp-content\/uploads\/2025\/09\/Imagen-de-construccion-del-Buen-Comienzo-Chambacu.jpg 1280w, https:\/\/www.medellin.gov.co\/es\/wp-content\/uploads\/2025\/09\/Imagen-de-construccion-del-Buen-Comienzo-Chambacu-300x169.jpg 300w, https:\/\/www.medellin.gov.co\/es\/wp-content\/uploads\/2025\/09\/Imagen-de-construccion-del-Buen-Comienzo-Chambacu-1024x576.jpg 1024w, https:\/\/www.medellin.gov.co\/es\/wp-content\/uploads\/2025\/09\/Imagen-de-construccion-del-Buen-Comienzo-Chambacu-150x84.jpg 150w, https:\/\/www.medellin.gov.co\/es\/wp-content\/uploads\/2025\/09\/Imagen-de-construccion-del-Buen-Comienzo-Chambacu-768x432.jpg 768w\" sizes=\"(max-width: 1280px) 100vw, 1280px\" \/><\/a><\/p>\n<p>En esta etapa de obra ya se completaron todas las pilas y vigas de fundaci\u00f3n en los diferentes niveles del proyecto, tambi\u00e9n se termin\u00f3 la construcci\u00f3n de muros de contenci\u00f3n y gran parte de las columnas principales. En el nivel m\u00e1s bajo, se avanza con la mamposter\u00eda, las redes internas y el vaciado de losas; en el nivel intermedio, ya se vaci\u00f3 el 100 % de la losa de entrepiso y se est\u00e1n finalizando las columnas y los muros.<\/p>\n<p>Por otra parte, en el nivel de acceso, terminaron las fundaciones y se avanza en las columnas y la losa de entrepiso. Con la ejecuci\u00f3n de esta obra ya se han generado 129 empleos, de los cuales 22 son de mano de obra de la zona de influencia del proyecto.<\/p>\n<p>Junto al jard\u00edn infantil Buen Comienzo Chambac\u00fa, el Distrito avanza en la construcci\u00f3n de los jardines infantiles Palmitas, La Libertad, en la comuna 8, y Robledo, en la comuna 7.<\/p>\n<p><a href=\"https:\/\/www.medellin.gov.co\/es\/wp-content\/uploads\/2025\/09\/Imagen-de-trabajadores-en-obra.jpg\" target=\"_blank\" rel=\"noopener\"><img loading=\"lazy\" class=\"alignnone wp-image-459304 size-full\" src=\"https:\/\/www.medellin.gov.co\/es\/wp-content\/uploads\/2025\/09\/Imagen-de-trabajadores-en-obra.jpg\" alt=\"Imagen de trabajadores en obra\" width=\"1013\" height=\"760\" srcset=\"https:\/\/www.medellin.gov.co\/es\/wp-content\/uploads\/2025\/09\/Imagen-de-trabajadores-en-obra.jpg 1013w, https:\/\/www.medellin.gov.co\/es\/wp-content\/uploads\/2025\/09\/Imagen-de-trabajadores-en-obra-300x225.jpg 300w, https:\/\/www.medellin.gov.co\/es\/wp-content\/uploads\/2025\/09\/Imagen-de-trabajadores-en-obra-150x113.jpg 150w, https:\/\/www.medellin.gov.co\/es\/wp-content\/uploads\/2025\/09\/Imagen-de-trabajadores-en-obra-768x576.jpg 768w\" sizes=\"(max-width: 1013px) 100vw, 1013px\" \/><\/a><\/p>\n","protected":false},"excerpt":{"rendered":"<p>La Alcald\u00eda de Medell\u00edn, por intermedio de Buen Comienzo y la Empresa de Desarrollo Urbano (EDU), avanza con la construcci\u00f3n del Jard\u00edn Infantil Chambac\u00fa en el corregimiento de San Crist\u00f3bal, que ya alcanz\u00f3 el 22 &#8230;<\/p>\n","protected":false},"author":21,"featured_media":459272,"comment_status":"open","ping_status":"open","sticky":false,"template":"","format":"standard","meta":[],"categories":[533],"tags":[451,442],"formato_nota":[],"programas_tax":[],"acf":[],"_links":{"self":[{"href":"https:\/\/www.medellin.gov.co\/es\/wp-json\/wp\/v2\/posts\/459261"}],"collection":[{"href":"https:\/\/www.medellin.gov.co\/es\/wp-json\/wp\/v2\/posts"}],"about":[{"href":"https:\/\/www.medellin.gov.co\/es\/wp-json\/wp\/v2\/types\/post"}],"author":[{"embeddable":true,"href":"https:\/\/www.medellin.gov.co\/es\/wp-json\/wp\/v2\/users\/21"}],"replies":[{"embeddable":true,"href":"https:\/\/www.medellin.gov.co\/es\/wp-json\/wp\/v2\/comments?post=459261"}],"version-history":[{"count":1,"href":"https:\/\/www.medellin.gov.co\/es\/wp-json\/wp\/v2\/posts\/459261\/revisions"}],"predecessor-version":[{"id":459312,"href":"https:\/\/www.medellin.gov.co\/es\/wp-json\/wp\/v2\/posts\/459261\/revisions\/459312"}],"wp:featuredmedia":[{"embeddable":true,"href":"https:\/\/www.medellin.gov.co\/es\/wp-json\/wp\/v2\/media\/459272"}],"wp:attachment":[{"href":"https:\/\/www.medellin.gov.co\/es\/wp-json\/wp\/v2\/media?parent=459261"}],"wp:term":[{"taxonomy":"category","embeddable":true,"href":"https:\/\/www.medellin.gov.co\/es\/wp-json\/wp\/v2\/categories?post=459261"},{"taxonomy":"post_tag","embeddable":true,"href":"https:\/\/www.medellin.gov.co\/es\/wp-json\/wp\/v2\/tags?post=459261"},{"taxonomy":"formato_nota","embeddable":true,"href":"https:\/\/www.medellin.gov.co\/es\/wp-json\/wp\/v2\/formato_nota?post=459261"},{"taxonomy":"programas_tax","embeddable":true,"href":"https:\/\/www.medellin.gov.co\/es\/wp-json\/wp\/v2\/programas_tax?post=459261"}],"curies":[{"name":"wp","href":"https:\/\/api.w.org\/{rel}","templated":true}]}}