{"id":459465,"date":"2025-09-27T11:57:49","date_gmt":"2025-09-27T16:57:49","guid":{"rendered":"https:\/\/www.medellin.gov.co\/es\/?p=459465"},"modified":"2025-09-27T11:57:49","modified_gmt":"2025-09-27T16:57:49","slug":"estudiantes-de-castilla-en-el-noroccidente-de-medellin-disfrutan-de-26-mejores-ambientes-escolares","status":"publish","type":"post","link":"https:\/\/www.medellin.gov.co\/es\/sala-de-prensa\/noticias\/estudiantes-de-castilla-en-el-noroccidente-de-medellin-disfrutan-de-26-mejores-ambientes-escolares\/","title":{"rendered":"Estudiantes de Castilla, en el noroccidente de Medell\u00edn, disfrutan de 26 mejores ambientes escolares"},"content":{"rendered":"<ul>\n<li>Estas obras benefician a m\u00e1s de 18.000 alumnos.<\/li>\n<li>En las sedes Crisanto Luque y Alfonso L\u00f3pez, la Alcald\u00eda de Medell\u00edn invirti\u00f3 m\u00e1s de $6.100 millones.<\/li>\n<\/ul>\n<!--[if lt IE 9]><script>document.createElement('audio');<\/script><![endif]-->\n\t<div class=\"wp-playlist wp-audio-playlist wp-playlist-light\">\n\t\t\t<div class=\"wp-playlist-current-item\"><\/div>\n\t\t<audio controls=\"controls\" preload=\"none\" width=\"640\"\n\t\t\t><\/audio>\n\t<div class=\"wp-playlist-next\"><\/div>\n\t<div class=\"wp-playlist-prev\"><\/div>\n\t<noscript>\n\t<ol>\n\t\t<li><a href='https:\/\/www.medellin.gov.co\/es\/wp-content\/uploads\/2025\/09\/Declaraciones-del-subsecretario-Administrativo-y-Financiero-de-la-Secretaria-de-Educacion-Anderson-Garcia.mp3'>Declaraciones del subsecretario Administrativo y Financiero de la Secretar\u00eda de Educaci\u00f3n,\u00a0Anderson\u00a0Garc\u00eda<\/a><\/li><li><a href='https:\/\/www.medellin.gov.co\/es\/wp-content\/uploads\/2025\/09\/Declaraciones-del-gerente-de-la-Empresa-de-Desarrollo-Urbano-Emiro-Valdes-Lopez.mp3'>Declaraciones del gerente de la Empresa de Desarrollo Urbano, Emiro\u00a0Vald\u00e9s\u00a0L\u00f3pez<\/a><\/li>\t<\/ol>\n\t<\/noscript>\n\t<script type=\"application\/json\" class=\"wp-playlist-script\">{\"type\":\"audio\",\"tracklist\":true,\"tracknumbers\":true,\"images\":true,\"artists\":true,\"tracks\":[{\"src\":\"https:\\\/\\\/www.medellin.gov.co\\\/es\\\/wp-content\\\/uploads\\\/2025\\\/09\\\/Declaraciones-del-subsecretario-Administrativo-y-Financiero-de-la-Secretaria-de-Educacion-Anderson-Garcia.mp3\",\"type\":\"audio\\\/mpeg\",\"title\":\"Declaraciones del subsecretario Administrativo y Financiero de la Secretar\\u00eda de Educaci\\u00f3n,\\u00a0Anderson\\u00a0Garc\\u00eda\",\"caption\":\"\",\"description\":\"\\u00abDeclaraciones del subsecretario Administrativo y Financiero de la Secretar\\u00eda de Educaci\\u00f3n,\\u00a0Anderson\\u00a0Garc\\u00eda\\u00bb.\",\"meta\":{\"length_formatted\":\"0:41\"},\"image\":{\"src\":\"https:\\\/\\\/www.medellin.gov.co\\\/es\\\/wp-includes\\\/images\\\/media\\\/audio.png\",\"width\":48,\"height\":64},\"thumb\":{\"src\":\"https:\\\/\\\/www.medellin.gov.co\\\/es\\\/wp-includes\\\/images\\\/media\\\/audio.png\",\"width\":48,\"height\":64}},{\"src\":\"https:\\\/\\\/www.medellin.gov.co\\\/es\\\/wp-content\\\/uploads\\\/2025\\\/09\\\/Declaraciones-del-gerente-de-la-Empresa-de-Desarrollo-Urbano-Emiro-Valdes-Lopez.mp3\",\"type\":\"audio\\\/mpeg\",\"title\":\"Declaraciones del gerente de la Empresa de Desarrollo Urbano, Emiro\\u00a0Vald\\u00e9s\\u00a0L\\u00f3pez\",\"caption\":\"\",\"description\":\"\\u00abDeclaraciones del gerente de la Empresa de Desarrollo Urbano, Emiro\\u00a0Vald\\u00e9s\\u00a0L\\u00f3pez\\u00bb.\",\"meta\":{\"length_formatted\":\"1:07\"},\"image\":{\"src\":\"https:\\\/\\\/www.medellin.gov.co\\\/es\\\/wp-includes\\\/images\\\/media\\\/audio.png\",\"width\":48,\"height\":64},\"thumb\":{\"src\":\"https:\\\/\\\/www.medellin.gov.co\\\/es\\\/wp-includes\\\/images\\\/media\\\/audio.png\",\"width\":48,\"height\":64}}]}<\/script>\n<\/div>\n\t\n<p>Con una inversi\u00f3n superior a los $42.000 millones, la Administraci\u00f3n Distrital avanza con el plan de infraestructura educativa en la comuna 5-Castilla, donde hasta la fecha se han intervenido 26 sedes y seis m\u00e1s est\u00e1n en proceso de recibo por parte de la Secretar\u00eda de Educaci\u00f3n.<\/p>\n<p><img loading=\"lazy\" class=\"alignnone size-large wp-image-459480\" src=\"https:\/\/www.medellin.gov.co\/es\/wp-content\/uploads\/2025\/09\/Imagen-Estudiantes-de-Castilla-en-el-noroccidente-de-Medellin-6-1024x682.jpg\" alt=\"Imagen Estudiantes de Castilla, en el noroccidente de Medell\u00edn (2)\" width=\"1024\" height=\"682\" srcset=\"https:\/\/www.medellin.gov.co\/es\/wp-content\/uploads\/2025\/09\/Imagen-Estudiantes-de-Castilla-en-el-noroccidente-de-Medellin-6-1024x682.jpg 1024w, https:\/\/www.medellin.gov.co\/es\/wp-content\/uploads\/2025\/09\/Imagen-Estudiantes-de-Castilla-en-el-noroccidente-de-Medellin-6-300x200.jpg 300w, https:\/\/www.medellin.gov.co\/es\/wp-content\/uploads\/2025\/09\/Imagen-Estudiantes-de-Castilla-en-el-noroccidente-de-Medellin-6-150x100.jpg 150w, https:\/\/www.medellin.gov.co\/es\/wp-content\/uploads\/2025\/09\/Imagen-Estudiantes-de-Castilla-en-el-noroccidente-de-Medellin-6-768x512.jpg 768w, https:\/\/www.medellin.gov.co\/es\/wp-content\/uploads\/2025\/09\/Imagen-Estudiantes-de-Castilla-en-el-noroccidente-de-Medellin-6.jpg 1081w\" sizes=\"(max-width: 1024px) 100vw, 1024px\" \/><\/p>\n<p>Dos de los establecimientos en los que se adelantaron renovaciones integrales y en los que las comunidades educativas disfrutan de espacios renovados son la Instituci\u00f3n Educativa Alfonso L\u00f3pez y la Secci\u00f3n Escuela Cardenal Crisanto Luque, con inversiones de $3.290 millones y $2.813 millones respectivamente.<\/p>\n<p><img loading=\"lazy\" class=\"alignnone size-large wp-image-459473\" src=\"https:\/\/www.medellin.gov.co\/es\/wp-content\/uploads\/2025\/09\/Imagen-Estudiantes-de-Castilla-en-el-noroccidente-de-Medellin-1-1024x682.jpg\" alt=\"Imagen Estudiantes de Castilla, en el noroccidente de Medell\u00edn (1)\" width=\"1024\" height=\"682\" srcset=\"https:\/\/www.medellin.gov.co\/es\/wp-content\/uploads\/2025\/09\/Imagen-Estudiantes-de-Castilla-en-el-noroccidente-de-Medellin-1-1024x682.jpg 1024w, https:\/\/www.medellin.gov.co\/es\/wp-content\/uploads\/2025\/09\/Imagen-Estudiantes-de-Castilla-en-el-noroccidente-de-Medellin-1-300x200.jpg 300w, https:\/\/www.medellin.gov.co\/es\/wp-content\/uploads\/2025\/09\/Imagen-Estudiantes-de-Castilla-en-el-noroccidente-de-Medellin-1-150x100.jpg 150w, https:\/\/www.medellin.gov.co\/es\/wp-content\/uploads\/2025\/09\/Imagen-Estudiantes-de-Castilla-en-el-noroccidente-de-Medellin-1-768x512.jpg 768w, https:\/\/www.medellin.gov.co\/es\/wp-content\/uploads\/2025\/09\/Imagen-Estudiantes-de-Castilla-en-el-noroccidente-de-Medellin-1.jpg 1081w\" sizes=\"(max-width: 1024px) 100vw, 1024px\" \/><\/p>\n<p><em>\u201cLas inversiones nos han permitido mejorar m\u00faltiples espacios de la Instituci\u00f3n Alfonso L\u00f3pez y su secci\u00f3n anexa Crisanto Luque, como aulas, restaurantes escolares y rampas. Esta intervenci\u00f3n hace parte del primer grupo de instituciones de renovaci\u00f3n, donde ofreceremos los mejores ambientes escolares\u201d, <\/em>indic\u00f3 el subsecretario Administrativo y Financiero de la Secretar\u00eda de Educaci\u00f3n, Anderson Garc\u00eda.<\/p>\n<p>En la Instituci\u00f3n Educativa Alfonso L\u00f3pez, los trabajos comprendieron la renovaci\u00f3n de redes hidrosanitarias y el\u00e9ctricas, techos y cubiertas, unidades sanitarias, pisos, puertas y ventaner\u00eda, adem\u00e1s de la construcci\u00f3n de rampas y limpieza de fachada y pintura en general.<\/p>\n<p><img loading=\"lazy\" class=\"alignnone size-large wp-image-459475\" src=\"https:\/\/www.medellin.gov.co\/es\/wp-content\/uploads\/2025\/09\/Imagen-Estudiantes-de-Castilla-en-el-noroccidente-de-Medellin-3-1024x682.jpg\" alt=\"Imagen Estudiantes de Castilla, en el noroccidente de Medell\u00edn (2)\" width=\"1024\" height=\"682\" srcset=\"https:\/\/www.medellin.gov.co\/es\/wp-content\/uploads\/2025\/09\/Imagen-Estudiantes-de-Castilla-en-el-noroccidente-de-Medellin-3-1024x682.jpg 1024w, https:\/\/www.medellin.gov.co\/es\/wp-content\/uploads\/2025\/09\/Imagen-Estudiantes-de-Castilla-en-el-noroccidente-de-Medellin-3-300x200.jpg 300w, https:\/\/www.medellin.gov.co\/es\/wp-content\/uploads\/2025\/09\/Imagen-Estudiantes-de-Castilla-en-el-noroccidente-de-Medellin-3-150x100.jpg 150w, https:\/\/www.medellin.gov.co\/es\/wp-content\/uploads\/2025\/09\/Imagen-Estudiantes-de-Castilla-en-el-noroccidente-de-Medellin-3-768x512.jpg 768w, https:\/\/www.medellin.gov.co\/es\/wp-content\/uploads\/2025\/09\/Imagen-Estudiantes-de-Castilla-en-el-noroccidente-de-Medellin-3.jpg 1081w\" sizes=\"(max-width: 1024px) 100vw, 1024px\" \/><\/p>\n<p>En la Crisanto Luque, la intervenci\u00f3n incluy\u00f3 la adecuaci\u00f3n del restaurante, la renovaci\u00f3n de redes hidrosanitarias y el\u00e9ctricas, techos y cubiertas, unidades sanitarias, pisos y pintura en general.<\/p>\n<p><img loading=\"lazy\" class=\"alignnone size-large wp-image-459474\" src=\"https:\/\/www.medellin.gov.co\/es\/wp-content\/uploads\/2025\/09\/Imagen-Estudiantes-de-Castilla-en-el-noroccidente-de-Medellin-2-1024x682.jpg\" alt=\"Imagen Estudiantes de Castilla, en el noroccidente de Medell\u00edn (2)\" width=\"1024\" height=\"682\" srcset=\"https:\/\/www.medellin.gov.co\/es\/wp-content\/uploads\/2025\/09\/Imagen-Estudiantes-de-Castilla-en-el-noroccidente-de-Medellin-2-1024x682.jpg 1024w, https:\/\/www.medellin.gov.co\/es\/wp-content\/uploads\/2025\/09\/Imagen-Estudiantes-de-Castilla-en-el-noroccidente-de-Medellin-2-300x200.jpg 300w, https:\/\/www.medellin.gov.co\/es\/wp-content\/uploads\/2025\/09\/Imagen-Estudiantes-de-Castilla-en-el-noroccidente-de-Medellin-2-150x100.jpg 150w, https:\/\/www.medellin.gov.co\/es\/wp-content\/uploads\/2025\/09\/Imagen-Estudiantes-de-Castilla-en-el-noroccidente-de-Medellin-2-768x512.jpg 768w, https:\/\/www.medellin.gov.co\/es\/wp-content\/uploads\/2025\/09\/Imagen-Estudiantes-de-Castilla-en-el-noroccidente-de-Medellin-2.jpg 1081w\" sizes=\"(max-width: 1024px) 100vw, 1024px\" \/><\/p>\n<p><em>\u201cLe apostamos a la educaci\u00f3n como motor de la transformaci\u00f3n social. Las comunidades de estas dos sedes ya disfrutan de espacios renovados, ratificando el compromiso de nuestro alcalde con la inversi\u00f3n hist\u00f3rica de m\u00e1s de $1.2 <\/em><em>billones en infraestructura educativa<\/em>\u201d, destac\u00f3 el gerente de la Empresa de Desarrollo Urbano, Emiro Vald\u00e9s L\u00f3pez.<\/p>\n<p><img loading=\"lazy\" class=\"alignnone size-large wp-image-459477\" src=\"https:\/\/www.medellin.gov.co\/es\/wp-content\/uploads\/2025\/09\/Imagen-Estudiantes-de-Castilla-en-el-noroccidente-de-Medellin-4-1024x682.jpg\" alt=\"Imagen Estudiantes de Castilla, en el noroccidente de Medell\u00edn (2)\" width=\"1024\" height=\"682\" srcset=\"https:\/\/www.medellin.gov.co\/es\/wp-content\/uploads\/2025\/09\/Imagen-Estudiantes-de-Castilla-en-el-noroccidente-de-Medellin-4-1024x682.jpg 1024w, https:\/\/www.medellin.gov.co\/es\/wp-content\/uploads\/2025\/09\/Imagen-Estudiantes-de-Castilla-en-el-noroccidente-de-Medellin-4-300x200.jpg 300w, https:\/\/www.medellin.gov.co\/es\/wp-content\/uploads\/2025\/09\/Imagen-Estudiantes-de-Castilla-en-el-noroccidente-de-Medellin-4-150x100.jpg 150w, https:\/\/www.medellin.gov.co\/es\/wp-content\/uploads\/2025\/09\/Imagen-Estudiantes-de-Castilla-en-el-noroccidente-de-Medellin-4-768x512.jpg 768w, https:\/\/www.medellin.gov.co\/es\/wp-content\/uploads\/2025\/09\/Imagen-Estudiantes-de-Castilla-en-el-noroccidente-de-Medellin-4.jpg 1081w\" sizes=\"(max-width: 1024px) 100vw, 1024px\" \/><\/p>\n<p>Como parte del plan de infraestructura educativa, la EDU ya ha finalizado m\u00e1s de 300 mejoramientos a establecimientos oficiales y avanza con los dise\u00f1os de los diez nuevos megacolegios contemplados en el Plan de Desarrollo 2024-2027.<\/p>\n","protected":false},"excerpt":{"rendered":"<p>Estas obras benefician a m\u00e1s de 18.000 alumnos. En las sedes Crisanto Luque y Alfonso L\u00f3pez, la Alcald\u00eda de Medell\u00edn invirti\u00f3 m\u00e1s de $6.100 millones. Con una inversi\u00f3n superior a los $42.000 millones, la Administraci\u00f3n &#8230;<\/p>\n","protected":false},"author":97,"featured_media":459478,"comment_status":"open","ping_status":"open","sticky":false,"template":"","format":"standard","meta":[],"categories":[17],"tags":[634,431,442],"formato_nota":[],"programas_tax":[],"acf":[],"_links":{"self":[{"href":"https:\/\/www.medellin.gov.co\/es\/wp-json\/wp\/v2\/posts\/459465"}],"collection":[{"href":"https:\/\/www.medellin.gov.co\/es\/wp-json\/wp\/v2\/posts"}],"about":[{"href":"https:\/\/www.medellin.gov.co\/es\/wp-json\/wp\/v2\/types\/post"}],"author":[{"embeddable":true,"href":"https:\/\/www.medellin.gov.co\/es\/wp-json\/wp\/v2\/users\/97"}],"replies":[{"embeddable":true,"href":"https:\/\/www.medellin.gov.co\/es\/wp-json\/wp\/v2\/comments?post=459465"}],"version-history":[{"count":1,"href":"https:\/\/www.medellin.gov.co\/es\/wp-json\/wp\/v2\/posts\/459465\/revisions"}],"predecessor-version":[{"id":459483,"href":"https:\/\/www.medellin.gov.co\/es\/wp-json\/wp\/v2\/posts\/459465\/revisions\/459483"}],"wp:featuredmedia":[{"embeddable":true,"href":"https:\/\/www.medellin.gov.co\/es\/wp-json\/wp\/v2\/media\/459478"}],"wp:attachment":[{"href":"https:\/\/www.medellin.gov.co\/es\/wp-json\/wp\/v2\/media?parent=459465"}],"wp:term":[{"taxonomy":"category","embeddable":true,"href":"https:\/\/www.medellin.gov.co\/es\/wp-json\/wp\/v2\/categories?post=459465"},{"taxonomy":"post_tag","embeddable":true,"href":"https:\/\/www.medellin.gov.co\/es\/wp-json\/wp\/v2\/tags?post=459465"},{"taxonomy":"formato_nota","embeddable":true,"href":"https:\/\/www.medellin.gov.co\/es\/wp-json\/wp\/v2\/formato_nota?post=459465"},{"taxonomy":"programas_tax","embeddable":true,"href":"https:\/\/www.medellin.gov.co\/es\/wp-json\/wp\/v2\/programas_tax?post=459465"}],"curies":[{"name":"wp","href":"https:\/\/api.w.org\/{rel}","templated":true}]}}