{"id":459484,"date":"2025-09-27T15:58:20","date_gmt":"2025-09-27T20:58:20","guid":{"rendered":"https:\/\/www.medellin.gov.co\/es\/?p=459484"},"modified":"2025-09-27T15:58:20","modified_gmt":"2025-09-27T20:58:20","slug":"medellin-respira-arte-urbano-y-expresa-su-diversidad-resiliencia-y-transformacion-en-la-primera-bienal-de-grafiti","status":"publish","type":"post","link":"https:\/\/www.medellin.gov.co\/es\/sala-de-prensa\/noticias\/medellin-respira-arte-urbano-y-expresa-su-diversidad-resiliencia-y-transformacion-en-la-primera-bienal-de-grafiti\/","title":{"rendered":"Medell\u00edn respira arte urbano y expresa su diversidad, resiliencia y transformaci\u00f3n en la Primera Bienal de Grafiti"},"content":{"rendered":"<ul>\n<li>Artistas de Estados Unidos, Rep\u00fablica Dominicana, Venezuela, Pa\u00edses Bajos, Per\u00fa y Colombia se dan cita en este evento, llamado Latidos, para intervenir algunos muros.<\/li>\n<li>As\u00ed, el Distrito avanza como epicentro de esta expresi\u00f3n art\u00edstica en Latinoam\u00e9rica. Durante las jornadas tambi\u00e9n hubo talleres y conversatorios.<\/li>\n<\/ul>\n<!--[if lt IE 9]><script>document.createElement('audio');<\/script><![endif]-->\n\t<div class=\"wp-playlist wp-audio-playlist wp-playlist-light\">\n\t\t\t<div class=\"wp-playlist-current-item\"><\/div>\n\t\t<audio controls=\"controls\" preload=\"none\" width=\"640\"\n\t\t\t><\/audio>\n\t<div class=\"wp-playlist-next\"><\/div>\n\t<div class=\"wp-playlist-prev\"><\/div>\n\t<noscript>\n\t<ol>\n\t\t<li><a href='https:\/\/www.medellin.gov.co\/es\/wp-content\/uploads\/2025\/09\/Declaraciones-del-director-de-la-Agencia-APP-Daniel-Escobar-Valencia.mp3'>Declaraciones del director de la Agencia APP, Daniel Escobar\u00a0Valencia<\/a><\/li>\t<\/ol>\n\t<\/noscript>\n\t<script type=\"application\/json\" class=\"wp-playlist-script\">{\"type\":\"audio\",\"tracklist\":true,\"tracknumbers\":true,\"images\":true,\"artists\":true,\"tracks\":[{\"src\":\"https:\\\/\\\/www.medellin.gov.co\\\/es\\\/wp-content\\\/uploads\\\/2025\\\/09\\\/Declaraciones-del-director-de-la-Agencia-APP-Daniel-Escobar-Valencia.mp3\",\"type\":\"audio\\\/mpeg\",\"title\":\"Declaraciones del director de la Agencia APP, Daniel Escobar\\u00a0Valencia\",\"caption\":\"\",\"description\":\"\\u00abDeclaraciones del director de la Agencia APP, Daniel Escobar\\u00a0Valencia\\u00bb.\",\"meta\":{\"length_formatted\":\"0:44\"},\"image\":{\"src\":\"https:\\\/\\\/www.medellin.gov.co\\\/es\\\/wp-includes\\\/images\\\/media\\\/audio.png\",\"width\":48,\"height\":64},\"thumb\":{\"src\":\"https:\\\/\\\/www.medellin.gov.co\\\/es\\\/wp-includes\\\/images\\\/media\\\/audio.png\",\"width\":48,\"height\":64}}]}<\/script>\n<\/div>\n\t\n<p>Muros de Medell\u00edn se convirtieron en lienzos para plasmar la transformaci\u00f3n y el esp\u00edritu resiliente de la ciudad. Sucedi\u00f3 gracias a un grupo de talentosos artistas y en el marco de Latidos, la Primera Bienal de Grafiti y Arte Urbano, organizada por la Agencia APP, el Gremio de Creadores y Gestores de Arte Urbano Gr\u00e1fico del Distrito y el Valle de Aburr\u00e1 \u2013 Comunigraff\u2013y la Secretar\u00eda de Cultura.<\/p>\n<p>Las obras, que llenaron de color a distintos sectores, pueden apreciarse en el complejo acu\u00e1tico de la Unidad Deportiva Atanasio Girardot (Estadio) y Comfenalco de la Av. Guayabal.<\/p>\n<p><img loading=\"lazy\" class=\"alignnone size-large wp-image-459487\" src=\"https:\/\/www.medellin.gov.co\/es\/wp-content\/uploads\/2025\/09\/Imagen-Medellin-respira-arte-urbano-3-1024x576.jpg\" alt=\"Imagen Medell\u00edn respira arte urbano (3)\" width=\"1024\" height=\"576\" srcset=\"https:\/\/www.medellin.gov.co\/es\/wp-content\/uploads\/2025\/09\/Imagen-Medellin-respira-arte-urbano-3-1024x576.jpg 1024w, https:\/\/www.medellin.gov.co\/es\/wp-content\/uploads\/2025\/09\/Imagen-Medellin-respira-arte-urbano-3-300x169.jpg 300w, https:\/\/www.medellin.gov.co\/es\/wp-content\/uploads\/2025\/09\/Imagen-Medellin-respira-arte-urbano-3-150x84.jpg 150w, https:\/\/www.medellin.gov.co\/es\/wp-content\/uploads\/2025\/09\/Imagen-Medellin-respira-arte-urbano-3-768x432.jpg 768w, https:\/\/www.medellin.gov.co\/es\/wp-content\/uploads\/2025\/09\/Imagen-Medellin-respira-arte-urbano-3.jpg 1280w\" sizes=\"(max-width: 1024px) 100vw, 1024px\" \/><\/p>\n<p><em>\u201cCon la realizaci\u00f3n de este evento queremos posicionar la Bienal en el radar internacional de las grandes citas culturales y art\u00edsticas. Adem\u00e1s, en los territorios donde participan estos artistas estamos poniendo en valor p\u00fablico toda nuestra infraestructura, mostrando que la ciudad no solo acoge el talento, sino que tambi\u00e9n dispone escenarios para el arte y la cultura\u201d<\/em>, destac\u00f3 el director de la Agencia APP, Daniel Escobar Valencia.<\/p>\n<p>Desde su inicio, la Bienal de Grafiti y Arte Urbano ha llenado de expresi\u00f3n el espacio p\u00fablico con murales de peque\u00f1o y mediano formato en las comunas 10-La Candelaria; 1-Popular; 3-Manrique; y 15-Guayabal. Estas obras han sido realizadas por artistas y escritores de grafiti del Distrito. Ahora, con la llegada de exponentes de talla mundial, Medell\u00edn suma nuevas intervenciones que dejan una huella duradera en los muros de la ciudad y fortalecen el v\u00ednculo entre arte, territorio y comunidad.<\/p>\n<p><img loading=\"lazy\" class=\"size-full wp-image-459486 aligncenter\" src=\"https:\/\/www.medellin.gov.co\/es\/wp-content\/uploads\/2025\/09\/Imagen-Medellin-respira-arte-urbano-2.jpg\" alt=\"Imagen Medell\u00edn respira arte urbano (2)\" width=\"540\" height=\"720\" srcset=\"https:\/\/www.medellin.gov.co\/es\/wp-content\/uploads\/2025\/09\/Imagen-Medellin-respira-arte-urbano-2.jpg 540w, https:\/\/www.medellin.gov.co\/es\/wp-content\/uploads\/2025\/09\/Imagen-Medellin-respira-arte-urbano-2-225x300.jpg 225w, https:\/\/www.medellin.gov.co\/es\/wp-content\/uploads\/2025\/09\/Imagen-Medellin-respira-arte-urbano-2-113x150.jpg 113w\" sizes=\"(max-width: 540px) 100vw, 540px\" \/><\/p>\n<p><em>\u201cPara nosotros, como artistas y como gremio, Latidos representa el evento de arte <\/em><em>urbano y grafiti m\u00e1s grande de Medell\u00edn y es la oportunidad de mostrar los <\/em><em>procesos que se han venido desarrollando durante a\u00f1os: el trabajo de los colectivos, los festivales, las escuelas y las propuestas de los artistas independientes. Con la participaci\u00f3n de grandes exponentes internacionales del arte urbano y el grafiti, Medell\u00edn vive un intercambio cultural \u00fanico que enriquece las perspectivas tanto de los artistas como de la comunidad, fortaleciendo los procesos locales y visibilizando ante el mundo las apuestas y propuestas de los creadores de la ciudad\u201d, <\/em>dijo Kozte, representante de Comunigraff.<\/p>\n<p>El grupo de invitados internacionales estuvo conformado por Axel Void (Estados Unidos), Angurria (Rep\u00fablica Dominicana), Senk (Venezuela), Does (Pa\u00edses Bajos), Entes (Per\u00fa) y Gleo (Colombia).<\/p>\n<p>De manera paralela, se llevaron a cabo talleres de t\u00e9cnica, charlas y conversatorios virtuales tanto con los invitados internacionales como con referentes nacionales, propiciando el intercambio cultural y el aprendizaje colectivo.<\/p>\n<p><img loading=\"lazy\" class=\"size-full wp-image-459485 aligncenter\" src=\"https:\/\/www.medellin.gov.co\/es\/wp-content\/uploads\/2025\/09\/Imagen-Medellin-respira-arte-urbano-1.jpg\" alt=\"Imagen Medell\u00edn respira arte urbano (1)\" width=\"405\" height=\"720\" srcset=\"https:\/\/www.medellin.gov.co\/es\/wp-content\/uploads\/2025\/09\/Imagen-Medellin-respira-arte-urbano-1.jpg 405w, https:\/\/www.medellin.gov.co\/es\/wp-content\/uploads\/2025\/09\/Imagen-Medellin-respira-arte-urbano-1-169x300.jpg 169w, https:\/\/www.medellin.gov.co\/es\/wp-content\/uploads\/2025\/09\/Imagen-Medellin-respira-arte-urbano-1-84x150.jpg 84w\" sizes=\"(max-width: 405px) 100vw, 405px\" \/><\/p>\n<p>Con Latidos, Medell\u00edn respira y se transforma al ritmo del grafiti y arte urbano. Cada obra trasciende la pintura: es un testimonio vivo de diversidad, identidad y encuentro ciudadano.<\/p>\n","protected":false},"excerpt":{"rendered":"<p>Artistas de Estados Unidos, Rep\u00fablica Dominicana, Venezuela, Pa\u00edses Bajos, Per\u00fa y Colombia se dan cita en este evento, llamado Latidos, para intervenir algunos muros. As\u00ed, el Distrito avanza como epicentro de esta expresi\u00f3n art\u00edstica en &#8230;<\/p>\n","protected":false},"author":97,"featured_media":459488,"comment_status":"open","ping_status":"open","sticky":false,"template":"","format":"standard","meta":[],"categories":[17],"tags":[634,444,440],"formato_nota":[],"programas_tax":[],"acf":[],"_links":{"self":[{"href":"https:\/\/www.medellin.gov.co\/es\/wp-json\/wp\/v2\/posts\/459484"}],"collection":[{"href":"https:\/\/www.medellin.gov.co\/es\/wp-json\/wp\/v2\/posts"}],"about":[{"href":"https:\/\/www.medellin.gov.co\/es\/wp-json\/wp\/v2\/types\/post"}],"author":[{"embeddable":true,"href":"https:\/\/www.medellin.gov.co\/es\/wp-json\/wp\/v2\/users\/97"}],"replies":[{"embeddable":true,"href":"https:\/\/www.medellin.gov.co\/es\/wp-json\/wp\/v2\/comments?post=459484"}],"version-history":[{"count":1,"href":"https:\/\/www.medellin.gov.co\/es\/wp-json\/wp\/v2\/posts\/459484\/revisions"}],"predecessor-version":[{"id":459494,"href":"https:\/\/www.medellin.gov.co\/es\/wp-json\/wp\/v2\/posts\/459484\/revisions\/459494"}],"wp:featuredmedia":[{"embeddable":true,"href":"https:\/\/www.medellin.gov.co\/es\/wp-json\/wp\/v2\/media\/459488"}],"wp:attachment":[{"href":"https:\/\/www.medellin.gov.co\/es\/wp-json\/wp\/v2\/media?parent=459484"}],"wp:term":[{"taxonomy":"category","embeddable":true,"href":"https:\/\/www.medellin.gov.co\/es\/wp-json\/wp\/v2\/categories?post=459484"},{"taxonomy":"post_tag","embeddable":true,"href":"https:\/\/www.medellin.gov.co\/es\/wp-json\/wp\/v2\/tags?post=459484"},{"taxonomy":"formato_nota","embeddable":true,"href":"https:\/\/www.medellin.gov.co\/es\/wp-json\/wp\/v2\/formato_nota?post=459484"},{"taxonomy":"programas_tax","embeddable":true,"href":"https:\/\/www.medellin.gov.co\/es\/wp-json\/wp\/v2\/programas_tax?post=459484"}],"curies":[{"name":"wp","href":"https:\/\/api.w.org\/{rel}","templated":true}]}}