{"id":459495,"date":"2025-09-28T15:44:44","date_gmt":"2025-09-28T20:44:44","guid":{"rendered":"https:\/\/www.medellin.gov.co\/es\/?p=459495"},"modified":"2025-09-28T15:44:44","modified_gmt":"2025-09-28T20:44:44","slug":"la-perla-avanza-con-acciones-por-el-bienestar-de-los-animales-que-van-de-la-mano-del-cuidado-del-medio-ambiente","status":"publish","type":"post","link":"https:\/\/www.medellin.gov.co\/es\/sala-de-prensa\/noticias\/la-perla-avanza-con-acciones-por-el-bienestar-de-los-animales-que-van-de-la-mano-del-cuidado-del-medio-ambiente\/","title":{"rendered":"La Perla avanza con acciones por el bienestar de los animales que van de la mano del cuidado del medio ambiente"},"content":{"rendered":"<ul>\n<li>En promedio, cada mes se recolectan 34 toneladas de excretas animales que se transforman en abono org\u00e1nico de alta calidad, usado en jardines y espacios verdes de Medell\u00edn.<\/li>\n<li>M\u00e1s de 2.700 kilos de residuos peligrosos, entre ellos los hospitalarios, fueron entregados a gestores autorizados, en agosto, para garantizar su correcta disposici\u00f3n.<\/li>\n<\/ul>\n<!--[if lt IE 9]><script>document.createElement('audio');<\/script><![endif]-->\n\t<div class=\"wp-playlist wp-audio-playlist wp-playlist-light\">\n\t\t\t<div class=\"wp-playlist-current-item\"><\/div>\n\t\t<audio controls=\"controls\" preload=\"none\" width=\"640\"\n\t\t\t><\/audio>\n\t<div class=\"wp-playlist-next\"><\/div>\n\t<div class=\"wp-playlist-prev\"><\/div>\n\t<noscript>\n\t<ol>\n\t\t<li><a href='https:\/\/www.medellin.gov.co\/es\/wp-content\/uploads\/2025\/09\/Declaraciones-de-la-subsecretaria-de-Proteccion-y-Bienestar-Animal-Elizabeth-Coral.mp3'>Declaraciones de la subsecretaria de Protecci\u00f3n y Bienestar Animal,\u00a0Elizabeth\u00a0Coral<\/a><\/li>\t<\/ol>\n\t<\/noscript>\n\t<script type=\"application\/json\" class=\"wp-playlist-script\">{\"type\":\"audio\",\"tracklist\":true,\"tracknumbers\":true,\"images\":true,\"artists\":true,\"tracks\":[{\"src\":\"https:\\\/\\\/www.medellin.gov.co\\\/es\\\/wp-content\\\/uploads\\\/2025\\\/09\\\/Declaraciones-de-la-subsecretaria-de-Proteccion-y-Bienestar-Animal-Elizabeth-Coral.mp3\",\"type\":\"audio\\\/mpeg\",\"title\":\"Declaraciones de la subsecretaria de Protecci\\u00f3n y Bienestar Animal,\\u00a0Elizabeth\\u00a0Coral\",\"caption\":\"\",\"description\":\"\\u00abDeclaraciones de la subsecretaria de Protecci\\u00f3n y Bienestar Animal,\\u00a0Elizabeth\\u00a0Coral\\u00bb.\",\"meta\":{\"length_formatted\":\"0:40\"},\"image\":{\"src\":\"https:\\\/\\\/www.medellin.gov.co\\\/es\\\/wp-includes\\\/images\\\/media\\\/audio.png\",\"width\":48,\"height\":64},\"thumb\":{\"src\":\"https:\\\/\\\/www.medellin.gov.co\\\/es\\\/wp-includes\\\/images\\\/media\\\/audio.png\",\"width\":48,\"height\":64}}]}<\/script>\n<\/div>\n\t\n<p>El Centro de Bienestar Animal La Perla avanza en la consolidaci\u00f3n de un modelo integral de sostenibilidad, que incluye el manejo responsable de residuos, el aprovechamiento de aguas lluvias, el compostaje de excretas y el ahorro energ\u00e9tico. Estas pr\u00e1cticas no solo protegen a m\u00e1s de 2.600 animales que residen en sus instalaciones, sino que contribuyen a la conservaci\u00f3n ambiental de Medell\u00edn.<\/p>\n<p><img loading=\"lazy\" class=\"alignnone size-large wp-image-459505\" src=\"https:\/\/www.medellin.gov.co\/es\/wp-content\/uploads\/2025\/09\/Imagen-La-Perla-avanza-con-acciones-por-el-bienestar-de-los-animales-4-1024x682.jpg\" alt=\"Imagen La Perla avanza con acciones por el bienestar de los animales (1)\" width=\"1024\" height=\"682\" srcset=\"https:\/\/www.medellin.gov.co\/es\/wp-content\/uploads\/2025\/09\/Imagen-La-Perla-avanza-con-acciones-por-el-bienestar-de-los-animales-4-1024x682.jpg 1024w, https:\/\/www.medellin.gov.co\/es\/wp-content\/uploads\/2025\/09\/Imagen-La-Perla-avanza-con-acciones-por-el-bienestar-de-los-animales-4-300x200.jpg 300w, https:\/\/www.medellin.gov.co\/es\/wp-content\/uploads\/2025\/09\/Imagen-La-Perla-avanza-con-acciones-por-el-bienestar-de-los-animales-4-150x100.jpg 150w, https:\/\/www.medellin.gov.co\/es\/wp-content\/uploads\/2025\/09\/Imagen-La-Perla-avanza-con-acciones-por-el-bienestar-de-los-animales-4-768x512.jpg 768w, https:\/\/www.medellin.gov.co\/es\/wp-content\/uploads\/2025\/09\/Imagen-La-Perla-avanza-con-acciones-por-el-bienestar-de-los-animales-4.jpg 1081w\" sizes=\"(max-width: 1024px) 100vw, 1024px\" \/><\/p>\n<p>La subsecretaria de Protecci\u00f3n y Bienestar Animal, Elizabeth Coral, destac\u00f3 que <em>\u201cLa Perla es mucho m\u00e1s que un centro de protecci\u00f3n animal: es un referente de sostenibilidad y de compromiso con Medell\u00edn. Aqu\u00ed demostramos que el bienestar de los animales puede ir de la mano con el cuidado del ambiente, a trav\u00e9s de pr\u00e1cticas responsables e innovadoras\u201d<\/em>.<\/p>\n<p>Uno de los procesos m\u00e1s innovadores es el compostaje de excretas, el residuo que mayor volumen se genera en el centro. Cada d\u00eda se recolectan 40 bultos de compostaje de aproximadamente 25 kilogramos cada uno, lo que equivale a una tonelada diaria y a ocho semanales. Este producto se convierte en abono seguro y \u00fatil, empleado en la recuperaci\u00f3n de espacios verdes y en el fortalecimiento de la econom\u00eda circular.<\/p>\n<p><img loading=\"lazy\" class=\"alignnone size-large wp-image-459504\" src=\"https:\/\/www.medellin.gov.co\/es\/wp-content\/uploads\/2025\/09\/Imagen-La-Perla-avanza-con-acciones-por-el-bienestar-de-los-animales-3-1024x682.jpg\" alt=\"Imagen La Perla avanza con acciones por el bienestar de los animales (1)\" width=\"1024\" height=\"682\" srcset=\"https:\/\/www.medellin.gov.co\/es\/wp-content\/uploads\/2025\/09\/Imagen-La-Perla-avanza-con-acciones-por-el-bienestar-de-los-animales-3-1024x682.jpg 1024w, https:\/\/www.medellin.gov.co\/es\/wp-content\/uploads\/2025\/09\/Imagen-La-Perla-avanza-con-acciones-por-el-bienestar-de-los-animales-3-300x200.jpg 300w, https:\/\/www.medellin.gov.co\/es\/wp-content\/uploads\/2025\/09\/Imagen-La-Perla-avanza-con-acciones-por-el-bienestar-de-los-animales-3-150x100.jpg 150w, https:\/\/www.medellin.gov.co\/es\/wp-content\/uploads\/2025\/09\/Imagen-La-Perla-avanza-con-acciones-por-el-bienestar-de-los-animales-3-768x512.jpg 768w, https:\/\/www.medellin.gov.co\/es\/wp-content\/uploads\/2025\/09\/Imagen-La-Perla-avanza-con-acciones-por-el-bienestar-de-los-animales-3.jpg 1081w\" sizes=\"(max-width: 1024px) 100vw, 1024px\" \/><\/p>\n<p>Adem\u00e1s, el centro trabaja de la mano con la Asociaci\u00f3n de Recicladores -ARPA, de Altavista, para entregar materiales aprovechables como cart\u00f3n, vidrio y aluminio, garantizando inclusi\u00f3n social y promoviendo el aprovechamiento responsable. Tambi\u00e9n, Emvarias asegura la correcta gesti\u00f3n de los residuos no aprovechables.<\/p>\n<p><img loading=\"lazy\" class=\"alignnone size-large wp-image-459498\" src=\"https:\/\/www.medellin.gov.co\/es\/wp-content\/uploads\/2025\/09\/Imagen-La-Perla-avanza-con-acciones-por-el-bienestar-de-los-animales-1-1024x682.jpg\" alt=\"Imagen La Perla avanza con acciones por el bienestar de los animales (1)\" width=\"1024\" height=\"682\" srcset=\"https:\/\/www.medellin.gov.co\/es\/wp-content\/uploads\/2025\/09\/Imagen-La-Perla-avanza-con-acciones-por-el-bienestar-de-los-animales-1-1024x682.jpg 1024w, https:\/\/www.medellin.gov.co\/es\/wp-content\/uploads\/2025\/09\/Imagen-La-Perla-avanza-con-acciones-por-el-bienestar-de-los-animales-1-300x200.jpg 300w, https:\/\/www.medellin.gov.co\/es\/wp-content\/uploads\/2025\/09\/Imagen-La-Perla-avanza-con-acciones-por-el-bienestar-de-los-animales-1-150x100.jpg 150w, https:\/\/www.medellin.gov.co\/es\/wp-content\/uploads\/2025\/09\/Imagen-La-Perla-avanza-con-acciones-por-el-bienestar-de-los-animales-1-768x512.jpg 768w, https:\/\/www.medellin.gov.co\/es\/wp-content\/uploads\/2025\/09\/Imagen-La-Perla-avanza-con-acciones-por-el-bienestar-de-los-animales-1.jpg 1081w\" sizes=\"(max-width: 1024px) 100vw, 1024px\" \/><\/p>\n<p>La capital antioque\u00f1a avanza con paso firme en su compromiso con la protecci\u00f3n y el bienestar animal. En lo corrido de 2025, ya se ha alcanzado el 100 % de la meta de adopciones de toda la fauna dom\u00e9stica en el plan de desarrollo, con m\u00e1s de 1.200 entregas responsables, lo que la ratifica como referente nacional en bienestar animal.<\/p>\n","protected":false},"excerpt":{"rendered":"<p>En promedio, cada mes se recolectan 34 toneladas de excretas animales que se transforman en abono org\u00e1nico de alta calidad, usado en jardines y espacios verdes de Medell\u00edn. M\u00e1s de 2.700 kilos de residuos peligrosos, &#8230;<\/p>\n","protected":false},"author":97,"featured_media":459501,"comment_status":"open","ping_status":"open","sticky":false,"template":"","format":"standard","meta":[],"categories":[13],"tags":[446,436],"formato_nota":[],"programas_tax":[],"acf":[],"_links":{"self":[{"href":"https:\/\/www.medellin.gov.co\/es\/wp-json\/wp\/v2\/posts\/459495"}],"collection":[{"href":"https:\/\/www.medellin.gov.co\/es\/wp-json\/wp\/v2\/posts"}],"about":[{"href":"https:\/\/www.medellin.gov.co\/es\/wp-json\/wp\/v2\/types\/post"}],"author":[{"embeddable":true,"href":"https:\/\/www.medellin.gov.co\/es\/wp-json\/wp\/v2\/users\/97"}],"replies":[{"embeddable":true,"href":"https:\/\/www.medellin.gov.co\/es\/wp-json\/wp\/v2\/comments?post=459495"}],"version-history":[{"count":1,"href":"https:\/\/www.medellin.gov.co\/es\/wp-json\/wp\/v2\/posts\/459495\/revisions"}],"predecessor-version":[{"id":459507,"href":"https:\/\/www.medellin.gov.co\/es\/wp-json\/wp\/v2\/posts\/459495\/revisions\/459507"}],"wp:featuredmedia":[{"embeddable":true,"href":"https:\/\/www.medellin.gov.co\/es\/wp-json\/wp\/v2\/media\/459501"}],"wp:attachment":[{"href":"https:\/\/www.medellin.gov.co\/es\/wp-json\/wp\/v2\/media?parent=459495"}],"wp:term":[{"taxonomy":"category","embeddable":true,"href":"https:\/\/www.medellin.gov.co\/es\/wp-json\/wp\/v2\/categories?post=459495"},{"taxonomy":"post_tag","embeddable":true,"href":"https:\/\/www.medellin.gov.co\/es\/wp-json\/wp\/v2\/tags?post=459495"},{"taxonomy":"formato_nota","embeddable":true,"href":"https:\/\/www.medellin.gov.co\/es\/wp-json\/wp\/v2\/formato_nota?post=459495"},{"taxonomy":"programas_tax","embeddable":true,"href":"https:\/\/www.medellin.gov.co\/es\/wp-json\/wp\/v2\/programas_tax?post=459495"}],"curies":[{"name":"wp","href":"https:\/\/api.w.org\/{rel}","templated":true}]}}