{"id":459509,"date":"2025-09-28T15:51:40","date_gmt":"2025-09-28T20:51:40","guid":{"rendered":"https:\/\/www.medellin.gov.co\/es\/?p=459509"},"modified":"2025-10-27T11:21:36","modified_gmt":"2025-10-27T16:21:36","slug":"la-alcaldia-de-medellin-fortalece-la-proteccion-de-la-maternidad-con-mas-de-200-salas-amigas-en-funcionamiento","status":"publish","type":"post","link":"https:\/\/www.medellin.gov.co\/es\/sala-de-prensa\/noticias\/la-alcaldia-de-medellin-fortalece-la-proteccion-de-la-maternidad-con-mas-de-200-salas-amigas-en-funcionamiento\/","title":{"rendered":"La Alcald\u00eda de Medell\u00edn fortalece la protecci\u00f3n de la maternidad con m\u00e1s de 200 Salas Amigas en funcionamiento"},"content":{"rendered":"<ul>\n<li>Alrededor de 386 mujeres lactantes ya han usado estos espacios, que garantizan entornos seguros y saludables en el \u00e1mbito laboral.<\/li>\n<\/ul>\n<!--[if lt IE 9]><script>document.createElement('audio');<\/script><![endif]-->\n\t<div class=\"wp-playlist wp-audio-playlist wp-playlist-light\">\n\t\t\t<div class=\"wp-playlist-current-item\"><\/div>\n\t\t<audio controls=\"controls\" preload=\"none\" width=\"640\"\n\t\t\t><\/audio>\n\t<div class=\"wp-playlist-next\"><\/div>\n\t<div class=\"wp-playlist-prev\"><\/div>\n\t<noscript>\n\t<ol>\n\t\t<li><a href='https:\/\/www.medellin.gov.co\/es\/wp-content\/uploads\/2025\/09\/Declaraciones-de-la-subsecretaria-de-Salud-Publica-Luz-Aida-Rendon.-Salas-Amigas.mp3'>Declaraciones de la subsecretaria de Salud P\u00fablica, Luz\u00a0A\u00edda\u00a0Rend\u00f3n. Salas Amigas<\/a><\/li>\t<\/ol>\n\t<\/noscript>\n\t<script type=\"application\/json\" class=\"wp-playlist-script\">{\"type\":\"audio\",\"tracklist\":true,\"tracknumbers\":true,\"images\":true,\"artists\":true,\"tracks\":[{\"src\":\"https:\\\/\\\/www.medellin.gov.co\\\/es\\\/wp-content\\\/uploads\\\/2025\\\/09\\\/Declaraciones-de-la-subsecretaria-de-Salud-Publica-Luz-Aida-Rendon.-Salas-Amigas.mp3\",\"type\":\"audio\\\/mpeg\",\"title\":\"Declaraciones de la subsecretaria de Salud P\\u00fablica, Luz\\u00a0A\\u00edda\\u00a0Rend\\u00f3n. Salas Amigas\",\"caption\":\"\",\"description\":\"\\u00abDeclaraciones de la subsecretaria de Salud P\\u00fablica, Luz\\u00a0A\\u00edda\\u00a0Rend\\u00f3n. Salas Amigas\\u00bb. Lanzamiento: 2025.\",\"meta\":{\"year\":\"2025\",\"length_formatted\":\"0:36\"},\"image\":{\"src\":\"https:\\\/\\\/www.medellin.gov.co\\\/es\\\/wp-includes\\\/images\\\/media\\\/audio.png\",\"width\":48,\"height\":64},\"thumb\":{\"src\":\"https:\\\/\\\/www.medellin.gov.co\\\/es\\\/wp-includes\\\/images\\\/media\\\/audio.png\",\"width\":48,\"height\":64}}]}<\/script>\n<\/div>\n\t\n<p>En el marco del fortalecimiento de la Ruta Integral Materno Perinatal, la Administraci\u00f3n Distrital y su Secretar\u00eda de Salud consolidan el liderazgo en la promoci\u00f3n de la lactancia materna y en la protecci\u00f3n de los derechos de las mujeres trabajadoras, al contar, actualmente, con 212 Salas Amigas de la Familia Lactante en funcionamiento y otras 157 en proceso de implementaci\u00f3n.<\/p>\n<p><img loading=\"lazy\" class=\"alignnone size-full wp-image-459514\" src=\"https:\/\/www.medellin.gov.co\/es\/wp-content\/uploads\/2025\/09\/Imagen-Salas-Amigas-en-funcionamiento-3.jpg\" alt=\"Imagen Salas Amigas en funcionamiento (1)\" width=\"960\" height=\"720\" srcset=\"https:\/\/www.medellin.gov.co\/es\/wp-content\/uploads\/2025\/09\/Imagen-Salas-Amigas-en-funcionamiento-3.jpg 960w, https:\/\/www.medellin.gov.co\/es\/wp-content\/uploads\/2025\/09\/Imagen-Salas-Amigas-en-funcionamiento-3-300x225.jpg 300w, https:\/\/www.medellin.gov.co\/es\/wp-content\/uploads\/2025\/09\/Imagen-Salas-Amigas-en-funcionamiento-3-150x113.jpg 150w, https:\/\/www.medellin.gov.co\/es\/wp-content\/uploads\/2025\/09\/Imagen-Salas-Amigas-en-funcionamiento-3-768x576.jpg 768w\" sizes=\"(max-width: 960px) 100vw, 960px\" \/><\/p>\n<p>Son 369 empresas las que han solicitado la implementaci\u00f3n de estas salas, reflejando un compromiso creciente del sector productivo con la creaci\u00f3n de entornos laborales m\u00e1s saludables y protectores para las familias.<\/p>\n<p>Hasta la fecha, alrededor 386 mujeres lactantes han hecho uso directo de estos espacios, benefici\u00e1ndose de condiciones seguras y adecuadas para la extracci\u00f3n, conservaci\u00f3n y suministro de la leche materna, lo que facilita la conciliaci\u00f3n entre la vida laboral y la maternidad.<\/p>\n<p><img loading=\"lazy\" class=\"alignnone size-large wp-image-459512\" src=\"https:\/\/www.medellin.gov.co\/es\/wp-content\/uploads\/2025\/09\/Imagen-Salas-Amigas-en-funcionamiento-1-1024x574.jpg\" alt=\"Imagen Salas Amigas en funcionamiento (1)\" width=\"1024\" height=\"574\" srcset=\"https:\/\/www.medellin.gov.co\/es\/wp-content\/uploads\/2025\/09\/Imagen-Salas-Amigas-en-funcionamiento-1-1024x574.jpg 1024w, https:\/\/www.medellin.gov.co\/es\/wp-content\/uploads\/2025\/09\/Imagen-Salas-Amigas-en-funcionamiento-1-300x168.jpg 300w, https:\/\/www.medellin.gov.co\/es\/wp-content\/uploads\/2025\/09\/Imagen-Salas-Amigas-en-funcionamiento-1-150x84.jpg 150w, https:\/\/www.medellin.gov.co\/es\/wp-content\/uploads\/2025\/09\/Imagen-Salas-Amigas-en-funcionamiento-1-768x430.jpg 768w, https:\/\/www.medellin.gov.co\/es\/wp-content\/uploads\/2025\/09\/Imagen-Salas-Amigas-en-funcionamiento-1.jpg 1280w\" sizes=\"(max-width: 1024px) 100vw, 1024px\" \/><\/p>\n<p>La subsecretaria de Salud P\u00fablica, Luz A\u00edda Rend\u00f3n, indic\u00f3 que: <em>\u201cen el marco de la ruta materno perinatal, y con el compromiso de fortalecer el binomio madre-hijo, hemos logrado, de la mano del sector privado, la creaci\u00f3n de 212 salas de lactancia materna. Estos espacios buscan garantizar procesos adecuados de extracci\u00f3n y conservaci\u00f3n de la leche materna, favoreciendo as\u00ed la salud y el bienestar de los reci\u00e9n nacidos. De manera articulada, seguimos trabajando con IPS e instituciones universitarias para continuar fortaleciendo esta ruta, porque nuestros ni\u00f1os son el centro de todos los esfuerzos y la lactancia materna es clave para preservar su vida y su seguridad\u201d.<\/em><\/p>\n<p>Actualmente, seis IPS de parto del Distrito cuentan con Salas Amigas que fomentan la lactancia materna desde el \u00e1mbito hospitalario. Estas instituciones son la Cl\u00ednica Soma, el Hospital General, Metrosalud, la Cl\u00ednica Prado, la Cl\u00ednica Bolivariana y la Cl\u00ednica El Rosario. A este esfuerzo se suma el acompa\u00f1amiento t\u00e9cnico a las empresas que implementan estos espacios, garantizando condiciones c\u00e1lidas y confortables para las trabajadoras, con beneficios directos para el binomio madre-hijo y un impacto positivo en la familia, la empresa y la sociedad.<\/p>\n<p><img loading=\"lazy\" class=\"alignnone size-full wp-image-459516\" src=\"https:\/\/www.medellin.gov.co\/es\/wp-content\/uploads\/2025\/09\/Imagen-Salas-Amigas-en-funcionamiento-4.jpg\" alt=\"Imagen Salas Amigas en funcionamiento (1)\" width=\"960\" height=\"720\" srcset=\"https:\/\/www.medellin.gov.co\/es\/wp-content\/uploads\/2025\/09\/Imagen-Salas-Amigas-en-funcionamiento-4.jpg 960w, https:\/\/www.medellin.gov.co\/es\/wp-content\/uploads\/2025\/09\/Imagen-Salas-Amigas-en-funcionamiento-4-300x225.jpg 300w, https:\/\/www.medellin.gov.co\/es\/wp-content\/uploads\/2025\/09\/Imagen-Salas-Amigas-en-funcionamiento-4-150x113.jpg 150w, https:\/\/www.medellin.gov.co\/es\/wp-content\/uploads\/2025\/09\/Imagen-Salas-Amigas-en-funcionamiento-4-768x576.jpg 768w\" sizes=\"(max-width: 960px) 100vw, 960px\" \/><\/p>\n<p>Adem\u00e1s, nueve universidades de Medell\u00edn se han vinculado con la solicitud de acompa\u00f1amiento para la implementaci\u00f3n de las Salas Amigas. Entre ellas se destacan la Universidad CES, la Universidad Remington, la Universidad de Antioquia, la Universidad Cat\u00f3lica Luis Amig\u00f3, el Tecnol\u00f3gico de Antioquia, el ITM, la Universidad Santo Tom\u00e1s, la Universidad de Medell\u00edn y la Universidad Nacional.<\/p>\n<p>Con esta consolidaci\u00f3n de espacios, la ciudad reafirma su compromiso de trabajar de la mano con el sector privado y acad\u00e9mico para fortalecer la lactancia materna, garantizar los derechos de las mujeres y avanzar en la construcci\u00f3n de una ciudad que cuida y acompa\u00f1a a sus familias.<\/p>\n","protected":false},"excerpt":{"rendered":"<p>Alrededor de 386 mujeres lactantes ya han usado estos espacios, que garantizan entornos seguros y saludables en el \u00e1mbito laboral. En el marco del fortalecimiento de la Ruta Integral Materno Perinatal, la Administraci\u00f3n Distrital y &#8230;<\/p>\n","protected":false},"author":97,"featured_media":459513,"comment_status":"open","ping_status":"open","sticky":false,"template":"","format":"standard","meta":[],"categories":[18],"tags":[437,451,435,625,452],"formato_nota":[],"programas_tax":[],"acf":[],"_links":{"self":[{"href":"https:\/\/www.medellin.gov.co\/es\/wp-json\/wp\/v2\/posts\/459509"}],"collection":[{"href":"https:\/\/www.medellin.gov.co\/es\/wp-json\/wp\/v2\/posts"}],"about":[{"href":"https:\/\/www.medellin.gov.co\/es\/wp-json\/wp\/v2\/types\/post"}],"author":[{"embeddable":true,"href":"https:\/\/www.medellin.gov.co\/es\/wp-json\/wp\/v2\/users\/97"}],"replies":[{"embeddable":true,"href":"https:\/\/www.medellin.gov.co\/es\/wp-json\/wp\/v2\/comments?post=459509"}],"version-history":[{"count":1,"href":"https:\/\/www.medellin.gov.co\/es\/wp-json\/wp\/v2\/posts\/459509\/revisions"}],"predecessor-version":[{"id":459519,"href":"https:\/\/www.medellin.gov.co\/es\/wp-json\/wp\/v2\/posts\/459509\/revisions\/459519"}],"wp:featuredmedia":[{"embeddable":true,"href":"https:\/\/www.medellin.gov.co\/es\/wp-json\/wp\/v2\/media\/459513"}],"wp:attachment":[{"href":"https:\/\/www.medellin.gov.co\/es\/wp-json\/wp\/v2\/media?parent=459509"}],"wp:term":[{"taxonomy":"category","embeddable":true,"href":"https:\/\/www.medellin.gov.co\/es\/wp-json\/wp\/v2\/categories?post=459509"},{"taxonomy":"post_tag","embeddable":true,"href":"https:\/\/www.medellin.gov.co\/es\/wp-json\/wp\/v2\/tags?post=459509"},{"taxonomy":"formato_nota","embeddable":true,"href":"https:\/\/www.medellin.gov.co\/es\/wp-json\/wp\/v2\/formato_nota?post=459509"},{"taxonomy":"programas_tax","embeddable":true,"href":"https:\/\/www.medellin.gov.co\/es\/wp-json\/wp\/v2\/programas_tax?post=459509"}],"curies":[{"name":"wp","href":"https:\/\/api.w.org\/{rel}","templated":true}]}}