{"id":460185,"date":"2025-09-30T17:24:27","date_gmt":"2025-09-30T22:24:27","guid":{"rendered":"https:\/\/www.medellin.gov.co\/es\/?p=460185"},"modified":"2025-09-30T17:24:27","modified_gmt":"2025-09-30T22:24:27","slug":"san-antonio-de-prado-vivio-sus-fiestas-con-musica-cultura-y-tradicion","status":"publish","type":"post","link":"https:\/\/www.medellin.gov.co\/es\/sala-de-prensa\/noticias\/san-antonio-de-prado-vivio-sus-fiestas-con-musica-cultura-y-tradicion\/","title":{"rendered":"San Antonio de Prado vivi\u00f3 sus fiestas con m\u00fasica, cultura y tradici\u00f3n"},"content":{"rendered":"<blockquote><p><em>La tarde y la noche estuvieron marcadas por el talento art\u00edstico y musical, en donde los m\u00e1s de 1000 asistentes disfrutaron de un concierto inolvidable.<\/em><\/p><\/blockquote>\n<p>El pasado 27 de septiembre San Antonio de Prado se llen\u00f3 de alegr\u00eda, orgullo y tradici\u00f3n con la celebraci\u00f3n de sus fiestas, organizadas por la Administraci\u00f3n Distrital en el parque principal de este corregimiento. Fue una jornada que uni\u00f3 a familias, vecinos y visitantes alrededor de la cultura, el arte y la m\u00fasica, en un ambiente de convivencia y fiesta comunitaria.<\/p>\n<p><img loading=\"lazy\" class=\"alignnone wp-image-460223 size-full\" src=\"https:\/\/www.medellin.gov.co\/es\/wp-content\/uploads\/2025\/09\/2CelebracionCorregimientos.jpg\" alt=\"\" width=\"1275\" height=\"850\" srcset=\"https:\/\/www.medellin.gov.co\/es\/wp-content\/uploads\/2025\/09\/2CelebracionCorregimientos.jpg 1275w, https:\/\/www.medellin.gov.co\/es\/wp-content\/uploads\/2025\/09\/2CelebracionCorregimientos-300x200.jpg 300w, https:\/\/www.medellin.gov.co\/es\/wp-content\/uploads\/2025\/09\/2CelebracionCorregimientos-1024x683.jpg 1024w, https:\/\/www.medellin.gov.co\/es\/wp-content\/uploads\/2025\/09\/2CelebracionCorregimientos-150x100.jpg 150w, https:\/\/www.medellin.gov.co\/es\/wp-content\/uploads\/2025\/09\/2CelebracionCorregimientos-768x512.jpg 768w\" sizes=\"(max-width: 1275px) 100vw, 1275px\" \/><\/p>\n<p><strong>La Feria de Servicios y la cultura ciudadana<\/strong><\/p>\n<p>Desde las 10 de la ma\u00f1ana, hasta las 2 de la tarde se llev\u00f3 a cabo la Feria de Servicios de la Alcald\u00eda de Medell\u00edn, donde diferentes dependencias acercaron programas, asesor\u00edas y actividades a la ciudadan\u00eda. Gracias a esta oferta interinstitucional, m\u00e1s de 522 personas fueron atendidas, demostrando el compromiso de la Administraci\u00f3n Distrital con el bienestar de la comunidad prade\u00f1a.<\/p>\n<p>\u00ab<em>Creo que <\/em><em>Medell\u00edn<\/em><em> est\u00e1 dando un paso importante al llevar los servicios de las diferentes secretar\u00edas a los territorios, especialmente a los corregimientos. Acercar la institucionalidad a la comunidad, genera confianza, participaci\u00f3n y resuelve necesidades de manera m\u00e1s directa. Lo m\u00e1s valioso es que estas iniciativas no se quedan en momentos puntuales, sino que las estamos viendo continuamente y eso fortalece mucho el tejido social de lugares como <\/em><em>San Antonio de Prado<\/em>\u00ab, afirm\u00f3 Santiago Casta\u00f1eda Olaya, habitante del corregimiento beneficiario de la oferta de servicios.<\/p>\n<p><img loading=\"lazy\" class=\"alignnone wp-image-460221 size-full\" src=\"https:\/\/www.medellin.gov.co\/es\/wp-content\/uploads\/2025\/09\/3CelebracionCorregimientos.jpg\" alt=\"\" width=\"1280\" height=\"720\" srcset=\"https:\/\/www.medellin.gov.co\/es\/wp-content\/uploads\/2025\/09\/3CelebracionCorregimientos.jpg 1280w, https:\/\/www.medellin.gov.co\/es\/wp-content\/uploads\/2025\/09\/3CelebracionCorregimientos-300x169.jpg 300w, https:\/\/www.medellin.gov.co\/es\/wp-content\/uploads\/2025\/09\/3CelebracionCorregimientos-1024x576.jpg 1024w, https:\/\/www.medellin.gov.co\/es\/wp-content\/uploads\/2025\/09\/3CelebracionCorregimientos-150x84.jpg 150w, https:\/\/www.medellin.gov.co\/es\/wp-content\/uploads\/2025\/09\/3CelebracionCorregimientos-768x432.jpg 768w\" sizes=\"(max-width: 1280px) 100vw, 1280px\" \/><\/p>\n<p>La jornada tambi\u00e9n tuvo momentos llenos de aprendizaje y reflexi\u00f3n. Con su particular estilo, \u201cLos Puntuales\u201d realizaron un show pedag\u00f3gico que, entre humor y cercan\u00eda, sensibiliz\u00f3 a los asistentes sobre la importancia de respetar la cultura ciudadana en lo cotidiano: sacar la basura en los d\u00edas y horarios establecidos, ser puntuales y hacer un buen manejo de\u00a0los\u00a0residuos.<\/p>\n<p><img loading=\"lazy\" class=\"alignnone wp-image-460219 size-full\" src=\"https:\/\/www.medellin.gov.co\/es\/wp-content\/uploads\/2025\/09\/4CelebracionCorregimientos.jpg\" alt=\"\" width=\"1280\" height=\"720\" srcset=\"https:\/\/www.medellin.gov.co\/es\/wp-content\/uploads\/2025\/09\/4CelebracionCorregimientos.jpg 1280w, https:\/\/www.medellin.gov.co\/es\/wp-content\/uploads\/2025\/09\/4CelebracionCorregimientos-300x169.jpg 300w, https:\/\/www.medellin.gov.co\/es\/wp-content\/uploads\/2025\/09\/4CelebracionCorregimientos-1024x576.jpg 1024w, https:\/\/www.medellin.gov.co\/es\/wp-content\/uploads\/2025\/09\/4CelebracionCorregimientos-150x84.jpg 150w, https:\/\/www.medellin.gov.co\/es\/wp-content\/uploads\/2025\/09\/4CelebracionCorregimientos-768x432.jpg 768w\" sizes=\"(max-width: 1280px) 100vw, 1280px\" \/><\/p>\n<p><strong>Lo art\u00edstico<\/strong><\/p>\n<p>La tarde y la noche estuvieron marcadas por el talento art\u00edstico y musical. Desde las 4 hasta las 10 de la noche, los asistentes, m\u00e1s de 1000,disfrutaron de un concierto inolvidable, con presentaciones de la Orquesta Voltaje Total, Alex Martyn, Karen Corrales, Crazy Dance, Sebas Mar\u00edn, Isabel La Voz Popular, un DJ en vivo y muchas sorpresas m\u00e1s, que hicieron vibrar el coraz\u00f3n del corregimiento.<\/p>\n\n\t\t<style type=\"text\/css\">\n\t\t\t#gallery-1 {\n\t\t\t\tmargin: auto;\n\t\t\t}\n\t\t\t#gallery-1 .gallery-item {\n\t\t\t\tfloat: left;\n\t\t\t\tmargin-top: 10px;\n\t\t\t\ttext-align: center;\n\t\t\t\twidth: 50%;\n\t\t\t}\n\t\t\t#gallery-1 img {\n\t\t\t\tborder: 2px solid #cfcfcf;\n\t\t\t}\n\t\t\t#gallery-1 .gallery-caption {\n\t\t\t\tmargin-left: 0;\n\t\t\t}\n\t\t\t\/* see gallery_shortcode() in wp-includes\/media.php *\/\n\t\t<\/style>\n\t\t<div id='gallery-1' class='gallery galleryid-460185 gallery-columns-2 gallery-size-large'><dl class='gallery-item'>\n\t\t\t<dt class='gallery-icon landscape'>\n\t\t\t\t<a href='https:\/\/www.medellin.gov.co\/es\/sala-de-prensa\/noticias\/san-antonio-de-prado-vivio-sus-fiestas-con-musica-cultura-y-tradicion\/carrusel-1-2\/'><img width=\"1024\" height=\"683\" src=\"https:\/\/www.medellin.gov.co\/es\/wp-content\/uploads\/2025\/09\/carrusel-1-1-1024x683.jpg\" class=\"attachment-large size-large\" alt=\"\" loading=\"lazy\" srcset=\"https:\/\/www.medellin.gov.co\/es\/wp-content\/uploads\/2025\/09\/carrusel-1-1-1024x683.jpg 1024w, https:\/\/www.medellin.gov.co\/es\/wp-content\/uploads\/2025\/09\/carrusel-1-1-300x200.jpg 300w, https:\/\/www.medellin.gov.co\/es\/wp-content\/uploads\/2025\/09\/carrusel-1-1-150x100.jpg 150w, https:\/\/www.medellin.gov.co\/es\/wp-content\/uploads\/2025\/09\/carrusel-1-1-768x512.jpg 768w, https:\/\/www.medellin.gov.co\/es\/wp-content\/uploads\/2025\/09\/carrusel-1-1.jpg 1275w\" sizes=\"(max-width: 1024px) 100vw, 1024px\" \/><\/a>\n\t\t\t<\/dt><\/dl><dl class='gallery-item'>\n\t\t\t<dt class='gallery-icon landscape'>\n\t\t\t\t<a href='https:\/\/www.medellin.gov.co\/es\/sala-de-prensa\/noticias\/san-antonio-de-prado-vivio-sus-fiestas-con-musica-cultura-y-tradicion\/8celebracioncorregimientos\/'><img width=\"1024\" height=\"683\" src=\"https:\/\/www.medellin.gov.co\/es\/wp-content\/uploads\/2025\/09\/8CelebracionCorregimientos-1024x683.jpg\" class=\"attachment-large size-large\" alt=\"\" loading=\"lazy\" srcset=\"https:\/\/www.medellin.gov.co\/es\/wp-content\/uploads\/2025\/09\/8CelebracionCorregimientos-1024x683.jpg 1024w, https:\/\/www.medellin.gov.co\/es\/wp-content\/uploads\/2025\/09\/8CelebracionCorregimientos-300x200.jpg 300w, https:\/\/www.medellin.gov.co\/es\/wp-content\/uploads\/2025\/09\/8CelebracionCorregimientos-150x100.jpg 150w, https:\/\/www.medellin.gov.co\/es\/wp-content\/uploads\/2025\/09\/8CelebracionCorregimientos-768x512.jpg 768w, https:\/\/www.medellin.gov.co\/es\/wp-content\/uploads\/2025\/09\/8CelebracionCorregimientos.jpg 1275w\" sizes=\"(max-width: 1024px) 100vw, 1024px\" \/><\/a>\n\t\t\t<\/dt><\/dl><br style=\"clear: both\" \/>\n\t\t<\/div>\n\n<p>Uno de los momentos m\u00e1s emotivos lleg\u00f3 con las serenatas dedicadas a Medell\u00edn y a su gente, exaltando la pujanza, el talento y la hospitalidad de los medellinenses, as\u00ed como la belleza de la ciudad que inspira orgullo y amor en quienes\u00a0la\u00a0habitan.<\/p>\n<p>Adicionalmente, y para sorpresa de los prade\u00f1os, un momento significativo fue la reactivaci\u00f3n \u00a0de la fuente del parque, instante en que se invit\u00f3 a la comunidad a disfrutarla y a cuidarla con responsabilidad, anuncio que fue hecho por el gerente de Corregimientos, Andr\u00e9s Felipe L\u00f3pez Vergara<\/p>\n\n\t\t<style type=\"text\/css\">\n\t\t\t#gallery-2 {\n\t\t\t\tmargin: auto;\n\t\t\t}\n\t\t\t#gallery-2 .gallery-item {\n\t\t\t\tfloat: left;\n\t\t\t\tmargin-top: 10px;\n\t\t\t\ttext-align: center;\n\t\t\t\twidth: 50%;\n\t\t\t}\n\t\t\t#gallery-2 img {\n\t\t\t\tborder: 2px solid #cfcfcf;\n\t\t\t}\n\t\t\t#gallery-2 .gallery-caption {\n\t\t\t\tmargin-left: 0;\n\t\t\t}\n\t\t\t\/* see gallery_shortcode() in wp-includes\/media.php *\/\n\t\t<\/style>\n\t\t<div id='gallery-2' class='gallery galleryid-460185 gallery-columns-2 gallery-size-large'><dl class='gallery-item'>\n\t\t\t<dt class='gallery-icon landscape'>\n\t\t\t\t<a href='https:\/\/www.medellin.gov.co\/es\/sala-de-prensa\/noticias\/san-antonio-de-prado-vivio-sus-fiestas-con-musica-cultura-y-tradicion\/6celebracioncorregimientos\/'><img width=\"1024\" height=\"576\" src=\"https:\/\/www.medellin.gov.co\/es\/wp-content\/uploads\/2025\/09\/6CelebracionCorregimientos-1024x576.jpg\" class=\"attachment-large size-large\" alt=\"\" loading=\"lazy\" srcset=\"https:\/\/www.medellin.gov.co\/es\/wp-content\/uploads\/2025\/09\/6CelebracionCorregimientos-1024x576.jpg 1024w, https:\/\/www.medellin.gov.co\/es\/wp-content\/uploads\/2025\/09\/6CelebracionCorregimientos-300x169.jpg 300w, https:\/\/www.medellin.gov.co\/es\/wp-content\/uploads\/2025\/09\/6CelebracionCorregimientos-150x84.jpg 150w, https:\/\/www.medellin.gov.co\/es\/wp-content\/uploads\/2025\/09\/6CelebracionCorregimientos-768x432.jpg 768w, https:\/\/www.medellin.gov.co\/es\/wp-content\/uploads\/2025\/09\/6CelebracionCorregimientos.jpg 1280w\" sizes=\"(max-width: 1024px) 100vw, 1024px\" \/><\/a>\n\t\t\t<\/dt><\/dl><dl class='gallery-item'>\n\t\t\t<dt class='gallery-icon landscape'>\n\t\t\t\t<a href='https:\/\/www.medellin.gov.co\/es\/sala-de-prensa\/noticias\/san-antonio-de-prado-vivio-sus-fiestas-con-musica-cultura-y-tradicion\/5celebracioncorregimientos\/'><img width=\"1024\" height=\"576\" src=\"https:\/\/www.medellin.gov.co\/es\/wp-content\/uploads\/2025\/09\/5CelebracionCorregimientos-1024x576.jpg\" class=\"attachment-large size-large\" alt=\"\" loading=\"lazy\" srcset=\"https:\/\/www.medellin.gov.co\/es\/wp-content\/uploads\/2025\/09\/5CelebracionCorregimientos-1024x576.jpg 1024w, https:\/\/www.medellin.gov.co\/es\/wp-content\/uploads\/2025\/09\/5CelebracionCorregimientos-300x169.jpg 300w, https:\/\/www.medellin.gov.co\/es\/wp-content\/uploads\/2025\/09\/5CelebracionCorregimientos-150x84.jpg 150w, https:\/\/www.medellin.gov.co\/es\/wp-content\/uploads\/2025\/09\/5CelebracionCorregimientos-768x432.jpg 768w, https:\/\/www.medellin.gov.co\/es\/wp-content\/uploads\/2025\/09\/5CelebracionCorregimientos.jpg 1280w\" sizes=\"(max-width: 1024px) 100vw, 1024px\" \/><\/a>\n\t\t\t<\/dt><\/dl><br style=\"clear: both\" \/>\n\t\t<\/div>\n\n<p>Como actividades paralelas a la celebraci\u00f3n se tuvieron la Feria de Emprendedores y la estrategia El barrio es como Vos, ambas pensadas para fortalecer el tejido social, el emprendimiento y la participaci\u00f3n ciudadana.<\/p>\n<p><img loading=\"lazy\" class=\"alignnone wp-image-460213 size-full\" src=\"https:\/\/www.medellin.gov.co\/es\/wp-content\/uploads\/2025\/09\/7CelebracionCorregimientos.jpg\" alt=\"\" width=\"1275\" height=\"850\" srcset=\"https:\/\/www.medellin.gov.co\/es\/wp-content\/uploads\/2025\/09\/7CelebracionCorregimientos.jpg 1275w, https:\/\/www.medellin.gov.co\/es\/wp-content\/uploads\/2025\/09\/7CelebracionCorregimientos-300x200.jpg 300w, https:\/\/www.medellin.gov.co\/es\/wp-content\/uploads\/2025\/09\/7CelebracionCorregimientos-1024x683.jpg 1024w, https:\/\/www.medellin.gov.co\/es\/wp-content\/uploads\/2025\/09\/7CelebracionCorregimientos-150x100.jpg 150w, https:\/\/www.medellin.gov.co\/es\/wp-content\/uploads\/2025\/09\/7CelebracionCorregimientos-768x512.jpg 768w\" sizes=\"(max-width: 1275px) 100vw, 1275px\" \/><\/p>\n<p>Con estas celebraciones, la Alcald\u00eda de Medell\u00edn ratific\u00f3 su compromiso con los corregimientos, impulsando el desarrollo econ\u00f3mico, la cultura ciudadana y el talento local y all\u00ed, los habitantes de San Antonio de Prado demostraron una vez m\u00e1s, que los corregimientos son ciudad y que cuando su gente se re\u00fane alrededor de la tradici\u00f3n, la cultura y la m\u00fasica, la fiesta se celebra en grande y en sana convivencia.<\/p>\n","protected":false},"excerpt":{"rendered":"<p>La tarde y la noche estuvieron marcadas por el talento art\u00edstico y musical, en donde los m\u00e1s de 1000 asistentes disfrutaron de un concierto inolvidable. El pasado 27 de septiembre San Antonio de Prado se &#8230;<\/p>\n","protected":false},"author":17,"featured_media":460206,"comment_status":"open","ping_status":"open","sticky":false,"template":"","format":"standard","meta":[],"categories":[24],"tags":[428],"formato_nota":[],"programas_tax":[],"acf":[],"_links":{"self":[{"href":"https:\/\/www.medellin.gov.co\/es\/wp-json\/wp\/v2\/posts\/460185"}],"collection":[{"href":"https:\/\/www.medellin.gov.co\/es\/wp-json\/wp\/v2\/posts"}],"about":[{"href":"https:\/\/www.medellin.gov.co\/es\/wp-json\/wp\/v2\/types\/post"}],"author":[{"embeddable":true,"href":"https:\/\/www.medellin.gov.co\/es\/wp-json\/wp\/v2\/users\/17"}],"replies":[{"embeddable":true,"href":"https:\/\/www.medellin.gov.co\/es\/wp-json\/wp\/v2\/comments?post=460185"}],"version-history":[{"count":1,"href":"https:\/\/www.medellin.gov.co\/es\/wp-json\/wp\/v2\/posts\/460185\/revisions"}],"predecessor-version":[{"id":460232,"href":"https:\/\/www.medellin.gov.co\/es\/wp-json\/wp\/v2\/posts\/460185\/revisions\/460232"}],"wp:featuredmedia":[{"embeddable":true,"href":"https:\/\/www.medellin.gov.co\/es\/wp-json\/wp\/v2\/media\/460206"}],"wp:attachment":[{"href":"https:\/\/www.medellin.gov.co\/es\/wp-json\/wp\/v2\/media?parent=460185"}],"wp:term":[{"taxonomy":"category","embeddable":true,"href":"https:\/\/www.medellin.gov.co\/es\/wp-json\/wp\/v2\/categories?post=460185"},{"taxonomy":"post_tag","embeddable":true,"href":"https:\/\/www.medellin.gov.co\/es\/wp-json\/wp\/v2\/tags?post=460185"},{"taxonomy":"formato_nota","embeddable":true,"href":"https:\/\/www.medellin.gov.co\/es\/wp-json\/wp\/v2\/formato_nota?post=460185"},{"taxonomy":"programas_tax","embeddable":true,"href":"https:\/\/www.medellin.gov.co\/es\/wp-json\/wp\/v2\/programas_tax?post=460185"}],"curies":[{"name":"wp","href":"https:\/\/api.w.org\/{rel}","templated":true}]}}