{"id":460199,"date":"2025-09-30T17:04:04","date_gmt":"2025-09-30T22:04:04","guid":{"rendered":"https:\/\/www.medellin.gov.co\/es\/?p=460199"},"modified":"2025-09-30T17:05:35","modified_gmt":"2025-09-30T22:05:35","slug":"medellin-acompana-a-estudiantes-con-capacidades-y-talentos-excepcionales","status":"publish","type":"post","link":"https:\/\/www.medellin.gov.co\/es\/sala-de-prensa\/noticias\/medellin-acompana-a-estudiantes-con-capacidades-y-talentos-excepcionales\/","title":{"rendered":"Medell\u00edn acompa\u00f1a a estudiantes con capacidades y talentos excepcionales"},"content":{"rendered":"<ul>\n<li>La estrategia incluye identificaci\u00f3n, permanencia y acompa\u00f1amiento especializado desde la Unidad de Atenci\u00f3n Integral -UAI.<\/li>\n<li>Programas del Distrito y aliados fortalecen los talentos en cultura, deporte, ciencia, tecnolog\u00eda, innovaci\u00f3n y liderazgo.<\/li>\n<\/ul>\n<!--[if lt IE 9]><script>document.createElement('audio');<\/script><![endif]-->\n\t<div class=\"wp-playlist wp-audio-playlist wp-playlist-light\">\n\t\t\t<div class=\"wp-playlist-current-item\"><\/div>\n\t\t<audio controls=\"controls\" preload=\"none\" width=\"640\"\n\t\t\t><\/audio>\n\t<div class=\"wp-playlist-next\"><\/div>\n\t<div class=\"wp-playlist-prev\"><\/div>\n\t<noscript>\n\t<ol>\n\t\t<li><a href='https:\/\/www.medellin.gov.co\/es\/wp-content\/uploads\/2025\/09\/Declaraciones-subsecretario-de-la-Prestacion-del-Servicio-Educativo-Jorge-Ivan-Rios-Rivera-1.mp3'>Declaraciones subsecretario de la Prestaci\u00f3n del Servicio Educativo, Jorge Iv\u00e1n R\u00edos Rivera<\/a><\/li>\t<\/ol>\n\t<\/noscript>\n\t<script type=\"application\/json\" class=\"wp-playlist-script\">{\"type\":\"audio\",\"tracklist\":true,\"tracknumbers\":true,\"images\":true,\"artists\":true,\"tracks\":[{\"src\":\"https:\\\/\\\/www.medellin.gov.co\\\/es\\\/wp-content\\\/uploads\\\/2025\\\/09\\\/Declaraciones-subsecretario-de-la-Prestacion-del-Servicio-Educativo-Jorge-Ivan-Rios-Rivera-1.mp3\",\"type\":\"audio\\\/mpeg\",\"title\":\"Declaraciones subsecretario de la Prestaci\\u00f3n del Servicio Educativo, Jorge Iv\\u00e1n R\\u00edos Rivera\",\"caption\":\"\",\"description\":\"\\u00abDeclaraciones subsecretario de la Prestaci\\u00f3n del Servicio Educativo, Jorge Iv\\u00e1n R\\u00edos Rivera\\u00bb. G\\u00e9nero: Blues.\",\"meta\":{\"genre\":\"Blues\",\"length_formatted\":\"1:10\"},\"image\":{\"src\":\"https:\\\/\\\/www.medellin.gov.co\\\/es\\\/wp-includes\\\/images\\\/media\\\/audio.png\",\"width\":48,\"height\":64},\"thumb\":{\"src\":\"https:\\\/\\\/www.medellin.gov.co\\\/es\\\/wp-includes\\\/images\\\/media\\\/audio.png\",\"width\":48,\"height\":64}}]}<\/script>\n<\/div>\n\t\n<p>Medell\u00edn mantiene su compromiso con la educaci\u00f3n inclusiva al identificar y acompa\u00f1ar a estudiantes con capacidades y talentos excepcionales. En la actualidad, el Distrito cuenta con 657 alumnos de esta poblaci\u00f3n reportados en el Sistema Integrado de Matr\u00edcula (SIMAT): 458 en colegios oficiales, 158 en privados y 41 en cobertura contratada.<\/p>\n<p><img loading=\"lazy\" class=\"alignnone wp-image-460204 size-full\" src=\"https:\/\/www.medellin.gov.co\/es\/wp-content\/uploads\/2025\/09\/Imagen-estudiantes-con-capacidades-y-talentos-excepcionales-1.jpg\" alt=\"Imagen estudiantes con capacidades y talentos excepcionales (1)\" width=\"1276\" height=\"850\" srcset=\"https:\/\/www.medellin.gov.co\/es\/wp-content\/uploads\/2025\/09\/Imagen-estudiantes-con-capacidades-y-talentos-excepcionales-1.jpg 1276w, https:\/\/www.medellin.gov.co\/es\/wp-content\/uploads\/2025\/09\/Imagen-estudiantes-con-capacidades-y-talentos-excepcionales-1-300x200.jpg 300w, https:\/\/www.medellin.gov.co\/es\/wp-content\/uploads\/2025\/09\/Imagen-estudiantes-con-capacidades-y-talentos-excepcionales-1-1024x682.jpg 1024w, https:\/\/www.medellin.gov.co\/es\/wp-content\/uploads\/2025\/09\/Imagen-estudiantes-con-capacidades-y-talentos-excepcionales-1-150x100.jpg 150w, https:\/\/www.medellin.gov.co\/es\/wp-content\/uploads\/2025\/09\/Imagen-estudiantes-con-capacidades-y-talentos-excepcionales-1-768x512.jpg 768w\" sizes=\"(max-width: 1276px) 100vw, 1276px\" \/><\/p>\n<p>\u201c<em>Reconocemos los talentos excepcionales como una prioridad, un derecho humano, social y lo hacemos a trav\u00e9s de un equipo de profesionales muy bien preparados que hacen parte de la Unidad de Atenci\u00f3n Integral, familiar y escolarmente conocida como la UAI. Con recursos propios, la ciudad se prepara para que esos talentos excepcionales le cuenten al mundo de qu\u00e9 estamos hechos. Es muy importante que los reconozcamos como una potencia social, cultural y escolar<\/em>\u201d, indic\u00f3 el subsecretario de la Prestaci\u00f3n del Servicio Educativo, Jorge Iv\u00e1n R\u00edos Rivera<\/p>\n<p>El acompa\u00f1amiento se enmarca en tres fases: identificaci\u00f3n y registro, permanencia y promoci\u00f3n, y calidad con mejoramiento continuo. De esta forma, se asegura que cada estudiante no solo permanezca en el sistema educativo, sino que tambi\u00e9n encuentre ambientes de aprendizaje retadores, inclusivos y adaptados a sus necesidades.<\/p>\n<p>Los talentos que se identifican en la ciudad abarcan las ciencias b\u00e1sicas y sociales, las artes y las letras, el liderazgo, la innovaci\u00f3n, el emprendimiento, la actividad f\u00edsica y el deporte. La estrategia contempla acciones conjuntas con las familias, formaci\u00f3n para docentes y directivos, y articulaci\u00f3n con proyectos del Distrito y aliados estrat\u00e9gicos. Entre ellos se destacan, la estrategia El L\u00edder Sos Vos, TEAM Medell\u00edn, la C\u00e1mara Junior Internacional, la Fundaci\u00f3n EPM y Talent Pitch, iniciativas que permiten a los estudiantes desplegar sus habilidades en escenarios reales y proyectarse como agentes de cambio.<\/p>\n<p><img loading=\"lazy\" class=\"alignnone wp-image-460203 size-full\" src=\"https:\/\/www.medellin.gov.co\/es\/wp-content\/uploads\/2025\/09\/Imagen-estudiantes-con-capacidades-y-talentos-excepcionales-3.jpg\" alt=\"Imagen estudiantes con capacidades y talentos excepcionales (3)\" width=\"1276\" height=\"850\" srcset=\"https:\/\/www.medellin.gov.co\/es\/wp-content\/uploads\/2025\/09\/Imagen-estudiantes-con-capacidades-y-talentos-excepcionales-3.jpg 1276w, https:\/\/www.medellin.gov.co\/es\/wp-content\/uploads\/2025\/09\/Imagen-estudiantes-con-capacidades-y-talentos-excepcionales-3-300x200.jpg 300w, https:\/\/www.medellin.gov.co\/es\/wp-content\/uploads\/2025\/09\/Imagen-estudiantes-con-capacidades-y-talentos-excepcionales-3-1024x682.jpg 1024w, https:\/\/www.medellin.gov.co\/es\/wp-content\/uploads\/2025\/09\/Imagen-estudiantes-con-capacidades-y-talentos-excepcionales-3-150x100.jpg 150w, https:\/\/www.medellin.gov.co\/es\/wp-content\/uploads\/2025\/09\/Imagen-estudiantes-con-capacidades-y-talentos-excepcionales-3-768x512.jpg 768w\" sizes=\"(max-width: 1276px) 100vw, 1276px\" \/><\/p>\n<p>Con esta apuesta, la Administraci\u00f3n Distrital avanza en la construcci\u00f3n de una ciudad que reconoce la diversidad y entiende que atender a la excepcionalidad no es un privilegio, sino un compromiso social. Cada talento identificado es tambi\u00e9n una oportunidad para transformar el futuro de la educaci\u00f3n y del Distrito.<\/p>\n","protected":false},"excerpt":{"rendered":"<p>La estrategia incluye identificaci\u00f3n, permanencia y acompa\u00f1amiento especializado desde la Unidad de Atenci\u00f3n Integral -UAI. Programas del Distrito y aliados fortalecen los talentos en cultura, deporte, ciencia, tecnolog\u00eda, innovaci\u00f3n y liderazgo. Medell\u00edn mantiene su compromiso &#8230;<\/p>\n","protected":false},"author":95,"featured_media":454173,"comment_status":"open","ping_status":"open","sticky":false,"template":"","format":"standard","meta":[],"categories":[4],"tags":[431],"formato_nota":[],"programas_tax":[],"acf":[],"_links":{"self":[{"href":"https:\/\/www.medellin.gov.co\/es\/wp-json\/wp\/v2\/posts\/460199"}],"collection":[{"href":"https:\/\/www.medellin.gov.co\/es\/wp-json\/wp\/v2\/posts"}],"about":[{"href":"https:\/\/www.medellin.gov.co\/es\/wp-json\/wp\/v2\/types\/post"}],"author":[{"embeddable":true,"href":"https:\/\/www.medellin.gov.co\/es\/wp-json\/wp\/v2\/users\/95"}],"replies":[{"embeddable":true,"href":"https:\/\/www.medellin.gov.co\/es\/wp-json\/wp\/v2\/comments?post=460199"}],"version-history":[{"count":1,"href":"https:\/\/www.medellin.gov.co\/es\/wp-json\/wp\/v2\/posts\/460199\/revisions"}],"predecessor-version":[{"id":460226,"href":"https:\/\/www.medellin.gov.co\/es\/wp-json\/wp\/v2\/posts\/460199\/revisions\/460226"}],"wp:featuredmedia":[{"embeddable":true,"href":"https:\/\/www.medellin.gov.co\/es\/wp-json\/wp\/v2\/media\/454173"}],"wp:attachment":[{"href":"https:\/\/www.medellin.gov.co\/es\/wp-json\/wp\/v2\/media?parent=460199"}],"wp:term":[{"taxonomy":"category","embeddable":true,"href":"https:\/\/www.medellin.gov.co\/es\/wp-json\/wp\/v2\/categories?post=460199"},{"taxonomy":"post_tag","embeddable":true,"href":"https:\/\/www.medellin.gov.co\/es\/wp-json\/wp\/v2\/tags?post=460199"},{"taxonomy":"formato_nota","embeddable":true,"href":"https:\/\/www.medellin.gov.co\/es\/wp-json\/wp\/v2\/formato_nota?post=460199"},{"taxonomy":"programas_tax","embeddable":true,"href":"https:\/\/www.medellin.gov.co\/es\/wp-json\/wp\/v2\/programas_tax?post=460199"}],"curies":[{"name":"wp","href":"https:\/\/api.w.org\/{rel}","templated":true}]}}