{"id":460394,"date":"2025-10-01T13:25:57","date_gmt":"2025-10-01T18:25:57","guid":{"rendered":"https:\/\/www.medellin.gov.co\/es\/?p=460394"},"modified":"2025-10-01T13:25:57","modified_gmt":"2025-10-01T18:25:57","slug":"mas-de-4-mil-hogares-seran-encuestados-para-medir-la-cultura-ciudadana-del-distrito","status":"publish","type":"post","link":"https:\/\/www.medellin.gov.co\/es\/sala-de-prensa\/noticias\/mas-de-4-mil-hogares-seran-encuestados-para-medir-la-cultura-ciudadana-del-distrito\/","title":{"rendered":"M\u00e1s de 4 mil hogares ser\u00e1n encuestados para medir la cultura ciudadana del Distrito"},"content":{"rendered":"<p>Queremos contarles que m\u00e1s de 4,000 hogares en Medell\u00edn ser\u00e1n visitados para realizar la Encuesta de Cultura Ciudadana, una iniciativa de la Secretar\u00eda de Cultura Ciudadana que busca conocer c\u00f3mo vivimos la convivencia, el respeto, la participaci\u00f3n y el cuidado del medio ambiente en nuestra ciudad.<\/p>\n<p>La encuesta es voluntaria, confidencial y no recoge informaci\u00f3n personal y no afecta tr\u00e1mites como el Sisb\u00e9n o impuestos. Este a\u00f1o, se realizar\u00e1n 4.059 entrevistas en las 16 comunas y 5 corregimientos, y ya se ha visitado casi el 40 % de la meta.<\/p>\n<p><img loading=\"lazy\" class=\"alignnone wp-image-460405 size-full\" src=\"https:\/\/www.medellin.gov.co\/es\/wp-content\/uploads\/2025\/10\/Encuest_Ciudadana_2.jpg\" alt=\"\" width=\"1280\" height=\"856\" srcset=\"https:\/\/www.medellin.gov.co\/es\/wp-content\/uploads\/2025\/10\/Encuest_Ciudadana_2.jpg 1280w, https:\/\/www.medellin.gov.co\/es\/wp-content\/uploads\/2025\/10\/Encuest_Ciudadana_2-300x201.jpg 300w, https:\/\/www.medellin.gov.co\/es\/wp-content\/uploads\/2025\/10\/Encuest_Ciudadana_2-1024x685.jpg 1024w, https:\/\/www.medellin.gov.co\/es\/wp-content\/uploads\/2025\/10\/Encuest_Ciudadana_2-150x100.jpg 150w, https:\/\/www.medellin.gov.co\/es\/wp-content\/uploads\/2025\/10\/Encuest_Ciudadana_2-768x514.jpg 768w\" sizes=\"(max-width: 1280px) 100vw, 1280px\" \/><\/p>\n<p>Es muy importante que abramos las puertas y ayudemos a fortalecer la cultura ciudadana. El proceso seguir\u00e1 en barrios como <strong>El Poblado<\/strong>\u00a0y<strong>\u00a0Laureles<\/strong>\u00a0hasta mediados de noviembre.<\/p>\n<p>Si quieres saber m\u00e1s, puedes llamar a la Secretar\u00eda de Cultura Ciudadana al 385 55 55 ext. 5406 o visitar <a href=\"http:\/\/www.medellin.gov.co\">www.medellin.gov.co<\/a>.<\/p>\n<p>\u00a1Gracias por ser parte de esta construcci\u00f3n colectiva!<\/p>\n","protected":false},"excerpt":{"rendered":"<p>Queremos contarles que m\u00e1s de 4,000 hogares en Medell\u00edn ser\u00e1n visitados para realizar la Encuesta de Cultura Ciudadana, una iniciativa de la Secretar\u00eda de Cultura Ciudadana que busca conocer c\u00f3mo vivimos la convivencia, el respeto, &#8230;<\/p>\n","protected":false},"author":17,"featured_media":460407,"comment_status":"open","ping_status":"open","sticky":false,"template":"","format":"standard","meta":[],"categories":[31],"tags":[444],"formato_nota":[],"programas_tax":[],"acf":[],"_links":{"self":[{"href":"https:\/\/www.medellin.gov.co\/es\/wp-json\/wp\/v2\/posts\/460394"}],"collection":[{"href":"https:\/\/www.medellin.gov.co\/es\/wp-json\/wp\/v2\/posts"}],"about":[{"href":"https:\/\/www.medellin.gov.co\/es\/wp-json\/wp\/v2\/types\/post"}],"author":[{"embeddable":true,"href":"https:\/\/www.medellin.gov.co\/es\/wp-json\/wp\/v2\/users\/17"}],"replies":[{"embeddable":true,"href":"https:\/\/www.medellin.gov.co\/es\/wp-json\/wp\/v2\/comments?post=460394"}],"version-history":[{"count":1,"href":"https:\/\/www.medellin.gov.co\/es\/wp-json\/wp\/v2\/posts\/460394\/revisions"}],"predecessor-version":[{"id":460410,"href":"https:\/\/www.medellin.gov.co\/es\/wp-json\/wp\/v2\/posts\/460394\/revisions\/460410"}],"wp:featuredmedia":[{"embeddable":true,"href":"https:\/\/www.medellin.gov.co\/es\/wp-json\/wp\/v2\/media\/460407"}],"wp:attachment":[{"href":"https:\/\/www.medellin.gov.co\/es\/wp-json\/wp\/v2\/media?parent=460394"}],"wp:term":[{"taxonomy":"category","embeddable":true,"href":"https:\/\/www.medellin.gov.co\/es\/wp-json\/wp\/v2\/categories?post=460394"},{"taxonomy":"post_tag","embeddable":true,"href":"https:\/\/www.medellin.gov.co\/es\/wp-json\/wp\/v2\/tags?post=460394"},{"taxonomy":"formato_nota","embeddable":true,"href":"https:\/\/www.medellin.gov.co\/es\/wp-json\/wp\/v2\/formato_nota?post=460394"},{"taxonomy":"programas_tax","embeddable":true,"href":"https:\/\/www.medellin.gov.co\/es\/wp-json\/wp\/v2\/programas_tax?post=460394"}],"curies":[{"name":"wp","href":"https:\/\/api.w.org\/{rel}","templated":true}]}}