{"id":461232,"date":"2025-10-03T13:02:18","date_gmt":"2025-10-03T18:02:18","guid":{"rendered":"https:\/\/www.medellin.gov.co\/es\/?p=461232"},"modified":"2025-10-03T18:14:47","modified_gmt":"2025-10-03T23:14:47","slug":"buen-comienzo-dispone-de-cupos-en-sedes-de-seis-comunas-y-dos-corregimientos-de-medellin","status":"publish","type":"post","link":"https:\/\/www.medellin.gov.co\/es\/sala-de-prensa\/noticias\/buen-comienzo-dispone-de-cupos-en-sedes-de-seis-comunas-y-dos-corregimientos-de-medellin\/","title":{"rendered":"Buen Comienzo dispone de cupos en sedes de seis comunas y dos corregimientos de Medell\u00edn"},"content":{"rendered":"<p>La Alcald\u00eda de Medell\u00edn tiene las matr\u00edculas abiertas para acceder a Buen Comienzo en las comunas Popular, Castilla, Manrique, La Am\u00e9rica, Bel\u00e9n y Guayabal, as\u00ed como en los corregimientos San Crist\u00f3bal y Altavista. El programa ofrece atenci\u00f3n integral para ni\u00f1as y ni\u00f1os de 0 a 5 a\u00f1os: garantiza alimentaci\u00f3n, cuidado, juego y aprendizaje para la primera infancia.<\/p>\n<!--[if lt IE 9]><script>document.createElement('audio');<\/script><![endif]-->\n\t<div class=\"wp-playlist wp-audio-playlist wp-playlist-light\">\n\t\t\t<div class=\"wp-playlist-current-item\"><\/div>\n\t\t<audio controls=\"controls\" preload=\"none\" width=\"640\"\n\t\t\t><\/audio>\n\t<div class=\"wp-playlist-next\"><\/div>\n\t<div class=\"wp-playlist-prev\"><\/div>\n\t<noscript>\n\t<ol>\n\t\t<li><a href='https:\/\/www.medellin.gov.co\/es\/wp-content\/uploads\/2025\/10\/Declaraciones-de-la-directora-de-Buen-Comienzo-Diana-Carmona.mp3'>Declaraciones de la directora de Buen Comienzo, Diana Carmona<\/a><\/li>\t<\/ol>\n\t<\/noscript>\n\t<script type=\"application\/json\" class=\"wp-playlist-script\">{\"type\":\"audio\",\"tracklist\":true,\"tracknumbers\":true,\"images\":true,\"artists\":true,\"tracks\":[{\"src\":\"https:\\\/\\\/www.medellin.gov.co\\\/es\\\/wp-content\\\/uploads\\\/2025\\\/10\\\/Declaraciones-de-la-directora-de-Buen-Comienzo-Diana-Carmona.mp3\",\"type\":\"audio\\\/mpeg\",\"title\":\"Declaraciones de la directora de Buen Comienzo, Diana Carmona\",\"caption\":\"\",\"description\":\"\\u00abDeclaraciones de la directora de Buen Comienzo, Diana Carmona\\u00bb. \",\"meta\":{\"genre\":\"Blues\",\"length_formatted\":\"0:47\"},\"image\":{\"src\":\"https:\\\/\\\/www.medellin.gov.co\\\/es\\\/wp-includes\\\/images\\\/media\\\/audio.png\",\"width\":48,\"height\":64},\"thumb\":{\"src\":\"https:\\\/\\\/www.medellin.gov.co\\\/es\\\/wp-includes\\\/images\\\/media\\\/audio.png\",\"width\":48,\"height\":64}}]}<\/script>\n<\/div>\n\t\n<p>Las familias interesadas pueden acercarse al jard\u00edn o centro Buen Comienzo m\u00e1s cercano, o realizar el registro en la p\u00e1gina <a href=\"http:\/\/www.buscatucupo.com\" target=\"_blank\" rel=\"noopener\">www.buscatucupo.com<\/a>.<\/p>\n<p>Actualmente, hay disponibilidad de cupos en los centros El Barquito, Pastorcitos, Aguas Fr\u00edas 2, Toscana, Chispitas, Peque\u00f1o Sol 3, Barrio Crist\u00f3bal y El Ed\u00e9n, entre otros. Tambi\u00e9n, en los jardines infantiles La Huerta, Colina y Nuevo Amanecer.<\/p>\n<p><a href=\"https:\/\/www.medellin.gov.co\/es\/wp-content\/uploads\/2025\/10\/Imagen-de-docente-y-ninos-jugando-en-Buen-Comienzo.jpg\" target=\"_blank\" rel=\"noopener\"><img loading=\"lazy\" class=\"alignnone wp-image-461210 size-full\" src=\"https:\/\/www.medellin.gov.co\/es\/wp-content\/uploads\/2025\/10\/Imagen-de-docente-y-ninos-jugando-en-Buen-Comienzo.jpg\" alt=\"Imagen de docente y ni\u00f1os jugando en Buen Comienzo\" width=\"1065\" height=\"760\" srcset=\"https:\/\/www.medellin.gov.co\/es\/wp-content\/uploads\/2025\/10\/Imagen-de-docente-y-ninos-jugando-en-Buen-Comienzo.jpg 1065w, https:\/\/www.medellin.gov.co\/es\/wp-content\/uploads\/2025\/10\/Imagen-de-docente-y-ninos-jugando-en-Buen-Comienzo-300x214.jpg 300w, https:\/\/www.medellin.gov.co\/es\/wp-content\/uploads\/2025\/10\/Imagen-de-docente-y-ninos-jugando-en-Buen-Comienzo-1024x731.jpg 1024w, https:\/\/www.medellin.gov.co\/es\/wp-content\/uploads\/2025\/10\/Imagen-de-docente-y-ninos-jugando-en-Buen-Comienzo-150x107.jpg 150w, https:\/\/www.medellin.gov.co\/es\/wp-content\/uploads\/2025\/10\/Imagen-de-docente-y-ninos-jugando-en-Buen-Comienzo-768x548.jpg 768w\" sizes=\"(max-width: 1065px) 100vw, 1065px\" \/><\/a><\/p>\n<p>Tambi\u00e9n, cuenta con la modalidad familiar, dirigida a gestantes y lactantes, quienes reciben formaci\u00f3n en habilidades para criar y educar a sus hijos y acompa\u00f1amiento con doulas (profesionales de apoyo). Adem\u00e1s, acompa\u00f1a el desarrollo de las ni\u00f1as y ni\u00f1os de 0 a 3 a\u00f1os.<\/p>\n<p>Adicionalmente, a trav\u00e9s del programa Nutrir para Sanar, Sanar para Crecer, se atiende a menores con riesgo de desnutrici\u00f3n, para promover su recuperaci\u00f3n y desarrollo integral. De saberse de un caso que requiera atenci\u00f3n por riesgo o desnutrici\u00f3n, la ciudadan\u00eda puede comunicarse con la l\u00ednea 604 385 55 55, extensi\u00f3n 9896.<\/p>\n","protected":false},"excerpt":{"rendered":"<p>La Alcald\u00eda de Medell\u00edn tiene las matr\u00edculas abiertas para acceder a Buen Comienzo en las comunas Popular, Castilla, Manrique, La Am\u00e9rica, Bel\u00e9n y Guayabal, as\u00ed como en los corregimientos San Crist\u00f3bal y Altavista. El programa &#8230;<\/p>\n","protected":false},"author":21,"featured_media":461212,"comment_status":"open","ping_status":"open","sticky":false,"template":"","format":"standard","meta":[],"categories":[533],"tags":[431],"formato_nota":[],"programas_tax":[],"acf":[],"_links":{"self":[{"href":"https:\/\/www.medellin.gov.co\/es\/wp-json\/wp\/v2\/posts\/461232"}],"collection":[{"href":"https:\/\/www.medellin.gov.co\/es\/wp-json\/wp\/v2\/posts"}],"about":[{"href":"https:\/\/www.medellin.gov.co\/es\/wp-json\/wp\/v2\/types\/post"}],"author":[{"embeddable":true,"href":"https:\/\/www.medellin.gov.co\/es\/wp-json\/wp\/v2\/users\/21"}],"replies":[{"embeddable":true,"href":"https:\/\/www.medellin.gov.co\/es\/wp-json\/wp\/v2\/comments?post=461232"}],"version-history":[{"count":2,"href":"https:\/\/www.medellin.gov.co\/es\/wp-json\/wp\/v2\/posts\/461232\/revisions"}],"predecessor-version":[{"id":461358,"href":"https:\/\/www.medellin.gov.co\/es\/wp-json\/wp\/v2\/posts\/461232\/revisions\/461358"}],"wp:featuredmedia":[{"embeddable":true,"href":"https:\/\/www.medellin.gov.co\/es\/wp-json\/wp\/v2\/media\/461212"}],"wp:attachment":[{"href":"https:\/\/www.medellin.gov.co\/es\/wp-json\/wp\/v2\/media?parent=461232"}],"wp:term":[{"taxonomy":"category","embeddable":true,"href":"https:\/\/www.medellin.gov.co\/es\/wp-json\/wp\/v2\/categories?post=461232"},{"taxonomy":"post_tag","embeddable":true,"href":"https:\/\/www.medellin.gov.co\/es\/wp-json\/wp\/v2\/tags?post=461232"},{"taxonomy":"formato_nota","embeddable":true,"href":"https:\/\/www.medellin.gov.co\/es\/wp-json\/wp\/v2\/formato_nota?post=461232"},{"taxonomy":"programas_tax","embeddable":true,"href":"https:\/\/www.medellin.gov.co\/es\/wp-json\/wp\/v2\/programas_tax?post=461232"}],"curies":[{"name":"wp","href":"https:\/\/api.w.org\/{rel}","templated":true}]}}