{"id":463230,"date":"2025-10-14T16:05:28","date_gmt":"2025-10-14T21:05:28","guid":{"rendered":"https:\/\/www.medellin.gov.co\/es\/?p=463230"},"modified":"2025-10-14T16:05:28","modified_gmt":"2025-10-14T21:05:28","slug":"medellin-impulsa-la-promocion-de-las-fincas-silleteras-durante-todo-el-ano","status":"publish","type":"post","link":"https:\/\/www.medellin.gov.co\/es\/sala-de-prensa\/noticias\/medellin-impulsa-la-promocion-de-las-fincas-silleteras-durante-todo-el-ano\/","title":{"rendered":"Medell\u00edn impulsa la promoci\u00f3n de las fincas silleteras durante todo el a\u00f1o"},"content":{"rendered":"<p>La Secretar\u00eda de Turismo y Entretenimiento acompa\u00f1\u00f3 el fam trip para promocionar las fincas silleteras de Medell\u00edn durante los 12 meses del a\u00f1o, una iniciativa que reuni\u00f3 a aerol\u00edneas y agencias de viajes nacionales con el prop\u00f3sito de fortalecer la promoci\u00f3n de este atractivo tur\u00edstico, m\u00e1s all\u00e1 de la Feria de las Flores.<\/p>\n<p><img loading=\"lazy\" class=\"alignnone wp-image-463232 size-full\" src=\"https:\/\/www.medellin.gov.co\/es\/wp-content\/uploads\/2025\/10\/Imagen-fincas-silleteras-1.jpg\" alt=\"Imagen fincas silleteras (1)\" width=\"1133\" height=\"850\" srcset=\"https:\/\/www.medellin.gov.co\/es\/wp-content\/uploads\/2025\/10\/Imagen-fincas-silleteras-1.jpg 1133w, https:\/\/www.medellin.gov.co\/es\/wp-content\/uploads\/2025\/10\/Imagen-fincas-silleteras-1-300x225.jpg 300w, https:\/\/www.medellin.gov.co\/es\/wp-content\/uploads\/2025\/10\/Imagen-fincas-silleteras-1-1024x768.jpg 1024w, https:\/\/www.medellin.gov.co\/es\/wp-content\/uploads\/2025\/10\/Imagen-fincas-silleteras-1-150x113.jpg 150w, https:\/\/www.medellin.gov.co\/es\/wp-content\/uploads\/2025\/10\/Imagen-fincas-silleteras-1-768x576.jpg 768w\" sizes=\"(max-width: 1133px) 100vw, 1133px\" \/><\/p>\n<p>M\u00e1s de 35 agencias de viajes provenientes de Armenia, Bogot\u00e1, Cali, Bucaramanga y Medell\u00edn, junto con representantes de la aerol\u00ednea <em>Clic<\/em>, vivieron una jornada llena de color y tradici\u00f3n en la finca silletera El Pensamiento, ubicada en la vereda El Rosario, en el corregimiento de Santa Elena.<\/p>\n<p>Esta experiencia permiti\u00f3 mostrar que el encanto silletero est\u00e1 vivo los 365 d\u00edas del a\u00f1o, invitando a turistas y viajeros a disfrutar de esta tradici\u00f3n \u00fanica, en cualquier momento.<\/p>\n<p>En Medell\u00edn siempre hay algo nuevo por descubrir. Las fincas silleteras de Santa Elena son un plan imperdible que combina naturaleza, historia, tradici\u00f3n y la calidez de su gente, haciendo de esta tierra un destino aut\u00e9ntico y lleno de vida.<\/p>\n<p><img loading=\"lazy\" class=\"alignnone size-full wp-image-463234\" src=\"https:\/\/www.medellin.gov.co\/es\/wp-content\/uploads\/2025\/10\/Imagen-fincas-silleteras-2.jpg\" alt=\"Imagen fincas silleteras (2)\" width=\"1133\" height=\"850\" srcset=\"https:\/\/www.medellin.gov.co\/es\/wp-content\/uploads\/2025\/10\/Imagen-fincas-silleteras-2.jpg 1133w, https:\/\/www.medellin.gov.co\/es\/wp-content\/uploads\/2025\/10\/Imagen-fincas-silleteras-2-300x225.jpg 300w, https:\/\/www.medellin.gov.co\/es\/wp-content\/uploads\/2025\/10\/Imagen-fincas-silleteras-2-1024x768.jpg 1024w, https:\/\/www.medellin.gov.co\/es\/wp-content\/uploads\/2025\/10\/Imagen-fincas-silleteras-2-150x113.jpg 150w, https:\/\/www.medellin.gov.co\/es\/wp-content\/uploads\/2025\/10\/Imagen-fincas-silleteras-2-768x576.jpg 768w\" sizes=\"(max-width: 1133px) 100vw, 1133px\" \/><\/p>\n<p>Desde la Secretar\u00eda de Turismo y Entretenimiento reafirmamos nuestro compromiso con la promoci\u00f3n de Medell\u00edn como Destino Tur\u00edstico Sostenible, trabajando en alianzas estrat\u00e9gicas para visibilizar, a nivel nacional, la riqueza y diversidad de experiencias que ofrecen nuestras 16 comunas y cinco corregimientos.<\/p>\n","protected":false},"excerpt":{"rendered":"<p>La Secretar\u00eda de Turismo y Entretenimiento acompa\u00f1\u00f3 el fam trip para promocionar las fincas silleteras de Medell\u00edn durante los 12 meses del a\u00f1o, una iniciativa que reuni\u00f3 a aerol\u00edneas y agencias de viajes nacionales con &#8230;<\/p>\n","protected":false},"author":95,"featured_media":463234,"comment_status":"open","ping_status":"open","sticky":false,"template":"","format":"standard","meta":[],"categories":[690],"tags":[430],"formato_nota":[],"programas_tax":[],"acf":[],"_links":{"self":[{"href":"https:\/\/www.medellin.gov.co\/es\/wp-json\/wp\/v2\/posts\/463230"}],"collection":[{"href":"https:\/\/www.medellin.gov.co\/es\/wp-json\/wp\/v2\/posts"}],"about":[{"href":"https:\/\/www.medellin.gov.co\/es\/wp-json\/wp\/v2\/types\/post"}],"author":[{"embeddable":true,"href":"https:\/\/www.medellin.gov.co\/es\/wp-json\/wp\/v2\/users\/95"}],"replies":[{"embeddable":true,"href":"https:\/\/www.medellin.gov.co\/es\/wp-json\/wp\/v2\/comments?post=463230"}],"version-history":[{"count":1,"href":"https:\/\/www.medellin.gov.co\/es\/wp-json\/wp\/v2\/posts\/463230\/revisions"}],"predecessor-version":[{"id":463237,"href":"https:\/\/www.medellin.gov.co\/es\/wp-json\/wp\/v2\/posts\/463230\/revisions\/463237"}],"wp:featuredmedia":[{"embeddable":true,"href":"https:\/\/www.medellin.gov.co\/es\/wp-json\/wp\/v2\/media\/463234"}],"wp:attachment":[{"href":"https:\/\/www.medellin.gov.co\/es\/wp-json\/wp\/v2\/media?parent=463230"}],"wp:term":[{"taxonomy":"category","embeddable":true,"href":"https:\/\/www.medellin.gov.co\/es\/wp-json\/wp\/v2\/categories?post=463230"},{"taxonomy":"post_tag","embeddable":true,"href":"https:\/\/www.medellin.gov.co\/es\/wp-json\/wp\/v2\/tags?post=463230"},{"taxonomy":"formato_nota","embeddable":true,"href":"https:\/\/www.medellin.gov.co\/es\/wp-json\/wp\/v2\/formato_nota?post=463230"},{"taxonomy":"programas_tax","embeddable":true,"href":"https:\/\/www.medellin.gov.co\/es\/wp-json\/wp\/v2\/programas_tax?post=463230"}],"curies":[{"name":"wp","href":"https:\/\/api.w.org\/{rel}","templated":true}]}}