{"id":469135,"date":"2025-10-31T15:04:29","date_gmt":"2025-10-31T20:04:29","guid":{"rendered":"https:\/\/www.medellin.gov.co\/es\/?p=469135"},"modified":"2025-10-31T15:04:29","modified_gmt":"2025-10-31T20:04:29","slug":"consejo-para-la-gestion-del-riesgo-de-desastres-de-medellin-presento-balance-inicial-de-temporada-de-lluvias","status":"publish","type":"post","link":"https:\/\/www.medellin.gov.co\/es\/sala-de-prensa\/noticias\/consejo-para-la-gestion-del-riesgo-de-desastres-de-medellin-presento-balance-inicial-de-temporada-de-lluvias\/","title":{"rendered":"Consejo para la Gesti\u00f3n del Riesgo de Desastres de Medell\u00edn present\u00f3 balance inicial de temporada de lluvias"},"content":{"rendered":"<ul>\n<li>De acuerdo con el <a href=\"https:\/\/siata.gov.co\/siata_nuevo\/\" target=\"_blank\" rel=\"noopener\">Siata<\/a>, las precipitaciones continuar\u00e1n en noviembre y diciembre, y se proyecta que aumenten, adem\u00e1s que se registren tormentas el\u00e9ctricas.<\/li>\n<li>Se destac\u00f3 el impacto positivo de las evacuaciones realizadas en la cuenca de la quebrada Altavista, en la cual se tuvo un episodio de creciente s\u00fabita en d\u00edas pasados.<\/li>\n<\/ul>\n<!--[if lt IE 9]><script>document.createElement('audio');<\/script><![endif]-->\n\t<div class=\"wp-playlist wp-audio-playlist wp-playlist-light\">\n\t\t\t<div class=\"wp-playlist-current-item\"><\/div>\n\t\t<audio controls=\"controls\" preload=\"none\" width=\"640\"\n\t\t\t><\/audio>\n\t<div class=\"wp-playlist-next\"><\/div>\n\t<div class=\"wp-playlist-prev\"><\/div>\n\t<noscript>\n\t<ol>\n\t\t<li><a href='https:\/\/www.medellin.gov.co\/es\/wp-content\/uploads\/2025\/10\/Declaraciones-director-del-DAGRD-Carlos-Quintero.mp3'>Declaraciones director del DAGRD, Carlos Quintero<\/a><\/li>\t<\/ol>\n\t<\/noscript>\n\t<script type=\"application\/json\" class=\"wp-playlist-script\">{\"type\":\"audio\",\"tracklist\":true,\"tracknumbers\":true,\"images\":true,\"artists\":true,\"tracks\":[{\"src\":\"https:\\\/\\\/www.medellin.gov.co\\\/es\\\/wp-content\\\/uploads\\\/2025\\\/10\\\/Declaraciones-director-del-DAGRD-Carlos-Quintero.mp3\",\"type\":\"audio\\\/mpeg\",\"title\":\"Declaraciones director del DAGRD, Carlos Quintero\",\"caption\":\"\",\"description\":\"\\u00abDeclaraciones director del DAGRD, Carlos Quintero\\u00bb. G\\u00e9nero: Blues.\",\"meta\":{\"genre\":\"Blues\",\"length_formatted\":\"1:53\"},\"image\":{\"src\":\"https:\\\/\\\/www.medellin.gov.co\\\/es\\\/wp-includes\\\/images\\\/media\\\/audio.png\",\"width\":48,\"height\":64},\"thumb\":{\"src\":\"https:\\\/\\\/www.medellin.gov.co\\\/es\\\/wp-includes\\\/images\\\/media\\\/audio.png\",\"width\":48,\"height\":64}}]}<\/script>\n<\/div>\n\t\n<p>En la s\u00e9ptima sesi\u00f3n extraordinaria del Consejo Distrital para la Gesti\u00f3n del Riesgo de Desastres de Medell\u00edn se expuso un balance del desarrollo de la actual temporada de lluvias y se recomend\u00f3 el retorno a la normalidad, lo que implica terminar la Calamidad P\u00fablica declarada en abril. En lo que va de 2025, en la ciudad se han atendido m\u00e1s de 6.800 emergencias, de las cuales, 1.844 han sido ocasionadas por las precipitaciones. De estas, 418 han sido deslizamientos, 1.267 han sido casos relacionados con \u00e1rboles y 159 inundaciones.<\/p>\n\n\t\t<style type=\"text\/css\">\n\t\t\t#gallery-1 {\n\t\t\t\tmargin: auto;\n\t\t\t}\n\t\t\t#gallery-1 .gallery-item {\n\t\t\t\tfloat: left;\n\t\t\t\tmargin-top: 10px;\n\t\t\t\ttext-align: center;\n\t\t\t\twidth: 50%;\n\t\t\t}\n\t\t\t#gallery-1 img {\n\t\t\t\tborder: 2px solid #cfcfcf;\n\t\t\t}\n\t\t\t#gallery-1 .gallery-caption {\n\t\t\t\tmargin-left: 0;\n\t\t\t}\n\t\t\t\/* see gallery_shortcode() in wp-includes\/media.php *\/\n\t\t<\/style>\n\t\t<div id='gallery-1' class='gallery galleryid-469135 gallery-columns-2 gallery-size-full'><dl class='gallery-item'>\n\t\t\t<dt class='gallery-icon portrait'>\n\t\t\t\t<a href='https:\/\/www.medellin.gov.co\/es\/sala-de-prensa\/noticias\/consejo-para-la-gestion-del-riesgo-de-desastres-de-medellin-presento-balance-inicial-de-temporada-de-lluvias\/imagen-consejo-para-la-gestion-del-riesgo-de-desastres-4\/'><img width=\"592\" height=\"850\" src=\"https:\/\/www.medellin.gov.co\/es\/wp-content\/uploads\/2025\/10\/Imagen-Consejo-para-la-Gestion-del-Riesgo-de-Desastres-4.jpg\" class=\"attachment-full size-full\" alt=\"Imagen Consejo para la Gesti\u00f3n del Riesgo de Desastres (4)\" loading=\"lazy\" srcset=\"https:\/\/www.medellin.gov.co\/es\/wp-content\/uploads\/2025\/10\/Imagen-Consejo-para-la-Gestion-del-Riesgo-de-Desastres-4.jpg 592w, https:\/\/www.medellin.gov.co\/es\/wp-content\/uploads\/2025\/10\/Imagen-Consejo-para-la-Gestion-del-Riesgo-de-Desastres-4-209x300.jpg 209w, https:\/\/www.medellin.gov.co\/es\/wp-content\/uploads\/2025\/10\/Imagen-Consejo-para-la-Gestion-del-Riesgo-de-Desastres-4-104x150.jpg 104w\" sizes=\"(max-width: 592px) 100vw, 592px\" \/><\/a>\n\t\t\t<\/dt><\/dl><dl class='gallery-item'>\n\t\t\t<dt class='gallery-icon portrait'>\n\t\t\t\t<a href='https:\/\/www.medellin.gov.co\/es\/sala-de-prensa\/noticias\/consejo-para-la-gestion-del-riesgo-de-desastres-de-medellin-presento-balance-inicial-de-temporada-de-lluvias\/imagen-consejo-para-la-gestion-del-riesgo-de-desastres-3\/'><img width=\"639\" height=\"850\" src=\"https:\/\/www.medellin.gov.co\/es\/wp-content\/uploads\/2025\/10\/Imagen-Consejo-para-la-Gestion-del-Riesgo-de-Desastres-3.jpg\" class=\"attachment-full size-full\" alt=\"Imagen Consejo para la Gesti\u00f3n del Riesgo de Desastres (3)\" loading=\"lazy\" srcset=\"https:\/\/www.medellin.gov.co\/es\/wp-content\/uploads\/2025\/10\/Imagen-Consejo-para-la-Gestion-del-Riesgo-de-Desastres-3.jpg 639w, https:\/\/www.medellin.gov.co\/es\/wp-content\/uploads\/2025\/10\/Imagen-Consejo-para-la-Gestion-del-Riesgo-de-Desastres-3-226x300.jpg 226w, https:\/\/www.medellin.gov.co\/es\/wp-content\/uploads\/2025\/10\/Imagen-Consejo-para-la-Gestion-del-Riesgo-de-Desastres-3-113x150.jpg 113w\" sizes=\"(max-width: 639px) 100vw, 639px\" \/><\/a>\n\t\t\t<\/dt><\/dl><br style=\"clear: both\" \/>\n\t\t<\/div>\n\n<p>En esta sesi\u00f3n se destac\u00f3 el impacto positivo de las acciones realizadas en la cuenca de la quebrada Altavista, en la cual se tuvo un episodio de creciente s\u00fabita en d\u00edas recientes y que, de no ser por la evacuaci\u00f3n solidaria de estas familias, en el sector Mano de Dios, se hubiese registrado una nueva tragedia. Este trabajo, preventivo y articulado con las diferentes dependencias, permiti\u00f3 salvar la vida de las personas que habitaban el sector.<\/p>\n<p>\u201cLas entidades del consejo distrital recomendaron al alcalde el decreto del retorno a la normalidad. Esto nos permite superar estas situaciones que derivaron en esta calamidad p\u00fablica, mediante las acciones de las diferentes entidades, resaltando la intervenci\u00f3n en Altavista, donde se implementaron demoliciones y evacuaciones solidarias. La semana anterior se present\u00f3 una creciente s\u00fabita. Si estas viviendas hubiesen estado en el margen de la quebrada se hubiesen afectado m\u00e1s de 800 personas, que fueron evacuadas en esta primera temporada de lluvias. Todas las labores de reducci\u00f3n del riesgo de desastre buscan proteger la vida de los ciudadanos y contribuir a la reducci\u00f3n de vulnerabilidad\u201d, expres\u00f3 el director del DAGRD, Carlos Quintero.<\/p>\n<p><img loading=\"lazy\" class=\"alignnone wp-image-469143 size-full\" title=\" Consejo para la Gesti\u00f3n del Riesgo de Desastres\" src=\"https:\/\/www.medellin.gov.co\/es\/wp-content\/uploads\/2025\/10\/Imagen-Consejo-para-la-Gestion-del-Riesgo-de-Desastres-2.jpg\" alt=\"Imagen Consejo para la Gesti\u00f3n del Riesgo de Desastres (2)\" width=\"855\" height=\"850\" srcset=\"https:\/\/www.medellin.gov.co\/es\/wp-content\/uploads\/2025\/10\/Imagen-Consejo-para-la-Gestion-del-Riesgo-de-Desastres-2.jpg 855w, https:\/\/www.medellin.gov.co\/es\/wp-content\/uploads\/2025\/10\/Imagen-Consejo-para-la-Gestion-del-Riesgo-de-Desastres-2-300x298.jpg 300w, https:\/\/www.medellin.gov.co\/es\/wp-content\/uploads\/2025\/10\/Imagen-Consejo-para-la-Gestion-del-Riesgo-de-Desastres-2-150x150.jpg 150w, https:\/\/www.medellin.gov.co\/es\/wp-content\/uploads\/2025\/10\/Imagen-Consejo-para-la-Gestion-del-Riesgo-de-Desastres-2-768x764.jpg 768w\" sizes=\"(max-width: 855px) 100vw, 855px\" \/><\/p>\n<p>De acuerdo con el Siata, las precipitaciones continuar\u00e1n en noviembre y diciembre, y se proyecta que se incrementen, as\u00ed como que se registren tormentas el\u00e9ctricas.<\/p>\n<p>El encuentro cont\u00f3 con la participaci\u00f3n de entidades operativas del sistema, organismos de socorro y dependencias de la Administraci\u00f3n Distrital, lo que refuerza la articulaci\u00f3n institucional para proteger la vida y reducir los riesgos.<\/p>\n<p>El DAGRD refuerza el llamado a la ciudadan\u00eda para que est\u00e9 atenta al comportamiento de r\u00edos, quebradas y cauces, y reporte cualquier emergencia a trav\u00e9s de la l\u00ednea 123.<\/p>\n","protected":false},"excerpt":{"rendered":"<p>De acuerdo con el Siata, las precipitaciones continuar\u00e1n en noviembre y diciembre, y se proyecta que aumenten, adem\u00e1s que se registren tormentas el\u00e9ctricas. Se destac\u00f3 el impacto positivo de las evacuaciones realizadas en la cuenca &#8230;<\/p>\n","protected":false},"author":95,"featured_media":469140,"comment_status":"open","ping_status":"open","sticky":false,"template":"","format":"standard","meta":[],"categories":[17],"tags":[455],"formato_nota":[],"programas_tax":[],"acf":[],"_links":{"self":[{"href":"https:\/\/www.medellin.gov.co\/es\/wp-json\/wp\/v2\/posts\/469135"}],"collection":[{"href":"https:\/\/www.medellin.gov.co\/es\/wp-json\/wp\/v2\/posts"}],"about":[{"href":"https:\/\/www.medellin.gov.co\/es\/wp-json\/wp\/v2\/types\/post"}],"author":[{"embeddable":true,"href":"https:\/\/www.medellin.gov.co\/es\/wp-json\/wp\/v2\/users\/95"}],"replies":[{"embeddable":true,"href":"https:\/\/www.medellin.gov.co\/es\/wp-json\/wp\/v2\/comments?post=469135"}],"version-history":[{"count":1,"href":"https:\/\/www.medellin.gov.co\/es\/wp-json\/wp\/v2\/posts\/469135\/revisions"}],"predecessor-version":[{"id":469267,"href":"https:\/\/www.medellin.gov.co\/es\/wp-json\/wp\/v2\/posts\/469135\/revisions\/469267"}],"wp:featuredmedia":[{"embeddable":true,"href":"https:\/\/www.medellin.gov.co\/es\/wp-json\/wp\/v2\/media\/469140"}],"wp:attachment":[{"href":"https:\/\/www.medellin.gov.co\/es\/wp-json\/wp\/v2\/media?parent=469135"}],"wp:term":[{"taxonomy":"category","embeddable":true,"href":"https:\/\/www.medellin.gov.co\/es\/wp-json\/wp\/v2\/categories?post=469135"},{"taxonomy":"post_tag","embeddable":true,"href":"https:\/\/www.medellin.gov.co\/es\/wp-json\/wp\/v2\/tags?post=469135"},{"taxonomy":"formato_nota","embeddable":true,"href":"https:\/\/www.medellin.gov.co\/es\/wp-json\/wp\/v2\/formato_nota?post=469135"},{"taxonomy":"programas_tax","embeddable":true,"href":"https:\/\/www.medellin.gov.co\/es\/wp-json\/wp\/v2\/programas_tax?post=469135"}],"curies":[{"name":"wp","href":"https:\/\/api.w.org\/{rel}","templated":true}]}}