{"id":469270,"date":"2025-10-31T15:26:38","date_gmt":"2025-10-31T20:26:38","guid":{"rendered":"https:\/\/www.medellin.gov.co\/es\/?p=469270"},"modified":"2025-10-31T15:27:45","modified_gmt":"2025-10-31T20:27:45","slug":"alcalde-de-medellin-federico-gutierrez-entrego-cancha-de-microfutbol-completamente-renovada-en-manrique","status":"publish","type":"post","link":"https:\/\/www.medellin.gov.co\/es\/sala-de-prensa\/noticias\/alcalde-de-medellin-federico-gutierrez-entrego-cancha-de-microfutbol-completamente-renovada-en-manrique\/","title":{"rendered":"Alcalde de Medell\u00edn, Federico Guti\u00e9rrez, entreg\u00f3 cancha de microf\u00fatbol completamente renovada en Manrique"},"content":{"rendered":"<ul>\n<li>La intervenci\u00f3n se hizo en el barrio Santa In\u00e9s, en uno de los escenarios m\u00e1s deteriorados que encontr\u00f3 la actual administraci\u00f3n. La inversi\u00f3n fue de $639 millones.<\/li>\n<li>La nueva superficie sint\u00e9tica que se instal\u00f3 cumple con las especificaciones aprobadas por la FIFA y cuenta con certificaci\u00f3n FIFA BASIC.<\/li>\n<li>Durante 2025, la Alcald\u00eda de Medell\u00edn ha entregado 138 escenarios renovados.<\/li>\n<\/ul>\n<!--[if lt IE 9]><script>document.createElement('audio');<\/script><![endif]-->\n\t<div class=\"wp-playlist wp-audio-playlist wp-playlist-light\">\n\t\t\t<div class=\"wp-playlist-current-item\"><\/div>\n\t\t<audio controls=\"controls\" preload=\"none\" width=\"640\"\n\t\t\t><\/audio>\n\t<div class=\"wp-playlist-next\"><\/div>\n\t<div class=\"wp-playlist-prev\"><\/div>\n\t<noscript>\n\t<ol>\n\t\t<li><a href='https:\/\/www.medellin.gov.co\/es\/wp-content\/uploads\/2025\/10\/Declaraciones-alcalde-de-Medellin-Federico-Gutierrez-3.mp3'>Declaraciones alcalde de Medell\u00edn Federico Guti\u00e9rrez<\/a><\/li>\t<\/ol>\n\t<\/noscript>\n\t<script type=\"application\/json\" class=\"wp-playlist-script\">{\"type\":\"audio\",\"tracklist\":true,\"tracknumbers\":true,\"images\":true,\"artists\":true,\"tracks\":[{\"src\":\"https:\\\/\\\/www.medellin.gov.co\\\/es\\\/wp-content\\\/uploads\\\/2025\\\/10\\\/Declaraciones-alcalde-de-Medellin-Federico-Gutierrez-3.mp3\",\"type\":\"audio\\\/mpeg\",\"title\":\"Declaraciones alcalde de Medell\\u00edn Federico Guti\\u00e9rrez\",\"caption\":\"\",\"description\":\"\\u00abDeclaraciones alcalde de Medell\\u00edn Federico Guti\\u00e9rrez\\u00bb. Lanzamiento: 1904.\",\"meta\":{\"year\":\"1904\",\"length_formatted\":\"2:27\"},\"image\":{\"src\":\"https:\\\/\\\/www.medellin.gov.co\\\/es\\\/wp-includes\\\/images\\\/media\\\/audio.png\",\"width\":48,\"height\":64},\"thumb\":{\"src\":\"https:\\\/\\\/www.medellin.gov.co\\\/es\\\/wp-includes\\\/images\\\/media\\\/audio.png\",\"width\":48,\"height\":64}}]}<\/script>\n<\/div>\n\t\n<p>Con una inversi\u00f3n de $639 millones, la Alcald\u00eda de Medell\u00edn entreg\u00f3 renovada la cancha de microf\u00fatbol en grama sint\u00e9tica del barrio Santa In\u00e9s, en Manrique, nororiente de la ciudad. La obra beneficia a 20.200 habitantes, quienes ahora cuentan con mejores condiciones para la pr\u00e1ctica deportiva. Las intervenciones forman parte del Plan 282-25, la hoja de ruta para renovar los escenarios de actividad f\u00edsica en estados m\u00e1s cr\u00edticos.<\/p>\n<p><img loading=\"lazy\" class=\"alignnone wp-image-469275 size-full\" title=\"Cancha de microf\u00fatbol renovada en Manrique\" src=\"https:\/\/www.medellin.gov.co\/es\/wp-content\/uploads\/2025\/10\/Imagen-cancha-de-microfutbol-renovada-en-Manrique-3.jpg\" alt=\"Imagen cancha de microf\u00fatbol renovada en Manrique (3)\" width=\"1274\" height=\"850\" srcset=\"https:\/\/www.medellin.gov.co\/es\/wp-content\/uploads\/2025\/10\/Imagen-cancha-de-microfutbol-renovada-en-Manrique-3.jpg 1274w, https:\/\/www.medellin.gov.co\/es\/wp-content\/uploads\/2025\/10\/Imagen-cancha-de-microfutbol-renovada-en-Manrique-3-300x200.jpg 300w, https:\/\/www.medellin.gov.co\/es\/wp-content\/uploads\/2025\/10\/Imagen-cancha-de-microfutbol-renovada-en-Manrique-3-1024x683.jpg 1024w, https:\/\/www.medellin.gov.co\/es\/wp-content\/uploads\/2025\/10\/Imagen-cancha-de-microfutbol-renovada-en-Manrique-3-150x100.jpg 150w, https:\/\/www.medellin.gov.co\/es\/wp-content\/uploads\/2025\/10\/Imagen-cancha-de-microfutbol-renovada-en-Manrique-3-768x512.jpg 768w\" sizes=\"(max-width: 1274px) 100vw, 1274px\" \/><\/p>\n<p>Las obras incluyeron el reemplazo total de la grama sint\u00e9tica por una nueva superficie con shockpad (material que permite la permeabilidad a trav\u00e9s de agujeros), lo que mejora el desempe\u00f1o deportivo, la comodidad de los usuarios y la durabilidad del c\u00e9sped. Todo fue ejecutado bajo las especificaciones t\u00e9cnicas aprobadas por la FIFA y el escenario ahora cuenta con certificaci\u00f3n de aprobaci\u00f3n FIFA BASIC.<\/p>\n<p>\u201cLos recursos que se invirtieron ac\u00e1 son p\u00fablicos y demuestran que, cuando se gobierna con transparencia, la plata se ve, rinde, las obras se ven y hay beneficio para la comunidad. Aqu\u00ed estamos con los ni\u00f1os de las escuelas populares del deporte, a quienes les he dicho: este espacio es de ustedes, cu\u00eddenlo; tambi\u00e9n es de la tercera edad, los clubes de vida, los j\u00f3venes. Aqu\u00ed el arreglo fue total. Era una de las canchas m\u00e1s malas que ten\u00eda esta zona y qued\u00f3 nueva. A cuidarla y disfrutarla, porque esto se hizo con los impuestos que pagan los ciudadanos\u201d, expres\u00f3 el alcalde Federico Guti\u00e9rrez Zuluaga.<\/p>\n\n\t\t<style type=\"text\/css\">\n\t\t\t#gallery-1 {\n\t\t\t\tmargin: auto;\n\t\t\t}\n\t\t\t#gallery-1 .gallery-item {\n\t\t\t\tfloat: left;\n\t\t\t\tmargin-top: 10px;\n\t\t\t\ttext-align: center;\n\t\t\t\twidth: 50%;\n\t\t\t}\n\t\t\t#gallery-1 img {\n\t\t\t\tborder: 2px solid #cfcfcf;\n\t\t\t}\n\t\t\t#gallery-1 .gallery-caption {\n\t\t\t\tmargin-left: 0;\n\t\t\t}\n\t\t\t\/* see gallery_shortcode() in wp-includes\/media.php *\/\n\t\t<\/style>\n\t\t<div id='gallery-1' class='gallery galleryid-469270 gallery-columns-2 gallery-size-full'><dl class='gallery-item'>\n\t\t\t<dt class='gallery-icon landscape'>\n\t\t\t\t<a href='https:\/\/www.medellin.gov.co\/es\/sala-de-prensa\/noticias\/alcalde-de-medellin-federico-gutierrez-entrego-cancha-de-microfutbol-completamente-renovada-en-manrique\/imagen-cancha-de-microfutbol-renovada-en-manrique-4\/'><img width=\"1274\" height=\"850\" src=\"https:\/\/www.medellin.gov.co\/es\/wp-content\/uploads\/2025\/10\/Imagen-cancha-de-microfutbol-renovada-en-Manrique-4.jpg\" class=\"attachment-full size-full\" alt=\"Imagen cancha de microf\u00fatbol renovada en Manrique (4)\" loading=\"lazy\" srcset=\"https:\/\/www.medellin.gov.co\/es\/wp-content\/uploads\/2025\/10\/Imagen-cancha-de-microfutbol-renovada-en-Manrique-4.jpg 1274w, https:\/\/www.medellin.gov.co\/es\/wp-content\/uploads\/2025\/10\/Imagen-cancha-de-microfutbol-renovada-en-Manrique-4-300x200.jpg 300w, https:\/\/www.medellin.gov.co\/es\/wp-content\/uploads\/2025\/10\/Imagen-cancha-de-microfutbol-renovada-en-Manrique-4-1024x683.jpg 1024w, https:\/\/www.medellin.gov.co\/es\/wp-content\/uploads\/2025\/10\/Imagen-cancha-de-microfutbol-renovada-en-Manrique-4-150x100.jpg 150w, https:\/\/www.medellin.gov.co\/es\/wp-content\/uploads\/2025\/10\/Imagen-cancha-de-microfutbol-renovada-en-Manrique-4-768x512.jpg 768w\" sizes=\"(max-width: 1274px) 100vw, 1274px\" \/><\/a>\n\t\t\t<\/dt><\/dl><dl class='gallery-item'>\n\t\t\t<dt class='gallery-icon landscape'>\n\t\t\t\t<a href='https:\/\/www.medellin.gov.co\/es\/sala-de-prensa\/noticias\/alcalde-de-medellin-federico-gutierrez-entrego-cancha-de-microfutbol-completamente-renovada-en-manrique\/imagen-cancha-de-microfutbol-renovada-en-manrique-1\/'><img width=\"1274\" height=\"850\" src=\"https:\/\/www.medellin.gov.co\/es\/wp-content\/uploads\/2025\/10\/Imagen-cancha-de-microfutbol-renovada-en-Manrique-1.jpg\" class=\"attachment-full size-full\" alt=\"Imagen cancha de microf\u00fatbol renovada en Manrique (1)\" loading=\"lazy\" srcset=\"https:\/\/www.medellin.gov.co\/es\/wp-content\/uploads\/2025\/10\/Imagen-cancha-de-microfutbol-renovada-en-Manrique-1.jpg 1274w, https:\/\/www.medellin.gov.co\/es\/wp-content\/uploads\/2025\/10\/Imagen-cancha-de-microfutbol-renovada-en-Manrique-1-300x200.jpg 300w, https:\/\/www.medellin.gov.co\/es\/wp-content\/uploads\/2025\/10\/Imagen-cancha-de-microfutbol-renovada-en-Manrique-1-1024x683.jpg 1024w, https:\/\/www.medellin.gov.co\/es\/wp-content\/uploads\/2025\/10\/Imagen-cancha-de-microfutbol-renovada-en-Manrique-1-150x100.jpg 150w, https:\/\/www.medellin.gov.co\/es\/wp-content\/uploads\/2025\/10\/Imagen-cancha-de-microfutbol-renovada-en-Manrique-1-768x512.jpg 768w\" sizes=\"(max-width: 1274px) 100vw, 1274px\" \/><\/a>\n\t\t\t<\/dt><\/dl><br style=\"clear: both\" \/>\n\t\t<\/div>\n\n<p>All\u00ed, adem\u00e1s, se realiz\u00f3 un mantenimiento integral del espacio con el realce del cerramiento, instalaci\u00f3n de cubierta en nylon, adecuaci\u00f3n de porter\u00edas, drenajes, pasamanos, cajas y c\u00e1rcamos. Tambi\u00e9n, se ejecutaron labores complementarias de rocer\u00eda, as\u00ed como limpieza de zonas verdes y pintura de grader\u00edas y muros.<\/p>\n<p>Durante 2025, la Alcald\u00eda de Medell\u00edn ha entregado 138 escenarios intervenidos, con una inversi\u00f3n que supera los $44.328 millones, lo que reafirma su compromiso con una ciudad que se mueve, entrena y disfruta de espacios adecuados.<\/p>\n","protected":false},"excerpt":{"rendered":"<p>La intervenci\u00f3n se hizo en el barrio Santa In\u00e9s, en uno de los escenarios m\u00e1s deteriorados que encontr\u00f3 la actual administraci\u00f3n. La inversi\u00f3n fue de $639 millones. La nueva superficie sint\u00e9tica que se instal\u00f3 cumple &#8230;<\/p>\n","protected":false},"author":95,"featured_media":469278,"comment_status":"open","ping_status":"open","sticky":false,"template":"","format":"standard","meta":[],"categories":[17],"tags":[634,689],"formato_nota":[],"programas_tax":[],"acf":[],"_links":{"self":[{"href":"https:\/\/www.medellin.gov.co\/es\/wp-json\/wp\/v2\/posts\/469270"}],"collection":[{"href":"https:\/\/www.medellin.gov.co\/es\/wp-json\/wp\/v2\/posts"}],"about":[{"href":"https:\/\/www.medellin.gov.co\/es\/wp-json\/wp\/v2\/types\/post"}],"author":[{"embeddable":true,"href":"https:\/\/www.medellin.gov.co\/es\/wp-json\/wp\/v2\/users\/95"}],"replies":[{"embeddable":true,"href":"https:\/\/www.medellin.gov.co\/es\/wp-json\/wp\/v2\/comments?post=469270"}],"version-history":[{"count":2,"href":"https:\/\/www.medellin.gov.co\/es\/wp-json\/wp\/v2\/posts\/469270\/revisions"}],"predecessor-version":[{"id":469282,"href":"https:\/\/www.medellin.gov.co\/es\/wp-json\/wp\/v2\/posts\/469270\/revisions\/469282"}],"wp:featuredmedia":[{"embeddable":true,"href":"https:\/\/www.medellin.gov.co\/es\/wp-json\/wp\/v2\/media\/469278"}],"wp:attachment":[{"href":"https:\/\/www.medellin.gov.co\/es\/wp-json\/wp\/v2\/media?parent=469270"}],"wp:term":[{"taxonomy":"category","embeddable":true,"href":"https:\/\/www.medellin.gov.co\/es\/wp-json\/wp\/v2\/categories?post=469270"},{"taxonomy":"post_tag","embeddable":true,"href":"https:\/\/www.medellin.gov.co\/es\/wp-json\/wp\/v2\/tags?post=469270"},{"taxonomy":"formato_nota","embeddable":true,"href":"https:\/\/www.medellin.gov.co\/es\/wp-json\/wp\/v2\/formato_nota?post=469270"},{"taxonomy":"programas_tax","embeddable":true,"href":"https:\/\/www.medellin.gov.co\/es\/wp-json\/wp\/v2\/programas_tax?post=469270"}],"curies":[{"name":"wp","href":"https:\/\/api.w.org\/{rel}","templated":true}]}}