{"id":469285,"date":"2025-10-31T15:36:04","date_gmt":"2025-10-31T20:36:04","guid":{"rendered":"https:\/\/www.medellin.gov.co\/es\/?p=469285"},"modified":"2025-10-31T15:36:04","modified_gmt":"2025-10-31T20:36:04","slug":"la-danza-se-toma-medellin-como-plataforma-internacional-con-la-participacion-de-cinco-paises","status":"publish","type":"post","link":"https:\/\/www.medellin.gov.co\/es\/sala-de-prensa\/noticias\/la-danza-se-toma-medellin-como-plataforma-internacional-con-la-participacion-de-cinco-paises\/","title":{"rendered":"La danza se toma Medell\u00edn como plataforma internacional con la participaci\u00f3n de cinco pa\u00edses"},"content":{"rendered":"<ul>\n<li><a href=\"https:\/\/www.medellin.gov.co\/es\/eventos\/temporada-internacional-de-danza-danzamed\/\" target=\"_blank\" rel=\"noopener\">Danzamed<\/a> 2025 tendr\u00e1 la participaci\u00f3n de compa\u00f1\u00edas de Francia, Alemania, Suiza, Canad\u00e1 y Brasil durante una semana de programaci\u00f3n.<\/li>\n<li>Se conmemora los 20 a\u00f1os de la Red de Danza del Distrito, que hace parte de la Red de Pr\u00e1cticas Art\u00edsticas y Culturales.<\/li>\n<\/ul>\n<!--[if lt IE 9]><script>document.createElement('audio');<\/script><![endif]-->\n\t<div class=\"wp-playlist wp-audio-playlist wp-playlist-light\">\n\t\t\t<div class=\"wp-playlist-current-item\"><\/div>\n\t\t<audio controls=\"controls\" preload=\"none\" width=\"640\"\n\t\t\t><\/audio>\n\t<div class=\"wp-playlist-next\"><\/div>\n\t<div class=\"wp-playlist-prev\"><\/div>\n\t<noscript>\n\t<ol>\n\t\t<li><a href='https:\/\/www.medellin.gov.co\/es\/wp-content\/uploads\/2025\/10\/Declaraciones-secretario-de-Cultura-Ciudadana-Santiago-Silva-2.mp3'>Declaraciones secretario de Cultura Ciudadana, Santiago Silva<\/a><\/li><li><a href='https:\/\/www.medellin.gov.co\/es\/wp-content\/uploads\/2025\/10\/Declaraciones-Jose-Ivan-Ochoa-asistente-senior-del-Consulado-de-Brasil-en-Medellin.mp3'>Declaraciones Jos\u00e9 Iv\u00e1n Ochoa, asistente senior del Consulado de Brasil en Medell\u00edn<\/a><\/li><li><a href='https:\/\/www.medellin.gov.co\/es\/wp-content\/uploads\/2025\/10\/Declaraciones-Sofia-Montoya-bailarina-de-la-Academia-Musicreando.mp3'>Declaraciones Sof\u00eda Montoya, bailarina de la Academia Musicreando<\/a><\/li>\t<\/ol>\n\t<\/noscript>\n\t<script type=\"application\/json\" class=\"wp-playlist-script\">{\"type\":\"audio\",\"tracklist\":true,\"tracknumbers\":true,\"images\":true,\"artists\":true,\"tracks\":[{\"src\":\"https:\\\/\\\/www.medellin.gov.co\\\/es\\\/wp-content\\\/uploads\\\/2025\\\/10\\\/Declaraciones-secretario-de-Cultura-Ciudadana-Santiago-Silva-2.mp3\",\"type\":\"audio\\\/mpeg\",\"title\":\"Declaraciones secretario de Cultura Ciudadana, Santiago Silva\",\"caption\":\"\",\"description\":\"\\u00abDeclaraciones secretario de Cultura Ciudadana, Santiago Silva\\u00bb. G\\u00e9nero: Blues.\",\"meta\":{\"genre\":\"Blues\",\"length_formatted\":\"0:49\"},\"image\":{\"src\":\"https:\\\/\\\/www.medellin.gov.co\\\/es\\\/wp-includes\\\/images\\\/media\\\/audio.png\",\"width\":48,\"height\":64},\"thumb\":{\"src\":\"https:\\\/\\\/www.medellin.gov.co\\\/es\\\/wp-includes\\\/images\\\/media\\\/audio.png\",\"width\":48,\"height\":64}},{\"src\":\"https:\\\/\\\/www.medellin.gov.co\\\/es\\\/wp-content\\\/uploads\\\/2025\\\/10\\\/Declaraciones-Jose-Ivan-Ochoa-asistente-senior-del-Consulado-de-Brasil-en-Medellin.mp3\",\"type\":\"audio\\\/mpeg\",\"title\":\"Declaraciones Jos\\u00e9 Iv\\u00e1n Ochoa, asistente senior del Consulado de Brasil en Medell\\u00edn\",\"caption\":\"\",\"description\":\"\\u00abDeclaraciones Jos\\u00e9 Iv\\u00e1n Ochoa, asistente senior del Consulado de Brasil en Medell\\u00edn\\u00bb. G\\u00e9nero: Blues.\",\"meta\":{\"genre\":\"Blues\",\"length_formatted\":\"1:36\"},\"image\":{\"src\":\"https:\\\/\\\/www.medellin.gov.co\\\/es\\\/wp-includes\\\/images\\\/media\\\/audio.png\",\"width\":48,\"height\":64},\"thumb\":{\"src\":\"https:\\\/\\\/www.medellin.gov.co\\\/es\\\/wp-includes\\\/images\\\/media\\\/audio.png\",\"width\":48,\"height\":64}},{\"src\":\"https:\\\/\\\/www.medellin.gov.co\\\/es\\\/wp-content\\\/uploads\\\/2025\\\/10\\\/Declaraciones-Sofia-Montoya-bailarina-de-la-Academia-Musicreando.mp3\",\"type\":\"audio\\\/mpeg\",\"title\":\"Declaraciones Sof\\u00eda Montoya, bailarina de la Academia Musicreando\",\"caption\":\"\",\"description\":\"\\u00abDeclaraciones Sof\\u00eda Montoya, bailarina de la Academia Musicreando\\u00bb. G\\u00e9nero: Blues.\",\"meta\":{\"genre\":\"Blues\",\"length_formatted\":\"0:20\"},\"image\":{\"src\":\"https:\\\/\\\/www.medellin.gov.co\\\/es\\\/wp-includes\\\/images\\\/media\\\/audio.png\",\"width\":48,\"height\":64},\"thumb\":{\"src\":\"https:\\\/\\\/www.medellin.gov.co\\\/es\\\/wp-includes\\\/images\\\/media\\\/audio.png\",\"width\":48,\"height\":64}}]}<\/script>\n<\/div>\n\t\n<p>La Alcald\u00eda de Medell\u00edn present\u00f3 la novena edici\u00f3n de Danzamed, que este a\u00f1o se realizar\u00e1 del martes 18 al domingo 23 de noviembre. Durante seis d\u00edas, el Distrito se convertir\u00e1 en un escenario ideal para que los amantes de la danza y dem\u00e1s ciudadanos disfruten de m\u00e1s de 30 actividades que reunir\u00e1n a m\u00e1s de 300 bailarines, cinco compa\u00f1\u00edas de otros pa\u00edses y con una oferta variada para fortalecer el v\u00ednculo entre el arte y cada sector de la ciudad.<\/p>\n<p><img loading=\"lazy\" class=\"alignnone wp-image-469291 size-full\" title=\"Lanzamiento Danzamed\" src=\"https:\/\/www.medellin.gov.co\/es\/wp-content\/uploads\/2025\/10\/Imagen-La-danza-se-toma-Medellin-3.jpg\" alt=\"Imagen La danza se toma Medell\u00edn (3)\" width=\"1274\" height=\"850\" srcset=\"https:\/\/www.medellin.gov.co\/es\/wp-content\/uploads\/2025\/10\/Imagen-La-danza-se-toma-Medellin-3.jpg 1274w, https:\/\/www.medellin.gov.co\/es\/wp-content\/uploads\/2025\/10\/Imagen-La-danza-se-toma-Medellin-3-300x200.jpg 300w, https:\/\/www.medellin.gov.co\/es\/wp-content\/uploads\/2025\/10\/Imagen-La-danza-se-toma-Medellin-3-1024x683.jpg 1024w, https:\/\/www.medellin.gov.co\/es\/wp-content\/uploads\/2025\/10\/Imagen-La-danza-se-toma-Medellin-3-150x100.jpg 150w, https:\/\/www.medellin.gov.co\/es\/wp-content\/uploads\/2025\/10\/Imagen-La-danza-se-toma-Medellin-3-768x512.jpg 768w\" sizes=\"(max-width: 1274px) 100vw, 1274px\" \/><\/p>\n<p>Bajo el concepto \u201cExistencia, Identidad, Evoluci\u00f3n\u201d, el evento invita a reflexionar sobre el cuerpo, la memoria y la proyecci\u00f3n esc\u00e9nica como elementos esenciales del crecimiento personal y profesional de los artistas de la danza contempor\u00e1nea, reafirmando el compromiso de acercar estas expresiones corporales a la vida cultural de Medell\u00edn.<\/p>\n<p>\u201c\u201cEste evento celebra las expresiones danc\u00edsticas y toda la tradici\u00f3n de baile, que son fundamentales para Medell\u00edn. La Alcald\u00eda de Federico Guti\u00e9rrez ha venido haciendo inversiones importantes, que superan los mil millones de pesos para que este evento pueda reunir lo mejor del talento local, nacional e internacional\u201d, expres\u00f3 el secretario de Cultura Ciudadana, Santiago Silva Jaramillo.<\/p>\n<p>Este a\u00f1o, la capital paisa se conectar\u00e1 con el mundo a trav\u00e9s de cinco destacadas agrupaciones provenientes de otros pa\u00edses, que traer\u00e1n a escena propuestas innovadoras. Entre ellas se encuentran Ballet Preljocaj (Francia), una de las compa\u00f1\u00edas m\u00e1s prestigiosas de Europa, dirigida por el core\u00f3grafo Angelin Preljocaj, que presentar\u00e1 Gravity; Panzetti\/Ticconi (Alemania), Antipode Danse Tanz (Suiza), el Ballet de la Ciudad de S\u00e3o Paulo (Brasil) y Periferia (Canad\u00e1).<\/p>\n<p><img loading=\"lazy\" class=\"alignnone wp-image-469288 size-full\" title=\"Lanzamiento Danzamed\" src=\"https:\/\/www.medellin.gov.co\/es\/wp-content\/uploads\/2025\/10\/Imagen-La-danza-se-toma-Medellin-2.jpg\" alt=\"Imagen La danza se toma Medell\u00edn (2)\" width=\"1274\" height=\"850\" srcset=\"https:\/\/www.medellin.gov.co\/es\/wp-content\/uploads\/2025\/10\/Imagen-La-danza-se-toma-Medellin-2.jpg 1274w, https:\/\/www.medellin.gov.co\/es\/wp-content\/uploads\/2025\/10\/Imagen-La-danza-se-toma-Medellin-2-300x200.jpg 300w, https:\/\/www.medellin.gov.co\/es\/wp-content\/uploads\/2025\/10\/Imagen-La-danza-se-toma-Medellin-2-1024x683.jpg 1024w, https:\/\/www.medellin.gov.co\/es\/wp-content\/uploads\/2025\/10\/Imagen-La-danza-se-toma-Medellin-2-150x100.jpg 150w, https:\/\/www.medellin.gov.co\/es\/wp-content\/uploads\/2025\/10\/Imagen-La-danza-se-toma-Medellin-2-768x512.jpg 768w\" sizes=\"(max-width: 1274px) 100vw, 1274px\" \/><\/p>\n<p>Adem\u00e1s de las funciones internacionales, Danzamed 2025 contar\u00e1 con la participaci\u00f3n de compa\u00f1\u00edas nacionales y locales, estas \u00faltimas seleccionadas a trav\u00e9s de la Convocatoria de Fomento y Est\u00edmulos para el Arte y la Cultura. La programaci\u00f3n incluir\u00e1 clases abiertas de danza para la ciudadan\u00eda, laboratorios de creaci\u00f3n y conversatorios en torno a los 20 a\u00f1os de la Red de Danza de Medell\u00edn, que hace parte de la Red de Pr\u00e1cticas Art\u00edsticas y Culturales.<\/p>\n<p>\u201c\u201cEs importante que la cultura se descentralice y llegue a todos los territorios. En esta oportunidad, Brasil participar\u00e1 con un grupo de gran relevancia en S\u00e3o Paulo, que busca fortalecer la cultura y la danza brasile\u00f1a, ya profundamente arraigadas en Medell\u00edn, donde incluso hay agrupaciones paisas que interpretan con maestr\u00eda las danzas de nuestro pa\u00eds\u201d, anot\u00f3 Jos\u00e9 Iv\u00e1n Ochoa, asistente senior del Consulado de Brasil en Medell\u00edn.<\/p>\n<p>Este encuentro, organizado por el Distrito reunir\u00e1 a reconocidas compa\u00f1\u00edas locales, nacionales e internacionales, que llenar\u00e1n teatros, parques y espacios p\u00fablicos con la energ\u00eda de la danza contempor\u00e1nea.<\/p>\n<p><img loading=\"lazy\" class=\"alignnone wp-image-469286 size-full\" title=\"Lanzamiento Danzamed\" src=\"https:\/\/www.medellin.gov.co\/es\/wp-content\/uploads\/2025\/10\/Imagen-La-danza-se-toma-Medellin-4.jpg\" alt=\"Imagen La danza se toma Medell\u00edn (4)\" width=\"1274\" height=\"850\" srcset=\"https:\/\/www.medellin.gov.co\/es\/wp-content\/uploads\/2025\/10\/Imagen-La-danza-se-toma-Medellin-4.jpg 1274w, https:\/\/www.medellin.gov.co\/es\/wp-content\/uploads\/2025\/10\/Imagen-La-danza-se-toma-Medellin-4-300x200.jpg 300w, https:\/\/www.medellin.gov.co\/es\/wp-content\/uploads\/2025\/10\/Imagen-La-danza-se-toma-Medellin-4-1024x683.jpg 1024w, https:\/\/www.medellin.gov.co\/es\/wp-content\/uploads\/2025\/10\/Imagen-La-danza-se-toma-Medellin-4-150x100.jpg 150w, https:\/\/www.medellin.gov.co\/es\/wp-content\/uploads\/2025\/10\/Imagen-La-danza-se-toma-Medellin-4-768x512.jpg 768w\" sizes=\"(max-width: 1274px) 100vw, 1274px\" \/><\/p>\n<p>Con entrada libre, las presentaciones y actividades se llevar\u00e1n a cabo en reconocidos escenarios, como el Teatro Metropolitano, el Teatro Pablo Tob\u00f3n Uribe, el Claustro Comfama, as\u00ed como en plazas y parques de la ciudad, en cumplimiento del compromiso de descentralizar el arte y la cultura como un derecho para acceder al entretenimiento y el ocio.<\/p>\n<p>Toda la informaci\u00f3n y programaci\u00f3n se puede consultar en www.medellin.gov.co y en las redes sociales de @cultura.med.<\/p>\n","protected":false},"excerpt":{"rendered":"<p>Danzamed 2025 tendr\u00e1 la participaci\u00f3n de compa\u00f1\u00edas de Francia, Alemania, Suiza, Canad\u00e1 y Brasil durante una semana de programaci\u00f3n. Se conmemora los 20 a\u00f1os de la Red de Danza del Distrito, que hace parte de &#8230;<\/p>\n","protected":false},"author":95,"featured_media":469293,"comment_status":"open","ping_status":"open","sticky":false,"template":"","format":"standard","meta":[],"categories":[31],"tags":[444],"formato_nota":[],"programas_tax":[],"acf":[],"_links":{"self":[{"href":"https:\/\/www.medellin.gov.co\/es\/wp-json\/wp\/v2\/posts\/469285"}],"collection":[{"href":"https:\/\/www.medellin.gov.co\/es\/wp-json\/wp\/v2\/posts"}],"about":[{"href":"https:\/\/www.medellin.gov.co\/es\/wp-json\/wp\/v2\/types\/post"}],"author":[{"embeddable":true,"href":"https:\/\/www.medellin.gov.co\/es\/wp-json\/wp\/v2\/users\/95"}],"replies":[{"embeddable":true,"href":"https:\/\/www.medellin.gov.co\/es\/wp-json\/wp\/v2\/comments?post=469285"}],"version-history":[{"count":1,"href":"https:\/\/www.medellin.gov.co\/es\/wp-json\/wp\/v2\/posts\/469285\/revisions"}],"predecessor-version":[{"id":469299,"href":"https:\/\/www.medellin.gov.co\/es\/wp-json\/wp\/v2\/posts\/469285\/revisions\/469299"}],"wp:featuredmedia":[{"embeddable":true,"href":"https:\/\/www.medellin.gov.co\/es\/wp-json\/wp\/v2\/media\/469293"}],"wp:attachment":[{"href":"https:\/\/www.medellin.gov.co\/es\/wp-json\/wp\/v2\/media?parent=469285"}],"wp:term":[{"taxonomy":"category","embeddable":true,"href":"https:\/\/www.medellin.gov.co\/es\/wp-json\/wp\/v2\/categories?post=469285"},{"taxonomy":"post_tag","embeddable":true,"href":"https:\/\/www.medellin.gov.co\/es\/wp-json\/wp\/v2\/tags?post=469285"},{"taxonomy":"formato_nota","embeddable":true,"href":"https:\/\/www.medellin.gov.co\/es\/wp-json\/wp\/v2\/formato_nota?post=469285"},{"taxonomy":"programas_tax","embeddable":true,"href":"https:\/\/www.medellin.gov.co\/es\/wp-json\/wp\/v2\/programas_tax?post=469285"}],"curies":[{"name":"wp","href":"https:\/\/api.w.org\/{rel}","templated":true}]}}