{"id":472766,"date":"2025-11-07T11:25:46","date_gmt":"2025-11-07T16:25:46","guid":{"rendered":"https:\/\/www.medellin.gov.co\/es\/?p=472766"},"modified":"2025-11-07T11:25:46","modified_gmt":"2025-11-07T16:25:46","slug":"la-alcaldia-de-medellin-consolida-la-transformacion-de-el-poblado-con-la-estrategia-la-10-x-la-10","status":"publish","type":"post","link":"https:\/\/www.medellin.gov.co\/es\/sala-de-prensa\/noticias\/la-alcaldia-de-medellin-consolida-la-transformacion-de-el-poblado-con-la-estrategia-la-10-x-la-10\/","title":{"rendered":"La Alcald\u00eda de Medell\u00edn consolida la transformaci\u00f3n de El Poblado con la estrategia \u201cLa 10 x La 10\u201d"},"content":{"rendered":"<ul>\n<li>Con esta iniciativa, 118 luminarias de la calle 10 y la 10A de El Poblado fueron reemplazadas por tecnolog\u00eda LED, m\u00e1s eficiente y sostenible.<\/li>\n<li>Adem\u00e1s, se repavimentaron 750 metros de v\u00edas, se sembraron 520 plantas y se recuperaron 627 metros cuadrados de zonas verdes.<\/li>\n<\/ul>\n<!--[if lt IE 9]><script>document.createElement('audio');<\/script><![endif]-->\n\t<div class=\"wp-playlist wp-audio-playlist wp-playlist-light\">\n\t\t\t<div class=\"wp-playlist-current-item\"><\/div>\n\t\t<audio controls=\"controls\" preload=\"none\" width=\"640\"\n\t\t\t><\/audio>\n\t<div class=\"wp-playlist-next\"><\/div>\n\t<div class=\"wp-playlist-prev\"><\/div>\n\t<noscript>\n\t<ol>\n\t\t<li><a href='https:\/\/www.medellin.gov.co\/es\/wp-content\/uploads\/2025\/11\/Declaraciones-gerente-del-Centro-y-Territorios-Estrategicos-Juliana-Coral-2.mp3'>Declaraciones gerente del Centro y Territorios Estrat\u00e9gicos, Juliana Coral<\/a><\/li>\t<\/ol>\n\t<\/noscript>\n\t<script type=\"application\/json\" class=\"wp-playlist-script\">{\"type\":\"audio\",\"tracklist\":true,\"tracknumbers\":true,\"images\":true,\"artists\":true,\"tracks\":[{\"src\":\"https:\\\/\\\/www.medellin.gov.co\\\/es\\\/wp-content\\\/uploads\\\/2025\\\/11\\\/Declaraciones-gerente-del-Centro-y-Territorios-Estrategicos-Juliana-Coral-2.mp3\",\"type\":\"audio\\\/mpeg\",\"title\":\"Declaraciones gerente del Centro y Territorios Estrat\\u00e9gicos, Juliana Coral\",\"caption\":\"\",\"description\":\"\\u00abDeclaraciones gerente del Centro y Territorios Estrat\\u00e9gicos, Juliana Coral\\u00bb. G\\u00e9nero: Blues.\",\"meta\":{\"genre\":\"Blues\",\"length_formatted\":\"0:56\"},\"image\":{\"src\":\"https:\\\/\\\/www.medellin.gov.co\\\/es\\\/wp-includes\\\/images\\\/media\\\/audio.png\",\"width\":48,\"height\":64},\"thumb\":{\"src\":\"https:\\\/\\\/www.medellin.gov.co\\\/es\\\/wp-includes\\\/images\\\/media\\\/audio.png\",\"width\":48,\"height\":64}}]}<\/script>\n<\/div>\n\t\n<p>La calle 10 de El Poblado, uno de los corredores m\u00e1s emblem\u00e1ticos y transitados de Medell\u00edn, luce renovada gracias a la estrategia \u201cLa 10 x La 10\u201d, una iniciativa de la Administraci\u00f3n Distrital que, a trav\u00e9s de la Gerencia del Centro y Territorios Estrat\u00e9gicos, ha permitido intervenirla con infraestructura, recuperaci\u00f3n del espacio p\u00fablico y sensibilizaci\u00f3n ciudadana.<\/p>\n<p>Esto comenz\u00f3 en junio del a\u00f1o pasado y se desarrolla de manera continua y articulada, de manera que consolida un proceso de recuperaci\u00f3n urbana, embellecimiento y apropiaci\u00f3n de la comunidad, en un eje que conecta la vida barrial, comercial y tur\u00edstica de El Poblado.<\/p>\n<p><img loading=\"lazy\" class=\"alignnone wp-image-472772 size-full\" title=\"Medell\u00edn consolida la transformaci\u00f3n de El Poblado\" src=\"https:\/\/www.medellin.gov.co\/es\/wp-content\/uploads\/2025\/11\/Imagen-La-Alcaldia-de-Medellin-consolida-la-transformacion-de-El-Poblado-2.jpg\" alt=\"Imagen La Alcald\u00eda de Medell\u00edn consolida la transformaci\u00f3n de El Poblado (2)\" width=\"1133\" height=\"850\" srcset=\"https:\/\/www.medellin.gov.co\/es\/wp-content\/uploads\/2025\/11\/Imagen-La-Alcaldia-de-Medellin-consolida-la-transformacion-de-El-Poblado-2.jpg 1133w, https:\/\/www.medellin.gov.co\/es\/wp-content\/uploads\/2025\/11\/Imagen-La-Alcaldia-de-Medellin-consolida-la-transformacion-de-El-Poblado-2-300x225.jpg 300w, https:\/\/www.medellin.gov.co\/es\/wp-content\/uploads\/2025\/11\/Imagen-La-Alcaldia-de-Medellin-consolida-la-transformacion-de-El-Poblado-2-1024x768.jpg 1024w, https:\/\/www.medellin.gov.co\/es\/wp-content\/uploads\/2025\/11\/Imagen-La-Alcaldia-de-Medellin-consolida-la-transformacion-de-El-Poblado-2-150x113.jpg 150w, https:\/\/www.medellin.gov.co\/es\/wp-content\/uploads\/2025\/11\/Imagen-La-Alcaldia-de-Medellin-consolida-la-transformacion-de-El-Poblado-2-768x576.jpg 768w\" sizes=\"(max-width: 1133px) 100vw, 1133px\" \/><\/p>\n<p>Esta semana, se adelantaron labores de limpieza, lavado y pintura de la calle 10, desde la plazoleta de la estaci\u00f3n Poblado hasta la cancha de Manila en la 10A. Adem\u00e1s, hubo una activaci\u00f3n deportiva y toma nocturna con las campa\u00f1as \u201cHay otras formas de ayudar\u201d y \u201cPrevenci\u00f3n de trata de personas\u201d, como una manera de recordar que la convivencia y la solidaridad son claves para el equilibrio urbano.<\/p>\n<p>\u201cUno de los logros m\u00e1s significativos de estas jornadas fue la recuperaci\u00f3n del muro de la primaria del INEM, en el Parque de El Poblado, antes vandalizado, que fue transformado por los ni\u00f1os en un mural, como s\u00edmbolo de cuidado. Este lleva 289 d\u00edas sin vandalismo, lo que refleja el compromiso ciudadano con el espacio p\u00fablico\u201d, dijo la gerente del Centro y Territorios Estrat\u00e9gicos, Juliana Coral.<\/p>\n<p><img loading=\"lazy\" class=\"alignnone wp-image-472770 size-full\" title=\"Medell\u00edn consolida la transformaci\u00f3n de El Poblado\" src=\"https:\/\/www.medellin.gov.co\/es\/wp-content\/uploads\/2025\/11\/Imagen-La-Alcaldia-de-Medellin-consolida-la-transformacion-de-El-Poblado-1.jpg\" alt=\"Imagen La Alcald\u00eda de Medell\u00edn consolida la transformaci\u00f3n de El Poblado (1)\" width=\"1133\" height=\"850\" srcset=\"https:\/\/www.medellin.gov.co\/es\/wp-content\/uploads\/2025\/11\/Imagen-La-Alcaldia-de-Medellin-consolida-la-transformacion-de-El-Poblado-1.jpg 1133w, https:\/\/www.medellin.gov.co\/es\/wp-content\/uploads\/2025\/11\/Imagen-La-Alcaldia-de-Medellin-consolida-la-transformacion-de-El-Poblado-1-300x225.jpg 300w, https:\/\/www.medellin.gov.co\/es\/wp-content\/uploads\/2025\/11\/Imagen-La-Alcaldia-de-Medellin-consolida-la-transformacion-de-El-Poblado-1-1024x768.jpg 1024w, https:\/\/www.medellin.gov.co\/es\/wp-content\/uploads\/2025\/11\/Imagen-La-Alcaldia-de-Medellin-consolida-la-transformacion-de-El-Poblado-1-150x113.jpg 150w, https:\/\/www.medellin.gov.co\/es\/wp-content\/uploads\/2025\/11\/Imagen-La-Alcaldia-de-Medellin-consolida-la-transformacion-de-El-Poblado-1-768x576.jpg 768w\" sizes=\"(max-width: 1133px) 100vw, 1133px\" \/><\/p>\n<p>Adem\u00e1s, se reemplazaron 118 luminarias por tecnolog\u00eda LED, m\u00e1s eficiente y sostenible, lo que mejor\u00f3 la iluminaci\u00f3n nocturna y la percepci\u00f3n de seguridad; se repavimentaron 750 metros de v\u00edas para mejorar la movilidad y la imagen urbana del corredor; se sembraron 520 plantas; se intervinieron 32 metros lineales de jardineras; y se implementaron 178 metros cuadrados de infraestructura verde alternativa, junto con el mantenimiento de 627 metros cuadrados de zonas verdes.<\/p>\n<p><img loading=\"lazy\" class=\"alignnone wp-image-472769 size-full\" title=\"Medell\u00edn consolida la transformaci\u00f3n de El Poblado\" src=\"https:\/\/www.medellin.gov.co\/es\/wp-content\/uploads\/2025\/11\/Imagen-La-Alcaldia-de-Medellin-consolida-la-transformacion-de-El-Poblado-3.jpg\" alt=\"Imagen La Alcald\u00eda de Medell\u00edn consolida la transformaci\u00f3n de El Poblado (3)\" width=\"1280\" height=\"720\" srcset=\"https:\/\/www.medellin.gov.co\/es\/wp-content\/uploads\/2025\/11\/Imagen-La-Alcaldia-de-Medellin-consolida-la-transformacion-de-El-Poblado-3.jpg 1280w, https:\/\/www.medellin.gov.co\/es\/wp-content\/uploads\/2025\/11\/Imagen-La-Alcaldia-de-Medellin-consolida-la-transformacion-de-El-Poblado-3-300x169.jpg 300w, https:\/\/www.medellin.gov.co\/es\/wp-content\/uploads\/2025\/11\/Imagen-La-Alcaldia-de-Medellin-consolida-la-transformacion-de-El-Poblado-3-1024x576.jpg 1024w, https:\/\/www.medellin.gov.co\/es\/wp-content\/uploads\/2025\/11\/Imagen-La-Alcaldia-de-Medellin-consolida-la-transformacion-de-El-Poblado-3-150x84.jpg 150w, https:\/\/www.medellin.gov.co\/es\/wp-content\/uploads\/2025\/11\/Imagen-La-Alcaldia-de-Medellin-consolida-la-transformacion-de-El-Poblado-3-768x432.jpg 768w\" sizes=\"(max-width: 1280px) 100vw, 1280px\" \/><\/p>\n<p>La estrategia \u201cLa 10 x La 10\u201d re\u00fane a comerciantes, corporaciones y aliados del sector privado, con el prop\u00f3sito de fortalecer el cuidado del espacio p\u00fablico y de promover la corresponsabilidad ciudadana. Con esta estrategia, la Administraci\u00f3n Distrital reafirma su compromiso con la recuperaci\u00f3n, embellecimiento y sostenibilidad de los corredores urbanos m\u00e1s representativos de Medell\u00edn, en un trabajo que une lo p\u00fablico y lo privado.<\/p>\n","protected":false},"excerpt":{"rendered":"<p>Con esta iniciativa, 118 luminarias de la calle 10 y la 10A de El Poblado fueron reemplazadas por tecnolog\u00eda LED, m\u00e1s eficiente y sostenible. Adem\u00e1s, se repavimentaron 750 metros de v\u00edas, se sembraron 520 plantas &#8230;<\/p>\n","protected":false},"author":95,"featured_media":472767,"comment_status":"open","ping_status":"open","sticky":false,"template":"","format":"standard","meta":[],"categories":[23],"tags":[455],"formato_nota":[],"programas_tax":[],"acf":[],"_links":{"self":[{"href":"https:\/\/www.medellin.gov.co\/es\/wp-json\/wp\/v2\/posts\/472766"}],"collection":[{"href":"https:\/\/www.medellin.gov.co\/es\/wp-json\/wp\/v2\/posts"}],"about":[{"href":"https:\/\/www.medellin.gov.co\/es\/wp-json\/wp\/v2\/types\/post"}],"author":[{"embeddable":true,"href":"https:\/\/www.medellin.gov.co\/es\/wp-json\/wp\/v2\/users\/95"}],"replies":[{"embeddable":true,"href":"https:\/\/www.medellin.gov.co\/es\/wp-json\/wp\/v2\/comments?post=472766"}],"version-history":[{"count":1,"href":"https:\/\/www.medellin.gov.co\/es\/wp-json\/wp\/v2\/posts\/472766\/revisions"}],"predecessor-version":[{"id":472777,"href":"https:\/\/www.medellin.gov.co\/es\/wp-json\/wp\/v2\/posts\/472766\/revisions\/472777"}],"wp:featuredmedia":[{"embeddable":true,"href":"https:\/\/www.medellin.gov.co\/es\/wp-json\/wp\/v2\/media\/472767"}],"wp:attachment":[{"href":"https:\/\/www.medellin.gov.co\/es\/wp-json\/wp\/v2\/media?parent=472766"}],"wp:term":[{"taxonomy":"category","embeddable":true,"href":"https:\/\/www.medellin.gov.co\/es\/wp-json\/wp\/v2\/categories?post=472766"},{"taxonomy":"post_tag","embeddable":true,"href":"https:\/\/www.medellin.gov.co\/es\/wp-json\/wp\/v2\/tags?post=472766"},{"taxonomy":"formato_nota","embeddable":true,"href":"https:\/\/www.medellin.gov.co\/es\/wp-json\/wp\/v2\/formato_nota?post=472766"},{"taxonomy":"programas_tax","embeddable":true,"href":"https:\/\/www.medellin.gov.co\/es\/wp-json\/wp\/v2\/programas_tax?post=472766"}],"curies":[{"name":"wp","href":"https:\/\/api.w.org\/{rel}","templated":true}]}}