{"id":472778,"date":"2025-11-07T11:32:08","date_gmt":"2025-11-07T16:32:08","guid":{"rendered":"https:\/\/www.medellin.gov.co\/es\/?p=472778"},"modified":"2025-11-07T14:16:54","modified_gmt":"2025-11-07T19:16:54","slug":"egresados-del-itm-crean-protesis-de-bajo-costo-para-paciente-con-amputacion","status":"publish","type":"post","link":"https:\/\/www.medellin.gov.co\/es\/sala-de-prensa\/noticias\/egresados-del-itm-crean-protesis-de-bajo-costo-para-paciente-con-amputacion\/","title":{"rendered":"Egresados del ITM crean pr\u00f3tesis de bajo costo para paciente con amputaci\u00f3n"},"content":{"rendered":"<ul>\n<li>El desarrollo de esta ayuda se centra en sustituir la parte inferior de la pierna y el pie, permitiendo al paciente recuperar la capacidad de caminar.<\/li>\n<li>La tecnolog\u00eda de impresi\u00f3n 3D para la personalizaci\u00f3n de este elemento facilita una adaptaci\u00f3n \u00f3ptima en cada usuario.<\/li>\n<\/ul>\n<!--[if lt IE 9]><script>document.createElement('audio');<\/script><![endif]-->\n\t<div class=\"wp-playlist wp-audio-playlist wp-playlist-light\">\n\t\t\t<div class=\"wp-playlist-current-item\"><\/div>\n\t\t<audio controls=\"controls\" preload=\"none\" width=\"640\"\n\t\t\t><\/audio>\n\t<div class=\"wp-playlist-next\"><\/div>\n\t<div class=\"wp-playlist-prev\"><\/div>\n\t<noscript>\n\t<ol>\n\t\t<li><a href='https:\/\/www.medellin.gov.co\/es\/wp-content\/uploads\/2025\/11\/Declaraciones-ingeniero-electromecanico-del-ITM-John-Edison-Mesa-Henao.mp3'>Declaraciones ingeniero electromec\u00e1nico del ITM, John Edison Mesa Henao<\/a><\/li><li><a href='https:\/\/www.medellin.gov.co\/es\/wp-content\/uploads\/2025\/11\/Declaraciones-egresado-del-ITM-Jose-Miguel-Marulanda.mp3'>Declaraciones egresado del ITM, Jos\u00e9 Miguel Marulanda<\/a><\/li><li><a href='https:\/\/www.medellin.gov.co\/es\/wp-content\/uploads\/2025\/11\/Declaraciones-beneficiario-de-la-protesis-Luis-Adolfo-Taborda-Londono.mp3'>Declaraciones beneficiario de la pr\u00f3tesis, Luis Adolfo Taborda Londo\u00f1o<\/a><\/li>\t<\/ol>\n\t<\/noscript>\n\t<script type=\"application\/json\" class=\"wp-playlist-script\">{\"type\":\"audio\",\"tracklist\":true,\"tracknumbers\":true,\"images\":true,\"artists\":true,\"tracks\":[{\"src\":\"https:\\\/\\\/www.medellin.gov.co\\\/es\\\/wp-content\\\/uploads\\\/2025\\\/11\\\/Declaraciones-ingeniero-electromecanico-del-ITM-John-Edison-Mesa-Henao.mp3\",\"type\":\"audio\\\/mpeg\",\"title\":\"Declaraciones ingeniero electromec\\u00e1nico del ITM, John Edison Mesa Henao\",\"caption\":\"\",\"description\":\"\\u00abDeclaraciones ingeniero electromec\\u00e1nico del ITM, John Edison Mesa Henao\\u00bb. G\\u00e9nero: Blues.\",\"meta\":{\"genre\":\"Blues\",\"length_formatted\":\"1:00\"},\"image\":{\"src\":\"https:\\\/\\\/www.medellin.gov.co\\\/es\\\/wp-includes\\\/images\\\/media\\\/audio.png\",\"width\":48,\"height\":64},\"thumb\":{\"src\":\"https:\\\/\\\/www.medellin.gov.co\\\/es\\\/wp-includes\\\/images\\\/media\\\/audio.png\",\"width\":48,\"height\":64}},{\"src\":\"https:\\\/\\\/www.medellin.gov.co\\\/es\\\/wp-content\\\/uploads\\\/2025\\\/11\\\/Declaraciones-egresado-del-ITM-Jose-Miguel-Marulanda.mp3\",\"type\":\"audio\\\/mpeg\",\"title\":\"Declaraciones egresado del ITM, Jos\\u00e9 Miguel Marulanda\",\"caption\":\"\",\"description\":\"\\u00abDeclaraciones egresado del ITM, Jos\\u00e9 Miguel Marulanda\\u00bb. G\\u00e9nero: Blues.\",\"meta\":{\"genre\":\"Blues\",\"length_formatted\":\"0:54\"},\"image\":{\"src\":\"https:\\\/\\\/www.medellin.gov.co\\\/es\\\/wp-includes\\\/images\\\/media\\\/audio.png\",\"width\":48,\"height\":64},\"thumb\":{\"src\":\"https:\\\/\\\/www.medellin.gov.co\\\/es\\\/wp-includes\\\/images\\\/media\\\/audio.png\",\"width\":48,\"height\":64}},{\"src\":\"https:\\\/\\\/www.medellin.gov.co\\\/es\\\/wp-content\\\/uploads\\\/2025\\\/11\\\/Declaraciones-beneficiario-de-la-protesis-Luis-Adolfo-Taborda-Londono.mp3\",\"type\":\"audio\\\/mpeg\",\"title\":\"Declaraciones beneficiario de la pr\\u00f3tesis, Luis Adolfo Taborda Londo\\u00f1o\",\"caption\":\"\",\"description\":\"\\u00abDeclaraciones beneficiario de la pr\\u00f3tesis, Luis Adolfo Taborda Londo\\u00f1o\\u00bb. G\\u00e9nero: Blues.\",\"meta\":{\"genre\":\"Blues\",\"length_formatted\":\"0:37\"},\"image\":{\"src\":\"https:\\\/\\\/www.medellin.gov.co\\\/es\\\/wp-includes\\\/images\\\/media\\\/audio.png\",\"width\":48,\"height\":64},\"thumb\":{\"src\":\"https:\\\/\\\/www.medellin.gov.co\\\/es\\\/wp-includes\\\/images\\\/media\\\/audio.png\",\"width\":48,\"height\":64}}]}<\/script>\n<\/div>\n\t\n<p>Egresados de la Instituci\u00f3n Universitaria ITM dieron un paso significativo en el campo de la tecnolog\u00eda m\u00e9dica y la inclusi\u00f3n social al desarrollar una pr\u00f3tesis de miembro inferior de bajo costo utilizando t\u00e9cnicas de manufactura en impresi\u00f3n 3D. El proyecto, enfocado en una persona con amputaci\u00f3n transtibial (p\u00e9rdida de la extremidad inferior que ocurre por debajo de la rodilla), se posiciona como una soluci\u00f3n asequible y personalizada frente a los altos precios del mercado.<\/p>\n\n\t\t<style type=\"text\/css\">\n\t\t\t#gallery-1 {\n\t\t\t\tmargin: auto;\n\t\t\t}\n\t\t\t#gallery-1 .gallery-item {\n\t\t\t\tfloat: left;\n\t\t\t\tmargin-top: 10px;\n\t\t\t\ttext-align: center;\n\t\t\t\twidth: 50%;\n\t\t\t}\n\t\t\t#gallery-1 img {\n\t\t\t\tborder: 2px solid #cfcfcf;\n\t\t\t}\n\t\t\t#gallery-1 .gallery-caption {\n\t\t\t\tmargin-left: 0;\n\t\t\t}\n\t\t\t\/* see gallery_shortcode() in wp-includes\/media.php *\/\n\t\t<\/style>\n\t\t<div id='gallery-1' class='gallery galleryid-472778 gallery-columns-2 gallery-size-full'><dl class='gallery-item'>\n\t\t\t<dt class='gallery-icon landscape'>\n\t\t\t\t<a href='https:\/\/www.medellin.gov.co\/es\/sala-de-prensa\/noticias\/egresados-del-itm-crean-protesis-de-bajo-costo-para-paciente-con-amputacion\/imagen-egresados-del-itm-crean-protesis-de-bajo-costo-para-paciente-con-amputacion-1\/'><img width=\"1276\" height=\"850\" src=\"https:\/\/www.medellin.gov.co\/es\/wp-content\/uploads\/2025\/11\/Imagen-Egresados-del-ITM-crean-protesis-de-bajo-costo-para-paciente-con-amputacion-1.jpg\" class=\"attachment-full size-full\" alt=\"Imagen Egresados del ITM crean pr\u00f3tesis de bajo costo para paciente con amputaci\u00f3n (1)\" loading=\"lazy\" srcset=\"https:\/\/www.medellin.gov.co\/es\/wp-content\/uploads\/2025\/11\/Imagen-Egresados-del-ITM-crean-protesis-de-bajo-costo-para-paciente-con-amputacion-1.jpg 1276w, https:\/\/www.medellin.gov.co\/es\/wp-content\/uploads\/2025\/11\/Imagen-Egresados-del-ITM-crean-protesis-de-bajo-costo-para-paciente-con-amputacion-1-300x200.jpg 300w, https:\/\/www.medellin.gov.co\/es\/wp-content\/uploads\/2025\/11\/Imagen-Egresados-del-ITM-crean-protesis-de-bajo-costo-para-paciente-con-amputacion-1-1024x682.jpg 1024w, https:\/\/www.medellin.gov.co\/es\/wp-content\/uploads\/2025\/11\/Imagen-Egresados-del-ITM-crean-protesis-de-bajo-costo-para-paciente-con-amputacion-1-150x100.jpg 150w, https:\/\/www.medellin.gov.co\/es\/wp-content\/uploads\/2025\/11\/Imagen-Egresados-del-ITM-crean-protesis-de-bajo-costo-para-paciente-con-amputacion-1-768x512.jpg 768w\" sizes=\"(max-width: 1276px) 100vw, 1276px\" \/><\/a>\n\t\t\t<\/dt><\/dl><dl class='gallery-item'>\n\t\t\t<dt class='gallery-icon landscape'>\n\t\t\t\t<a href='https:\/\/www.medellin.gov.co\/es\/sala-de-prensa\/noticias\/egresados-del-itm-crean-protesis-de-bajo-costo-para-paciente-con-amputacion\/imagen-egresados-del-itm-crean-protesis-de-bajo-costo-para-paciente-con-amputacion-3\/'><img width=\"1276\" height=\"850\" src=\"https:\/\/www.medellin.gov.co\/es\/wp-content\/uploads\/2025\/11\/Imagen-Egresados-del-ITM-crean-protesis-de-bajo-costo-para-paciente-con-amputacion-3.jpg\" class=\"attachment-full size-full\" alt=\"Imagen Egresados del ITM crean pr\u00f3tesis de bajo costo para paciente con amputaci\u00f3n (3)\" loading=\"lazy\" srcset=\"https:\/\/www.medellin.gov.co\/es\/wp-content\/uploads\/2025\/11\/Imagen-Egresados-del-ITM-crean-protesis-de-bajo-costo-para-paciente-con-amputacion-3.jpg 1276w, https:\/\/www.medellin.gov.co\/es\/wp-content\/uploads\/2025\/11\/Imagen-Egresados-del-ITM-crean-protesis-de-bajo-costo-para-paciente-con-amputacion-3-300x200.jpg 300w, https:\/\/www.medellin.gov.co\/es\/wp-content\/uploads\/2025\/11\/Imagen-Egresados-del-ITM-crean-protesis-de-bajo-costo-para-paciente-con-amputacion-3-1024x682.jpg 1024w, https:\/\/www.medellin.gov.co\/es\/wp-content\/uploads\/2025\/11\/Imagen-Egresados-del-ITM-crean-protesis-de-bajo-costo-para-paciente-con-amputacion-3-150x100.jpg 150w, https:\/\/www.medellin.gov.co\/es\/wp-content\/uploads\/2025\/11\/Imagen-Egresados-del-ITM-crean-protesis-de-bajo-costo-para-paciente-con-amputacion-3-768x512.jpg 768w\" sizes=\"(max-width: 1276px) 100vw, 1276px\" \/><\/a>\n\t\t\t<\/dt><\/dl><br style=\"clear: both\" \/>\n\t\t<\/div>\n\n<p>Los resultados son contundentes, debido a que la manufactura ofrece una alternativa viable y asequible para la producci\u00f3n de este tipo de ayudas.<\/p>\n<p>\u201cLa diferencia crucial de esta pr\u00f3tesis es que est\u00e1 fabricada con pol\u00edmeros biodegradables y reciclados. Esta elecci\u00f3n de materiales sostenibles nos permite lograr un costo significativamente m\u00e1s bajo, en comparaci\u00f3n con las pr\u00f3tesis existentes en el mercado, haciendo que este tipo de dise\u00f1os sean accesibles para comunidades que enfrentan limitaciones econ\u00f3micas\u201d, asegur\u00f3 el ingeniero electromec\u00e1nico del ITM, John Edison Mesa Henao.<\/p>\n<p>El proyecto se centr\u00f3 en un caso de alto impacto social como fue el de Luis Adolfo Taborda Londo\u00f1o, de 30 a\u00f1os, quien perdi\u00f3 las cuatro extremidades en un accidente laboral hace aproximadamente cuatro a\u00f1os.<\/p>\n\n\t\t<style type=\"text\/css\">\n\t\t\t#gallery-2 {\n\t\t\t\tmargin: auto;\n\t\t\t}\n\t\t\t#gallery-2 .gallery-item {\n\t\t\t\tfloat: left;\n\t\t\t\tmargin-top: 10px;\n\t\t\t\ttext-align: center;\n\t\t\t\twidth: 50%;\n\t\t\t}\n\t\t\t#gallery-2 img {\n\t\t\t\tborder: 2px solid #cfcfcf;\n\t\t\t}\n\t\t\t#gallery-2 .gallery-caption {\n\t\t\t\tmargin-left: 0;\n\t\t\t}\n\t\t\t\/* see gallery_shortcode() in wp-includes\/media.php *\/\n\t\t<\/style>\n\t\t<div id='gallery-2' class='gallery galleryid-472778 gallery-columns-2 gallery-size-full'><dl class='gallery-item'>\n\t\t\t<dt class='gallery-icon landscape'>\n\t\t\t\t<a href='https:\/\/www.medellin.gov.co\/es\/sala-de-prensa\/noticias\/egresados-del-itm-crean-protesis-de-bajo-costo-para-paciente-con-amputacion\/imagen-egresados-del-itm-crean-protesis-de-bajo-costo-para-paciente-con-amputacion-4\/'><img width=\"1280\" height=\"720\" src=\"https:\/\/www.medellin.gov.co\/es\/wp-content\/uploads\/2025\/11\/Imagen-Egresados-del-ITM-crean-protesis-de-bajo-costo-para-paciente-con-amputacion-4.jpg\" class=\"attachment-full size-full\" alt=\"Imagen Egresados del ITM crean pr\u00f3tesis de bajo costo para paciente con amputaci\u00f3n (4)\" loading=\"lazy\" srcset=\"https:\/\/www.medellin.gov.co\/es\/wp-content\/uploads\/2025\/11\/Imagen-Egresados-del-ITM-crean-protesis-de-bajo-costo-para-paciente-con-amputacion-4.jpg 1280w, https:\/\/www.medellin.gov.co\/es\/wp-content\/uploads\/2025\/11\/Imagen-Egresados-del-ITM-crean-protesis-de-bajo-costo-para-paciente-con-amputacion-4-300x169.jpg 300w, https:\/\/www.medellin.gov.co\/es\/wp-content\/uploads\/2025\/11\/Imagen-Egresados-del-ITM-crean-protesis-de-bajo-costo-para-paciente-con-amputacion-4-1024x576.jpg 1024w, https:\/\/www.medellin.gov.co\/es\/wp-content\/uploads\/2025\/11\/Imagen-Egresados-del-ITM-crean-protesis-de-bajo-costo-para-paciente-con-amputacion-4-150x84.jpg 150w, https:\/\/www.medellin.gov.co\/es\/wp-content\/uploads\/2025\/11\/Imagen-Egresados-del-ITM-crean-protesis-de-bajo-costo-para-paciente-con-amputacion-4-768x432.jpg 768w\" sizes=\"(max-width: 1280px) 100vw, 1280px\" \/><\/a>\n\t\t\t<\/dt><\/dl><dl class='gallery-item'>\n\t\t\t<dt class='gallery-icon landscape'>\n\t\t\t\t<a href='https:\/\/www.medellin.gov.co\/es\/sala-de-prensa\/noticias\/egresados-del-itm-crean-protesis-de-bajo-costo-para-paciente-con-amputacion\/imagen-egresados-del-itm-crean-protesis-de-bajo-costo-para-paciente-con-amputacion-6\/'><img width=\"1280\" height=\"720\" src=\"https:\/\/www.medellin.gov.co\/es\/wp-content\/uploads\/2025\/11\/Imagen-Egresados-del-ITM-crean-protesis-de-bajo-costo-para-paciente-con-amputacion-6.jpg\" class=\"attachment-full size-full\" alt=\"Imagen Egresados del ITM crean pr\u00f3tesis de bajo costo para paciente con amputaci\u00f3n (6)\" loading=\"lazy\" srcset=\"https:\/\/www.medellin.gov.co\/es\/wp-content\/uploads\/2025\/11\/Imagen-Egresados-del-ITM-crean-protesis-de-bajo-costo-para-paciente-con-amputacion-6.jpg 1280w, https:\/\/www.medellin.gov.co\/es\/wp-content\/uploads\/2025\/11\/Imagen-Egresados-del-ITM-crean-protesis-de-bajo-costo-para-paciente-con-amputacion-6-300x169.jpg 300w, https:\/\/www.medellin.gov.co\/es\/wp-content\/uploads\/2025\/11\/Imagen-Egresados-del-ITM-crean-protesis-de-bajo-costo-para-paciente-con-amputacion-6-1024x576.jpg 1024w, https:\/\/www.medellin.gov.co\/es\/wp-content\/uploads\/2025\/11\/Imagen-Egresados-del-ITM-crean-protesis-de-bajo-costo-para-paciente-con-amputacion-6-150x84.jpg 150w, https:\/\/www.medellin.gov.co\/es\/wp-content\/uploads\/2025\/11\/Imagen-Egresados-del-ITM-crean-protesis-de-bajo-costo-para-paciente-con-amputacion-6-768x432.jpg 768w\" sizes=\"(max-width: 1280px) 100vw, 1280px\" \/><\/a>\n\t\t\t<\/dt><\/dl><br style=\"clear: both\" \/>\n\t\t<\/div>\n\n<p>\u201cEste trabajo representa una esperanza real para que una persona recupere la funcionalidad de sus extremidades. Hemos iniciado con la pr\u00f3tesis de uno de los miembros inferiores, con la visi\u00f3n a mediano y largo plazo de asegurar que este tipo de personas tengan acceso f\u00e1cil y econ\u00f3mico a pr\u00f3tesis que transformen su calidad de vida\u201d, se\u00f1al\u00f3 el egresado del ITM, Jos\u00e9 Miguel Marulanda.<\/p>\n<p>El objetivo fue desarrollar una asistencia mec\u00e1nica accesible, un logro que demuestra el potencial de la investigaci\u00f3n aplicada con impacto social. Para alcanzar esta meta, se configur\u00f3 el dise\u00f1o de la pr\u00f3tesis ajustando par\u00e1metros espec\u00edficos a las medidas exactas del paciente, lo cual es esencial para garantizar un ajuste, comodidad y ergonom\u00eda superiores.<\/p>\n<p><img loading=\"lazy\" class=\"alignnone wp-image-472783 size-full\" title=\"Egresados del ITM crean pr\u00f3tesis de bajo costo para paciente con amputaci\u00f3n\" src=\"https:\/\/www.medellin.gov.co\/es\/wp-content\/uploads\/2025\/11\/Imagen-Egresados-del-ITM-crean-protesis-de-bajo-costo-para-paciente-con-amputacion-2.jpg\" alt=\"Imagen Egresados del ITM crean pr\u00f3tesis de bajo costo para paciente con amputaci\u00f3n (2)\" width=\"1276\" height=\"850\" srcset=\"https:\/\/www.medellin.gov.co\/es\/wp-content\/uploads\/2025\/11\/Imagen-Egresados-del-ITM-crean-protesis-de-bajo-costo-para-paciente-con-amputacion-2.jpg 1276w, https:\/\/www.medellin.gov.co\/es\/wp-content\/uploads\/2025\/11\/Imagen-Egresados-del-ITM-crean-protesis-de-bajo-costo-para-paciente-con-amputacion-2-300x200.jpg 300w, https:\/\/www.medellin.gov.co\/es\/wp-content\/uploads\/2025\/11\/Imagen-Egresados-del-ITM-crean-protesis-de-bajo-costo-para-paciente-con-amputacion-2-1024x682.jpg 1024w, https:\/\/www.medellin.gov.co\/es\/wp-content\/uploads\/2025\/11\/Imagen-Egresados-del-ITM-crean-protesis-de-bajo-costo-para-paciente-con-amputacion-2-150x100.jpg 150w, https:\/\/www.medellin.gov.co\/es\/wp-content\/uploads\/2025\/11\/Imagen-Egresados-del-ITM-crean-protesis-de-bajo-costo-para-paciente-con-amputacion-2-768x512.jpg 768w\" sizes=\"(max-width: 1276px) 100vw, 1276px\" \/><\/p>\n<p>Luis Adolfo Taborda Londo\u00f1o expres\u00f3: \u201cMe llena de felicidad tener la posibilidad de medirme este prototipo. Las pr\u00f3tesis de los pies son las m\u00e1s importantes para m\u00ed, pues me permitir\u00edan movilizarme, ser m\u00e1s independiente y volver a caminar, porque cotidianamente me desplazo con las rodillas. A pesar de mi condici\u00f3n, con una pr\u00f3tesis, podr\u00e9 seguir adelante con mi vida\u201d.<\/p>\n<p>Esta iniciativa representa una alternativa prometedora para mejorar la calidad de vida de personas con amputaci\u00f3n y reafirma el compromiso del ITM de generar innovaci\u00f3n tecnol\u00f3gica con sentido social.<\/p>\n","protected":false},"excerpt":{"rendered":"<p>El desarrollo de esta ayuda se centra en sustituir la parte inferior de la pierna y el pie, permitiendo al paciente recuperar la capacidad de caminar. La tecnolog\u00eda de impresi\u00f3n 3D para la personalizaci\u00f3n de &#8230;<\/p>\n","protected":false},"author":95,"featured_media":472782,"comment_status":"open","ping_status":"open","sticky":false,"template":"","format":"standard","meta":[],"categories":[17],"tags":[455,692],"formato_nota":[],"programas_tax":[],"acf":[],"_links":{"self":[{"href":"https:\/\/www.medellin.gov.co\/es\/wp-json\/wp\/v2\/posts\/472778"}],"collection":[{"href":"https:\/\/www.medellin.gov.co\/es\/wp-json\/wp\/v2\/posts"}],"about":[{"href":"https:\/\/www.medellin.gov.co\/es\/wp-json\/wp\/v2\/types\/post"}],"author":[{"embeddable":true,"href":"https:\/\/www.medellin.gov.co\/es\/wp-json\/wp\/v2\/users\/95"}],"replies":[{"embeddable":true,"href":"https:\/\/www.medellin.gov.co\/es\/wp-json\/wp\/v2\/comments?post=472778"}],"version-history":[{"count":2,"href":"https:\/\/www.medellin.gov.co\/es\/wp-json\/wp\/v2\/posts\/472778\/revisions"}],"predecessor-version":[{"id":472907,"href":"https:\/\/www.medellin.gov.co\/es\/wp-json\/wp\/v2\/posts\/472778\/revisions\/472907"}],"wp:featuredmedia":[{"embeddable":true,"href":"https:\/\/www.medellin.gov.co\/es\/wp-json\/wp\/v2\/media\/472782"}],"wp:attachment":[{"href":"https:\/\/www.medellin.gov.co\/es\/wp-json\/wp\/v2\/media?parent=472778"}],"wp:term":[{"taxonomy":"category","embeddable":true,"href":"https:\/\/www.medellin.gov.co\/es\/wp-json\/wp\/v2\/categories?post=472778"},{"taxonomy":"post_tag","embeddable":true,"href":"https:\/\/www.medellin.gov.co\/es\/wp-json\/wp\/v2\/tags?post=472778"},{"taxonomy":"formato_nota","embeddable":true,"href":"https:\/\/www.medellin.gov.co\/es\/wp-json\/wp\/v2\/formato_nota?post=472778"},{"taxonomy":"programas_tax","embeddable":true,"href":"https:\/\/www.medellin.gov.co\/es\/wp-json\/wp\/v2\/programas_tax?post=472778"}],"curies":[{"name":"wp","href":"https:\/\/api.w.org\/{rel}","templated":true}]}}