{"id":472896,"date":"2025-11-07T13:53:34","date_gmt":"2025-11-07T18:53:34","guid":{"rendered":"https:\/\/www.medellin.gov.co\/es\/?p=472896"},"modified":"2025-11-07T13:53:34","modified_gmt":"2025-11-07T18:53:34","slug":"medellin-conquisto-primeros-puestos-en-desafio-internacional-de-bomberos-en-chile","status":"publish","type":"post","link":"https:\/\/www.medellin.gov.co\/es\/sala-de-prensa\/noticias\/medellin-conquisto-primeros-puestos-en-desafio-internacional-de-bomberos-en-chile\/","title":{"rendered":"Medell\u00edn conquist\u00f3 primeros puestos en Desaf\u00edo Internacional de Bomberos en Chile"},"content":{"rendered":"<ul>\n<li>La delegaci\u00f3n conformada por 13 integrantes (cuatro mujeres y nueve hombres) logr\u00f3 cuatro premios en las justas bomberiles.<\/li>\n<li>60 equipos integrados por m\u00e1s de 600 bomberos de tres pa\u00edses compitieron en el desaf\u00edo internacional.<\/li>\n<\/ul>\n<!--[if lt IE 9]><script>document.createElement('audio');<\/script><![endif]-->\n\t<div class=\"wp-playlist wp-audio-playlist wp-playlist-light\">\n\t\t\t<div class=\"wp-playlist-current-item\"><\/div>\n\t\t<audio controls=\"controls\" preload=\"none\" width=\"640\"\n\t\t\t><\/audio>\n\t<div class=\"wp-playlist-next\"><\/div>\n\t<div class=\"wp-playlist-prev\"><\/div>\n\t<noscript>\n\t<ol>\n\t\t<li><a href='https:\/\/www.medellin.gov.co\/es\/wp-content\/uploads\/2025\/11\/Declaraciones-bombero-Isabel-Ramirez.mp3'>Declaraciones bombero Isabel Ram\u00edrez<\/a><\/li>\t<\/ol>\n\t<\/noscript>\n\t<script type=\"application\/json\" class=\"wp-playlist-script\">{\"type\":\"audio\",\"tracklist\":true,\"tracknumbers\":true,\"images\":true,\"artists\":true,\"tracks\":[{\"src\":\"https:\\\/\\\/www.medellin.gov.co\\\/es\\\/wp-content\\\/uploads\\\/2025\\\/11\\\/Declaraciones-bombero-Isabel-Ramirez.mp3\",\"type\":\"audio\\\/mpeg\",\"title\":\"Declaraciones bombero Isabel Ram\\u00edrez\",\"caption\":\"\",\"description\":\"\\u00abDeclaraciones bombero Isabel Ram\\u00edrez\\u00bb. G\\u00e9nero: Blues.\",\"meta\":{\"genre\":\"Blues\",\"length_formatted\":\"0:33\"},\"image\":{\"src\":\"https:\\\/\\\/www.medellin.gov.co\\\/es\\\/wp-includes\\\/images\\\/media\\\/audio.png\",\"width\":48,\"height\":64},\"thumb\":{\"src\":\"https:\\\/\\\/www.medellin.gov.co\\\/es\\\/wp-includes\\\/images\\\/media\\\/audio.png\",\"width\":48,\"height\":64}}]}<\/script>\n<\/div>\n\t\n<p>La delegaci\u00f3n de Bomberos Medell\u00edn, en representaci\u00f3n de Colombia, obtuvo un resultado destacado en la competencia internacional Desaf\u00edo de Bomberos Concepci\u00f3n, celebrada en Chile. El equipo femenino se alz\u00f3 con el primer puesto en la categor\u00eda grupal.<\/p>\n<p><img loading=\"lazy\" class=\"alignnone wp-image-472900 size-full\" title=\" Medell\u00edn primeros puestos en Desaf\u00edo Internacional de Bomberos en Chile\" src=\"https:\/\/www.medellin.gov.co\/es\/wp-content\/uploads\/2025\/11\/Imagen-Medellin-primeros-puestos-en-Desafio-Internacional-de-Bomberos-en-Chile-1.jpg\" alt=\"Imagen Medell\u00edn primeros puestos en Desaf\u00edo Internacional de Bomberos en Chile (1)\" width=\"1054\" height=\"850\" srcset=\"https:\/\/www.medellin.gov.co\/es\/wp-content\/uploads\/2025\/11\/Imagen-Medellin-primeros-puestos-en-Desafio-Internacional-de-Bomberos-en-Chile-1.jpg 1054w, https:\/\/www.medellin.gov.co\/es\/wp-content\/uploads\/2025\/11\/Imagen-Medellin-primeros-puestos-en-Desafio-Internacional-de-Bomberos-en-Chile-1-300x242.jpg 300w, https:\/\/www.medellin.gov.co\/es\/wp-content\/uploads\/2025\/11\/Imagen-Medellin-primeros-puestos-en-Desafio-Internacional-de-Bomberos-en-Chile-1-1024x826.jpg 1024w, https:\/\/www.medellin.gov.co\/es\/wp-content\/uploads\/2025\/11\/Imagen-Medellin-primeros-puestos-en-Desafio-Internacional-de-Bomberos-en-Chile-1-150x121.jpg 150w, https:\/\/www.medellin.gov.co\/es\/wp-content\/uploads\/2025\/11\/Imagen-Medellin-primeros-puestos-en-Desafio-Internacional-de-Bomberos-en-Chile-1-768x619.jpg 768w\" sizes=\"(max-width: 1054px) 100vw, 1054px\" \/><\/p>\n<p>El desempe\u00f1o de los 13 integrantes de la delegaci\u00f3n (cuatro mujeres y nueve hombres) super\u00f3 las expectativas en un evento que congreg\u00f3 a m\u00e1s de 600 bomberos y 60 equipos de Argentina, Chile y Colombia, asegurando un total de cuatro podios para la capital antioque\u00f1a.<\/p>\n<p>El \u00e9xito del equipo femenino marca un hito para el Cuerpo Oficial de Bomberos Medell\u00edn, ya que las cuatro rescatistas no solo demostraron entrenamiento y fortaleza, sino que tambi\u00e9n aseguraron la m\u00e1xima distinci\u00f3n en la categor\u00eda individual femenina, reafirmando el liderazgo y la capacidad de las mujeres en las labores de emergencia a nivel internacional.<\/p>\n<p>\u201cTodos estos desaf\u00edos y entrenamientos nos sirven para la vida diaria, para subir a un 16 piso en un incendio, evacuar un bombero ca\u00eddo o una v\u00edctima o para ayudar y arrastrar la manguera con la l\u00ednea cargada. Estas son pruebas donde de verdad es un desaf\u00edo y mostrar que esto se ve en el d\u00eda a d\u00eda de un bombero cotidiano\u201d, asegur\u00f3 la bombero Isabel Ram\u00edrez.<\/p>\n<p><img loading=\"lazy\" class=\"alignnone wp-image-472898 size-full\" title=\"Medell\u00edn primeros puestos en Desaf\u00edo Internacional de Bomberos en Chile\" src=\"https:\/\/www.medellin.gov.co\/es\/wp-content\/uploads\/2025\/11\/Imagen-Medellin-primeros-puestos-en-Desafio-Internacional-de-Bomberos-en-Chile-2.jpg\" alt=\"Imagen Medell\u00edn primeros puestos en Desaf\u00edo Internacional de Bomberos en Chile (2)\" width=\"1095\" height=\"850\" srcset=\"https:\/\/www.medellin.gov.co\/es\/wp-content\/uploads\/2025\/11\/Imagen-Medellin-primeros-puestos-en-Desafio-Internacional-de-Bomberos-en-Chile-2.jpg 1095w, https:\/\/www.medellin.gov.co\/es\/wp-content\/uploads\/2025\/11\/Imagen-Medellin-primeros-puestos-en-Desafio-Internacional-de-Bomberos-en-Chile-2-300x233.jpg 300w, https:\/\/www.medellin.gov.co\/es\/wp-content\/uploads\/2025\/11\/Imagen-Medellin-primeros-puestos-en-Desafio-Internacional-de-Bomberos-en-Chile-2-1024x795.jpg 1024w, https:\/\/www.medellin.gov.co\/es\/wp-content\/uploads\/2025\/11\/Imagen-Medellin-primeros-puestos-en-Desafio-Internacional-de-Bomberos-en-Chile-2-150x116.jpg 150w, https:\/\/www.medellin.gov.co\/es\/wp-content\/uploads\/2025\/11\/Imagen-Medellin-primeros-puestos-en-Desafio-Internacional-de-Bomberos-en-Chile-2-768x596.jpg 768w\" sizes=\"(max-width: 1095px) 100vw, 1095px\" \/><\/p>\n<p>La delegaci\u00f3n colombiana no se qued\u00f3 atr\u00e1s en las categor\u00edas masculinas y mixtas. El equipo de hombres demostr\u00f3 su excelencia al obtener el primer puesto en la categor\u00eda individual, mientras que en conjunto mixto logr\u00f3 un segundo puesto grupal.<\/p>\n<p>El Desaf\u00edo de Bomberos Concepci\u00f3n es reconocido por poner a prueba las habilidades, destrezas y resistencia f\u00edsica de los competidores, simulando situaciones cr\u00edticas de la vida real.<\/p>\n<p>La participaci\u00f3n de personas de tres naciones convierte los logros de Bomberos Medell\u00edn en un orgullo nacional, consolidando a la ciudad como un referente de la Gesti\u00f3n del Riesgo de Desastres en el \u00e1mbito bomberil a nivel latinoamericano.<\/p>\n","protected":false},"excerpt":{"rendered":"<p>La delegaci\u00f3n conformada por 13 integrantes (cuatro mujeres y nueve hombres) logr\u00f3 cuatro premios en las justas bomberiles. 60 equipos integrados por m\u00e1s de 600 bomberos de tres pa\u00edses compitieron en el desaf\u00edo internacional. La &#8230;<\/p>\n","protected":false},"author":95,"featured_media":472897,"comment_status":"open","ping_status":"open","sticky":false,"template":"","format":"standard","meta":[],"categories":[30],"tags":[428,455],"formato_nota":[],"programas_tax":[],"acf":[],"_links":{"self":[{"href":"https:\/\/www.medellin.gov.co\/es\/wp-json\/wp\/v2\/posts\/472896"}],"collection":[{"href":"https:\/\/www.medellin.gov.co\/es\/wp-json\/wp\/v2\/posts"}],"about":[{"href":"https:\/\/www.medellin.gov.co\/es\/wp-json\/wp\/v2\/types\/post"}],"author":[{"embeddable":true,"href":"https:\/\/www.medellin.gov.co\/es\/wp-json\/wp\/v2\/users\/95"}],"replies":[{"embeddable":true,"href":"https:\/\/www.medellin.gov.co\/es\/wp-json\/wp\/v2\/comments?post=472896"}],"version-history":[{"count":1,"href":"https:\/\/www.medellin.gov.co\/es\/wp-json\/wp\/v2\/posts\/472896\/revisions"}],"predecessor-version":[{"id":472906,"href":"https:\/\/www.medellin.gov.co\/es\/wp-json\/wp\/v2\/posts\/472896\/revisions\/472906"}],"wp:featuredmedia":[{"embeddable":true,"href":"https:\/\/www.medellin.gov.co\/es\/wp-json\/wp\/v2\/media\/472897"}],"wp:attachment":[{"href":"https:\/\/www.medellin.gov.co\/es\/wp-json\/wp\/v2\/media?parent=472896"}],"wp:term":[{"taxonomy":"category","embeddable":true,"href":"https:\/\/www.medellin.gov.co\/es\/wp-json\/wp\/v2\/categories?post=472896"},{"taxonomy":"post_tag","embeddable":true,"href":"https:\/\/www.medellin.gov.co\/es\/wp-json\/wp\/v2\/tags?post=472896"},{"taxonomy":"formato_nota","embeddable":true,"href":"https:\/\/www.medellin.gov.co\/es\/wp-json\/wp\/v2\/formato_nota?post=472896"},{"taxonomy":"programas_tax","embeddable":true,"href":"https:\/\/www.medellin.gov.co\/es\/wp-json\/wp\/v2\/programas_tax?post=472896"}],"curies":[{"name":"wp","href":"https:\/\/api.w.org\/{rel}","templated":true}]}}