{"id":473334,"date":"2025-11-09T20:57:34","date_gmt":"2025-11-10T01:57:34","guid":{"rendered":"https:\/\/www.medellin.gov.co\/es\/?p=473334"},"modified":"2025-11-09T20:57:34","modified_gmt":"2025-11-10T01:57:34","slug":"distrito-demolio-10-edificaciones-ilegales-construidas-sobre-el-cerro-pan-de-azucar","status":"publish","type":"post","link":"https:\/\/www.medellin.gov.co\/es\/sala-de-prensa\/noticias\/distrito-demolio-10-edificaciones-ilegales-construidas-sobre-el-cerro-pan-de-azucar\/","title":{"rendered":"Distrito demoli\u00f3 10 edificaciones ilegales construidas sobre el Cerro Pan de Az\u00facar"},"content":{"rendered":"<ul>\n<li>Las construcciones que eran empleadas como viviendas y algunas como galpones, estaban hechas con materiales precarios y ocupaban un amplio sector de un territorio protegido por su valor ambiental y cultural.<\/li>\n<li>Clasificado como suelo forestal protector y \u00e1rea arqueol\u00f3gica, este cerro est\u00e1 amparado por normas nacionales y locales que restringen obras, excavaciones o cualquier actividad que altere su equilibrio ecol\u00f3gico y patrimonial.<\/li>\n<\/ul>\n<!--[if lt IE 9]><script>document.createElement('audio');<\/script><![endif]-->\n\t<div class=\"wp-playlist wp-audio-playlist wp-playlist-light\">\n\t\t\t<div class=\"wp-playlist-current-item\"><\/div>\n\t\t<audio controls=\"controls\" preload=\"none\" width=\"640\"\n\t\t\t><\/audio>\n\t<div class=\"wp-playlist-next\"><\/div>\n\t<div class=\"wp-playlist-prev\"><\/div>\n\t<noscript>\n\t<ol>\n\t\t<li><a href='https:\/\/www.medellin.gov.co\/es\/wp-content\/uploads\/2025\/11\/demolicionviviendas_secseguridad.mp3'>demolicionviviendas_secseguridad<\/a><\/li><li><a href='https:\/\/www.medellin.gov.co\/es\/wp-content\/uploads\/2025\/11\/demolicionviviendas_secgestionycontrol.mp3'>demolicionviviendas_secgestionycontrol<\/a><\/li>\t<\/ol>\n\t<\/noscript>\n\t<script type=\"application\/json\" class=\"wp-playlist-script\">{\"type\":\"audio\",\"tracklist\":true,\"tracknumbers\":true,\"images\":true,\"artists\":true,\"tracks\":[{\"src\":\"https:\\\/\\\/www.medellin.gov.co\\\/es\\\/wp-content\\\/uploads\\\/2025\\\/11\\\/demolicionviviendas_secseguridad.mp3\",\"type\":\"audio\\\/mpeg\",\"title\":\"demolicionviviendas_secseguridad\",\"caption\":\"Declaraciones del secretario de Seguridad y Convivencia de Medell\\u00edn, Manuel Villa Mej\\u00eda\",\"description\":\"\\u00abDemolici\\u00f3n de 10 edificaciones ilegales\\u00bb\",\"meta\":{\"genre\":\"Blues\",\"length_formatted\":\"1:09\"},\"image\":{\"src\":\"https:\\\/\\\/www.medellin.gov.co\\\/es\\\/wp-includes\\\/images\\\/media\\\/audio.png\",\"width\":48,\"height\":64},\"thumb\":{\"src\":\"https:\\\/\\\/www.medellin.gov.co\\\/es\\\/wp-includes\\\/images\\\/media\\\/audio.png\",\"width\":48,\"height\":64}},{\"src\":\"https:\\\/\\\/www.medellin.gov.co\\\/es\\\/wp-content\\\/uploads\\\/2025\\\/11\\\/demolicionviviendas_secgestionycontrol.mp3\",\"type\":\"audio\\\/mpeg\",\"title\":\"demolicionviviendas_secgestionycontrol\",\"caption\":\"Declaraciones del  subsecretario de Control Urban\\u00edstico, Carlos Trujillo Vergara\",\"description\":\"\\u00abDemolici\\u00f3n de 10 edificaciones ilegales\\u00bb\",\"meta\":{\"genre\":\"Blues\",\"length_formatted\":\"0:53\"},\"image\":{\"src\":\"https:\\\/\\\/www.medellin.gov.co\\\/es\\\/wp-includes\\\/images\\\/media\\\/audio.png\",\"width\":48,\"height\":64},\"thumb\":{\"src\":\"https:\\\/\\\/www.medellin.gov.co\\\/es\\\/wp-includes\\\/images\\\/media\\\/audio.png\",\"width\":48,\"height\":64}}]}<\/script>\n<\/div>\n\t\n<p>En el <a href=\"https:\/\/www.medellin.gov.co\/Portal_AmbientalPG\/vistaGeneral.do?cod=47\" target=\"_blank\" rel=\"noopener\">Cerro Tutelar Pan de Az\u00facar<\/a>, una de las \u00e1reas naturales m\u00e1s emblem\u00e1ticas y protegidas de Medell\u00edn, el Distrito realiz\u00f3 la demolici\u00f3n de 10 construcciones ilegales levantadas sin autorizaci\u00f3n dentro de un territorio de alto valor ambiental y cultural. Estas edificaciones, hechas con materiales como madera, pl\u00e1stico tipo polisombra, l\u00e1minas de zinc y cemento, fueron intervenidas por personal de la secretar\u00eda de <a href=\"https:\/\/www.medellin.gov.co\/es\/secretaria-gestion-y-control-territorial\/\">Gesti\u00f3n y Control Territorial<\/a> del componente Construye Bien, esto en cumplimiento a \u00f3rdenes de polic\u00eda emitidas por la Corregidur\u00eda de Santa Elena, como parte de las acciones para frenar la ocupaci\u00f3n irregular de los cerros tutelares.<\/p>\n<div id=\"attachment_473340\" style=\"width: 1286px\" class=\"wp-caption alignnone\"><img aria-describedby=\"caption-attachment-473340\" loading=\"lazy\" class=\"wp-image-473340 size-full\" title=\"Demolici\u00f3n de edificaciones ilegales\" src=\"https:\/\/www.medellin.gov.co\/es\/wp-content\/uploads\/2025\/11\/demolicion_viviendas_ilegales-2.jpg\" alt=\"Demolici\u00f3n de edificaciones ilegales\" width=\"1276\" height=\"850\" srcset=\"https:\/\/www.medellin.gov.co\/es\/wp-content\/uploads\/2025\/11\/demolicion_viviendas_ilegales-2.jpg 1276w, https:\/\/www.medellin.gov.co\/es\/wp-content\/uploads\/2025\/11\/demolicion_viviendas_ilegales-2-300x200.jpg 300w, https:\/\/www.medellin.gov.co\/es\/wp-content\/uploads\/2025\/11\/demolicion_viviendas_ilegales-2-1024x682.jpg 1024w, https:\/\/www.medellin.gov.co\/es\/wp-content\/uploads\/2025\/11\/demolicion_viviendas_ilegales-2-150x100.jpg 150w, https:\/\/www.medellin.gov.co\/es\/wp-content\/uploads\/2025\/11\/demolicion_viviendas_ilegales-2-768x512.jpg 768w\" sizes=\"(max-width: 1276px) 100vw, 1276px\" \/><p id=\"caption-attachment-473340\" class=\"wp-caption-text\">Demolici\u00f3n de edificaciones ilegales<\/p><\/div>\n<p>Desde 2021, las im\u00e1genes satelitales han evidenciado el aumento de construcciones irregulares en el cerro, causando deterioro del territorio. Actualmente con el uso del software y los servicios de Planet Labs, la Secretar\u00eda de Gesti\u00f3n y Control Territorial fortaleci\u00f3 su capacidad de monitoreo y an\u00e1lisis, con informaci\u00f3n cartogr\u00e1fica diaria que permite identificar variaciones en el uso del suelo y nuevas edificaciones.<\/p>\n<div id=\"attachment_473346\" style=\"width: 1286px\" class=\"wp-caption alignnone\"><img aria-describedby=\"caption-attachment-473346\" loading=\"lazy\" class=\"wp-image-473346 size-full\" title=\"Demolici\u00f3n de edificaciones ilegales\" src=\"https:\/\/www.medellin.gov.co\/es\/wp-content\/uploads\/2025\/11\/demolicion_viviendas_ilegales-1.jpg\" alt=\"Demolici\u00f3n de edificaciones ilegales\" width=\"1276\" height=\"850\" srcset=\"https:\/\/www.medellin.gov.co\/es\/wp-content\/uploads\/2025\/11\/demolicion_viviendas_ilegales-1.jpg 1276w, https:\/\/www.medellin.gov.co\/es\/wp-content\/uploads\/2025\/11\/demolicion_viviendas_ilegales-1-300x200.jpg 300w, https:\/\/www.medellin.gov.co\/es\/wp-content\/uploads\/2025\/11\/demolicion_viviendas_ilegales-1-1024x682.jpg 1024w, https:\/\/www.medellin.gov.co\/es\/wp-content\/uploads\/2025\/11\/demolicion_viviendas_ilegales-1-150x100.jpg 150w, https:\/\/www.medellin.gov.co\/es\/wp-content\/uploads\/2025\/11\/demolicion_viviendas_ilegales-1-768x512.jpg 768w\" sizes=\"(max-width: 1276px) 100vw, 1276px\" \/><p id=\"caption-attachment-473346\" class=\"wp-caption-text\">Demolici\u00f3n de edificaciones ilegales<\/p><\/div>\n<p>Al respecto el subsecretario de Control Urban\u00edstico, Carlos Trujillo Vergara, indic\u00f3: <em>\u201cEn esta intervenci\u00f3n logramos recuperar 505 metros cuadrados del Cerro Pan de Az\u00facar, un sector que ven\u00eda siendo afectado por construcciones sin autorizaci\u00f3n y que hoy vuelve a su vocaci\u00f3n natural. Estos procesos no solo permiten restablecer el orden en el territorio, sino que evitan afectaciones ambientales como la p\u00e9rdida de cobertura vegetal y el riesgo de deslizamientos. Detr\u00e1s de cada operativo hay un\u00a0<\/em><em>trabajo articulado entre distintas dependencias y el apoyo de la fuerza p\u00fablica para proteger los ecosistemas de la ciudad, garantizando el debido proceso. Invitamos a la comunidad a no construir en estas zonas con limitaciones ambientales y urban\u00edsticas y a que se acerquen a las curadur\u00edas urbanas para obtener la respectiva licencia antes de cualquier intervenci\u00f3n constructiva\u201d.<\/em><em>\u00a0<\/em><\/p>\n<div id=\"attachment_473348\" style=\"width: 1286px\" class=\"wp-caption alignnone\"><img aria-describedby=\"caption-attachment-473348\" loading=\"lazy\" class=\"wp-image-473348 size-full\" title=\"Demolici\u00f3n de edificaciones ilegales\" src=\"https:\/\/www.medellin.gov.co\/es\/wp-content\/uploads\/2025\/11\/demolicion_viviendas_ilegales-4.jpg\" alt=\"Demolici\u00f3n de edificaciones ilegales\" width=\"1276\" height=\"850\" srcset=\"https:\/\/www.medellin.gov.co\/es\/wp-content\/uploads\/2025\/11\/demolicion_viviendas_ilegales-4.jpg 1276w, https:\/\/www.medellin.gov.co\/es\/wp-content\/uploads\/2025\/11\/demolicion_viviendas_ilegales-4-300x200.jpg 300w, https:\/\/www.medellin.gov.co\/es\/wp-content\/uploads\/2025\/11\/demolicion_viviendas_ilegales-4-1024x682.jpg 1024w, https:\/\/www.medellin.gov.co\/es\/wp-content\/uploads\/2025\/11\/demolicion_viviendas_ilegales-4-150x100.jpg 150w, https:\/\/www.medellin.gov.co\/es\/wp-content\/uploads\/2025\/11\/demolicion_viviendas_ilegales-4-768x512.jpg 768w\" sizes=\"(max-width: 1276px) 100vw, 1276px\" \/><p id=\"caption-attachment-473348\" class=\"wp-caption-text\">Demolici\u00f3n de edificaciones ilegales<\/p><\/div>\n<p>Por su parte el secretario de Seguridad y Convivencia de Medell\u00edn, Manuel Villa Mej\u00eda, destac\u00f3 qu\u00e9: <em>\u201cLa seguridad tambi\u00e9n se construye desde el respeto por el territorio y la autoridad institucional. Estas acciones muestran que Medell\u00edn no permitir\u00e1 la ocupaci\u00f3n irregular ni la afectaci\u00f3n de sus cerros tutelares. La presencia articulada del Distrito, la Polic\u00eda y el Ej\u00e9rcito garantiza que cada metro recuperado se traduzca en orden, legalidad y confianza ciudadana\u201d.<\/em><em>\u00a0<\/em><\/p>\n<p>Tras la intervenci\u00f3n, se har\u00e1 una sembrat\u00f3n comunitaria para restaurar el ecosistema y fortalecer la conciencia ambiental. Adem\u00e1s, el Distrito continuar\u00e1 los procesos sancionatorios y aumentar\u00e1 los patrullajes en los cerros tutelares para evitar nuevas ocupaciones y proteger estas \u00e1reas estrat\u00e9gicas.<\/p>\n","protected":false},"excerpt":{"rendered":"<p>Las construcciones que eran empleadas como viviendas y algunas como galpones, estaban hechas con materiales precarios y ocupaban un amplio sector de un territorio protegido por su valor ambiental y cultural. Clasificado como suelo forestal &#8230;<\/p>\n","protected":false},"author":17,"featured_media":473343,"comment_status":"open","ping_status":"open","sticky":false,"template":"","format":"standard","meta":[],"categories":[7],"tags":[453,619],"formato_nota":[],"programas_tax":[],"acf":[],"_links":{"self":[{"href":"https:\/\/www.medellin.gov.co\/es\/wp-json\/wp\/v2\/posts\/473334"}],"collection":[{"href":"https:\/\/www.medellin.gov.co\/es\/wp-json\/wp\/v2\/posts"}],"about":[{"href":"https:\/\/www.medellin.gov.co\/es\/wp-json\/wp\/v2\/types\/post"}],"author":[{"embeddable":true,"href":"https:\/\/www.medellin.gov.co\/es\/wp-json\/wp\/v2\/users\/17"}],"replies":[{"embeddable":true,"href":"https:\/\/www.medellin.gov.co\/es\/wp-json\/wp\/v2\/comments?post=473334"}],"version-history":[{"count":1,"href":"https:\/\/www.medellin.gov.co\/es\/wp-json\/wp\/v2\/posts\/473334\/revisions"}],"predecessor-version":[{"id":473350,"href":"https:\/\/www.medellin.gov.co\/es\/wp-json\/wp\/v2\/posts\/473334\/revisions\/473350"}],"wp:featuredmedia":[{"embeddable":true,"href":"https:\/\/www.medellin.gov.co\/es\/wp-json\/wp\/v2\/media\/473343"}],"wp:attachment":[{"href":"https:\/\/www.medellin.gov.co\/es\/wp-json\/wp\/v2\/media?parent=473334"}],"wp:term":[{"taxonomy":"category","embeddable":true,"href":"https:\/\/www.medellin.gov.co\/es\/wp-json\/wp\/v2\/categories?post=473334"},{"taxonomy":"post_tag","embeddable":true,"href":"https:\/\/www.medellin.gov.co\/es\/wp-json\/wp\/v2\/tags?post=473334"},{"taxonomy":"formato_nota","embeddable":true,"href":"https:\/\/www.medellin.gov.co\/es\/wp-json\/wp\/v2\/formato_nota?post=473334"},{"taxonomy":"programas_tax","embeddable":true,"href":"https:\/\/www.medellin.gov.co\/es\/wp-json\/wp\/v2\/programas_tax?post=473334"}],"curies":[{"name":"wp","href":"https:\/\/api.w.org\/{rel}","templated":true}]}}