{"id":473355,"date":"2025-11-09T21:21:05","date_gmt":"2025-11-10T02:21:05","guid":{"rendered":"https:\/\/www.medellin.gov.co\/es\/?p=473355"},"modified":"2025-11-09T21:21:05","modified_gmt":"2025-11-10T02:21:05","slug":"medellin-tendra-otro-jardin-de-buen-comienzo-empezo-la-construccion-de-una-nueva-sede-en-villa-hermosa","status":"publish","type":"post","link":"https:\/\/www.medellin.gov.co\/es\/sala-de-prensa\/noticias\/medellin-tendra-otro-jardin-de-buen-comienzo-empezo-la-construccion-de-una-nueva-sede-en-villa-hermosa\/","title":{"rendered":"Medell\u00edn tendr\u00e1 otro jard\u00edn de Buen Comienzo: empez\u00f3 la construcci\u00f3n de una nueva sede en Villa Hermosa"},"content":{"rendered":"<ul>\n<li>Con una inversi\u00f3n que supera los $20.000 millones, el nuevo espacio beneficiar\u00e1 a 300 ni\u00f1as y ni\u00f1os de la comuna 8 y a sus familias.<\/li>\n<li>Este equipamiento, de 189 metros cuadrados, contar\u00e1 con espacios innovadores para garantizar el desarrollo integral de la primera infancia.<\/li>\n<li>Con este, ya son cuatro jardines infantiles que se construyen como parte del <a href=\"https:\/\/www.medellin.gov.co\/es\/plan-de-desarrollo\/\">Plan de Desarrollo 2024-2027<\/a>.<\/li>\n<\/ul>\n<!--[if lt IE 9]><script>document.createElement('audio');<\/script><![endif]-->\n\t<div class=\"wp-playlist wp-audio-playlist wp-playlist-light\">\n\t\t\t<div class=\"wp-playlist-current-item\"><\/div>\n\t\t<audio controls=\"controls\" preload=\"none\" width=\"640\"\n\t\t\t><\/audio>\n\t<div class=\"wp-playlist-next\"><\/div>\n\t<div class=\"wp-playlist-prev\"><\/div>\n\t<noscript>\n\t<ol>\n\t\t<li><a href='https:\/\/www.medellin.gov.co\/es\/wp-content\/uploads\/2025\/11\/JardinBuenComienzo_Villa-Hermosa_directorabc.mp3'>JardinBuenComienzo_Villa Hermosa_directorabc<\/a><\/li><li><a href='https:\/\/www.medellin.gov.co\/es\/wp-content\/uploads\/2025\/11\/JardinBuenComienzo_Villa-Hermosa_gerenteEDU.mp3'>JardinBuenComienzo_Villa Hermosa_gerenteEDU<\/a><\/li><li><a href='https:\/\/www.medellin.gov.co\/es\/wp-content\/uploads\/2025\/11\/jardinbuencomienzo_Villa-Hermosa_beneficiaria.mp3'>jardinbuencomienzo_Villa Hermosa_beneficiaria<\/a><\/li>\t<\/ol>\n\t<\/noscript>\n\t<script type=\"application\/json\" class=\"wp-playlist-script\">{\"type\":\"audio\",\"tracklist\":true,\"tracknumbers\":true,\"images\":true,\"artists\":true,\"tracks\":[{\"src\":\"https:\\\/\\\/www.medellin.gov.co\\\/es\\\/wp-content\\\/uploads\\\/2025\\\/11\\\/JardinBuenComienzo_Villa-Hermosa_directorabc.mp3\",\"type\":\"audio\\\/mpeg\",\"title\":\"JardinBuenComienzo_Villa Hermosa_directorabc\",\"caption\":\"Declaraciones de la directora de Buen Comienzo, Diana Carmona\",\"description\":\"\\u00abNuevo Jard\\u00edn de Buen Comienzo en Villa Hermosa\\u00bb.\",\"meta\":{\"genre\":\"Blues\",\"length_formatted\":\"0:40\"},\"image\":{\"src\":\"https:\\\/\\\/www.medellin.gov.co\\\/es\\\/wp-includes\\\/images\\\/media\\\/audio.png\",\"width\":48,\"height\":64},\"thumb\":{\"src\":\"https:\\\/\\\/www.medellin.gov.co\\\/es\\\/wp-includes\\\/images\\\/media\\\/audio.png\",\"width\":48,\"height\":64}},{\"src\":\"https:\\\/\\\/www.medellin.gov.co\\\/es\\\/wp-content\\\/uploads\\\/2025\\\/11\\\/JardinBuenComienzo_Villa-Hermosa_gerenteEDU.mp3\",\"type\":\"audio\\\/mpeg\",\"title\":\"JardinBuenComienzo_Villa Hermosa_gerenteEDU\",\"caption\":\"Declaraciones del gerente de la EDU, Emiro Vald\\u00e9s\",\"description\":\"\\u00abNuevo Jard\\u00edn de Buen Comienzo en Villa Hermosa\\u00bb.\",\"meta\":{\"genre\":\"Blues\",\"length_formatted\":\"0:41\"},\"image\":{\"src\":\"https:\\\/\\\/www.medellin.gov.co\\\/es\\\/wp-includes\\\/images\\\/media\\\/audio.png\",\"width\":48,\"height\":64},\"thumb\":{\"src\":\"https:\\\/\\\/www.medellin.gov.co\\\/es\\\/wp-includes\\\/images\\\/media\\\/audio.png\",\"width\":48,\"height\":64}},{\"src\":\"https:\\\/\\\/www.medellin.gov.co\\\/es\\\/wp-content\\\/uploads\\\/2025\\\/11\\\/jardinbuencomienzo_Villa-Hermosa_beneficiaria.mp3\",\"type\":\"audio\\\/mpeg\",\"title\":\"jardinbuencomienzo_Villa Hermosa_beneficiaria\",\"caption\":\"Declaraciones de residente del sector, Liliam Mosquera\",\"description\":\"\\u00abNuevo Jard\\u00edn de Buen Comienzo en Villa Hermosa\\u00bb.\",\"meta\":{\"genre\":\"Blues\",\"length_formatted\":\"0:26\"},\"image\":{\"src\":\"https:\\\/\\\/www.medellin.gov.co\\\/es\\\/wp-includes\\\/images\\\/media\\\/audio.png\",\"width\":48,\"height\":64},\"thumb\":{\"src\":\"https:\\\/\\\/www.medellin.gov.co\\\/es\\\/wp-includes\\\/images\\\/media\\\/audio.png\",\"width\":48,\"height\":64}}]}<\/script>\n<\/div>\n\t\n<p>Con labores de rocer\u00eda, demoliciones, construcci\u00f3n y vaciado de pilas, la Alcald\u00eda de Medell\u00edn dio inicio a las obras del nuevo <a href=\"https:\/\/www.medellin.gov.co\/es\/unidad-administrativa-especial-buen-comienzo\/\">Jard\u00edn Infantil Buen Comienzo<\/a> La Libertad, en la comuna 8-Villa Hermosa, donde se atender\u00e1n 300 ni\u00f1as y ni\u00f1os del centro oriente de la ciudad.<\/p>\n<div id=\"attachment_473367\" style=\"width: 1286px\" class=\"wp-caption alignnone\"><img aria-describedby=\"caption-attachment-473367\" loading=\"lazy\" class=\"wp-image-473367 size-full\" title=\"Nuevo Jard\u00edn de Buen Comienzo en Villa Hermosa\" src=\"https:\/\/www.medellin.gov.co\/es\/wp-content\/uploads\/2025\/11\/Nuevo-Jardin-de-Buen-Comienzo-en-Villa-Hermosa-3.jpg\" alt=\"Nuevo Jard\u00edn de Buen Comienzo en Villa Hermosa\" width=\"1276\" height=\"850\" srcset=\"https:\/\/www.medellin.gov.co\/es\/wp-content\/uploads\/2025\/11\/Nuevo-Jardin-de-Buen-Comienzo-en-Villa-Hermosa-3.jpg 1276w, https:\/\/www.medellin.gov.co\/es\/wp-content\/uploads\/2025\/11\/Nuevo-Jardin-de-Buen-Comienzo-en-Villa-Hermosa-3-300x200.jpg 300w, https:\/\/www.medellin.gov.co\/es\/wp-content\/uploads\/2025\/11\/Nuevo-Jardin-de-Buen-Comienzo-en-Villa-Hermosa-3-1024x682.jpg 1024w, https:\/\/www.medellin.gov.co\/es\/wp-content\/uploads\/2025\/11\/Nuevo-Jardin-de-Buen-Comienzo-en-Villa-Hermosa-3-150x100.jpg 150w, https:\/\/www.medellin.gov.co\/es\/wp-content\/uploads\/2025\/11\/Nuevo-Jardin-de-Buen-Comienzo-en-Villa-Hermosa-3-768x512.jpg 768w\" sizes=\"(max-width: 1276px) 100vw, 1276px\" \/><p id=\"caption-attachment-473367\" class=\"wp-caption-text\">Nuevo Jard\u00edn de Buen Comienzo en Villa Hermosa<\/p><\/div>\n<p>Esta nueva infraestructura contar\u00e1 con 3.189 metros cuadrados y dispondr\u00e1 de espacios dise\u00f1ados a la medida, como salas de atenci\u00f3n, terrazas recreativas, ba\u00f1os, \u00e1rea administrativa, zona de alimentaci\u00f3n y consultorios de enfermer\u00eda y nutrici\u00f3n, entre otros.<\/p>\n<p><em>\u201cVamos a contar con espacios innovadores, como salas pedag\u00f3gicas adecuadas para caminadores y gateadores, zonas de alimentaci\u00f3n y nuevos ba\u00f1os\u201d<\/em>, afirm\u00f3 la directora de Buen Comienzo, Diana Carmona, quien destac\u00f3 la importancia de contar con espacios de calidad para la atenci\u00f3n de la primera infancia.<\/p>\n<div id=\"attachment_473370\" style=\"width: 1286px\" class=\"wp-caption alignnone\"><img aria-describedby=\"caption-attachment-473370\" loading=\"lazy\" class=\"wp-image-473370 size-full\" title=\"Nuevo Jard\u00edn de Buen Comienzo en Villa Hermosa\" src=\"https:\/\/www.medellin.gov.co\/es\/wp-content\/uploads\/2025\/11\/Nuevo-Jardin-de-Buen-Comienzo-en-Villa-Hermosa-1.jpg\" alt=\"Nuevo Jard\u00edn de Buen Comienzo en Villa Hermosa\" width=\"1276\" height=\"850\" srcset=\"https:\/\/www.medellin.gov.co\/es\/wp-content\/uploads\/2025\/11\/Nuevo-Jardin-de-Buen-Comienzo-en-Villa-Hermosa-1.jpg 1276w, https:\/\/www.medellin.gov.co\/es\/wp-content\/uploads\/2025\/11\/Nuevo-Jardin-de-Buen-Comienzo-en-Villa-Hermosa-1-300x200.jpg 300w, https:\/\/www.medellin.gov.co\/es\/wp-content\/uploads\/2025\/11\/Nuevo-Jardin-de-Buen-Comienzo-en-Villa-Hermosa-1-1024x682.jpg 1024w, https:\/\/www.medellin.gov.co\/es\/wp-content\/uploads\/2025\/11\/Nuevo-Jardin-de-Buen-Comienzo-en-Villa-Hermosa-1-150x100.jpg 150w, https:\/\/www.medellin.gov.co\/es\/wp-content\/uploads\/2025\/11\/Nuevo-Jardin-de-Buen-Comienzo-en-Villa-Hermosa-1-768x512.jpg 768w\" sizes=\"(max-width: 1276px) 100vw, 1276px\" \/><p id=\"caption-attachment-473370\" class=\"wp-caption-text\">Nuevo Jard\u00edn de Buen Comienzo en Villa Hermosa<\/p><\/div>\n<p>Previo al inicio de la construcci\u00f3n, la Empresa de Desarrollo Urbano (EDU) adelant\u00f3 labores de protecci\u00f3n ambiental en el lote, donde se rescataron siete zarig\u00fceyas y 30 lagartijas cabeza roja, que fueron trasladadas a la sede Fraternidad del ITM, en Boston.<\/p>\n<p><em>\u201cUna vez concluidos los trabajos de aprovechamiento forestal y ahuyentamiento de fauna, las actividades de obra f\u00edsica van a toda marcha, avanzando con todo el proceso de cimentaciones y estructura para dar cumplimiento al cronograma y poder entregar a la comunidad en 2026<\/em>\u201d, destac\u00f3 el gerente de la EDU, Emiro Vald\u00e9s.<\/p>\n<div id=\"attachment_473366\" style=\"width: 1286px\" class=\"wp-caption alignnone\"><img aria-describedby=\"caption-attachment-473366\" loading=\"lazy\" class=\"wp-image-473366 size-full\" title=\"Nuevo Jard\u00edn de Buen Comienzo en Villa Hermosa\" src=\"https:\/\/www.medellin.gov.co\/es\/wp-content\/uploads\/2025\/11\/Nuevo-Jardin-de-Buen-Comienzo-en-Villa-Hermosa-2.jpg\" alt=\"Nuevo Jard\u00edn de Buen Comienzo en Villa Hermosa\" width=\"1276\" height=\"850\" srcset=\"https:\/\/www.medellin.gov.co\/es\/wp-content\/uploads\/2025\/11\/Nuevo-Jardin-de-Buen-Comienzo-en-Villa-Hermosa-2.jpg 1276w, https:\/\/www.medellin.gov.co\/es\/wp-content\/uploads\/2025\/11\/Nuevo-Jardin-de-Buen-Comienzo-en-Villa-Hermosa-2-300x200.jpg 300w, https:\/\/www.medellin.gov.co\/es\/wp-content\/uploads\/2025\/11\/Nuevo-Jardin-de-Buen-Comienzo-en-Villa-Hermosa-2-1024x682.jpg 1024w, https:\/\/www.medellin.gov.co\/es\/wp-content\/uploads\/2025\/11\/Nuevo-Jardin-de-Buen-Comienzo-en-Villa-Hermosa-2-150x100.jpg 150w, https:\/\/www.medellin.gov.co\/es\/wp-content\/uploads\/2025\/11\/Nuevo-Jardin-de-Buen-Comienzo-en-Villa-Hermosa-2-768x512.jpg 768w\" sizes=\"(max-width: 1276px) 100vw, 1276px\" \/><p id=\"caption-attachment-473366\" class=\"wp-caption-text\">Nuevo Jard\u00edn de Buen Comienzo en Villa Hermosa<\/p><\/div>\n<p>En la ejecuci\u00f3n de estas obras, ya se han generado 56 empleos, algunos de ellos de mano de obra de la zona.<\/p>\n<p><em>\u201cMe parece que es importante este proyecto, porque va directamente para nuestros hijos. Nos asegura ni\u00f1os educados, formados y cuidados, y eso es fundamental para el futuro de nuestra sociedad\u201d, <\/em>asegur\u00f3 Liliam Mosquera, residente del sector, quien tambi\u00e9n trabaja en la construcci\u00f3n del jard\u00edn.<\/p>\n<p>La Administraci\u00f3n Distrital entregar\u00e1 ocho nuevos jardines infantiles, de los cuales cuatro ya est\u00e1n en construcci\u00f3n, en San Sebasti\u00e1n de Palmitas, Robledo, San Crist\u00f3bal y este en Villa Hermosa.<\/p>\n","protected":false},"excerpt":{"rendered":"<p>Con una inversi\u00f3n que supera los $20.000 millones, el nuevo espacio beneficiar\u00e1 a 300 ni\u00f1as y ni\u00f1os de la comuna 8 y a sus familias. Este equipamiento, de 189 metros cuadrados, contar\u00e1 con espacios innovadores &#8230;<\/p>\n","protected":false},"author":17,"featured_media":473369,"comment_status":"open","ping_status":"open","sticky":false,"template":"","format":"standard","meta":[],"categories":[533],"tags":[634,431,725],"formato_nota":[],"programas_tax":[],"acf":[],"_links":{"self":[{"href":"https:\/\/www.medellin.gov.co\/es\/wp-json\/wp\/v2\/posts\/473355"}],"collection":[{"href":"https:\/\/www.medellin.gov.co\/es\/wp-json\/wp\/v2\/posts"}],"about":[{"href":"https:\/\/www.medellin.gov.co\/es\/wp-json\/wp\/v2\/types\/post"}],"author":[{"embeddable":true,"href":"https:\/\/www.medellin.gov.co\/es\/wp-json\/wp\/v2\/users\/17"}],"replies":[{"embeddable":true,"href":"https:\/\/www.medellin.gov.co\/es\/wp-json\/wp\/v2\/comments?post=473355"}],"version-history":[{"count":1,"href":"https:\/\/www.medellin.gov.co\/es\/wp-json\/wp\/v2\/posts\/473355\/revisions"}],"predecessor-version":[{"id":473382,"href":"https:\/\/www.medellin.gov.co\/es\/wp-json\/wp\/v2\/posts\/473355\/revisions\/473382"}],"wp:featuredmedia":[{"embeddable":true,"href":"https:\/\/www.medellin.gov.co\/es\/wp-json\/wp\/v2\/media\/473369"}],"wp:attachment":[{"href":"https:\/\/www.medellin.gov.co\/es\/wp-json\/wp\/v2\/media?parent=473355"}],"wp:term":[{"taxonomy":"category","embeddable":true,"href":"https:\/\/www.medellin.gov.co\/es\/wp-json\/wp\/v2\/categories?post=473355"},{"taxonomy":"post_tag","embeddable":true,"href":"https:\/\/www.medellin.gov.co\/es\/wp-json\/wp\/v2\/tags?post=473355"},{"taxonomy":"formato_nota","embeddable":true,"href":"https:\/\/www.medellin.gov.co\/es\/wp-json\/wp\/v2\/formato_nota?post=473355"},{"taxonomy":"programas_tax","embeddable":true,"href":"https:\/\/www.medellin.gov.co\/es\/wp-json\/wp\/v2\/programas_tax?post=473355"}],"curies":[{"name":"wp","href":"https:\/\/api.w.org\/{rel}","templated":true}]}}