{"id":473698,"date":"2025-11-10T13:39:40","date_gmt":"2025-11-10T18:39:40","guid":{"rendered":"https:\/\/www.medellin.gov.co\/es\/?p=473698"},"modified":"2025-11-10T13:45:05","modified_gmt":"2025-11-10T18:45:05","slug":"el-puesto-de-mando-unificado-social-cumple-dos-meses-transformando-el-centro-de-medellin","status":"publish","type":"post","link":"https:\/\/www.medellin.gov.co\/es\/sala-de-prensa\/noticias\/el-puesto-de-mando-unificado-social-cumple-dos-meses-transformando-el-centro-de-medellin\/","title":{"rendered":"El Puesto de Mando Unificado Social cumple dos meses transformando el Centro de Medell\u00edn"},"content":{"rendered":"<p>El <strong>Puesto de Mando Unificado Social PMUS<\/strong>, liderado por el Distrito, a trav\u00e9s de la <strong>Gerencia del Centro y Territorios Estrat\u00e9gicos<\/strong>, cumple dos meses de operaci\u00f3n con resultados visibles en la <strong>recuperaci\u00f3n del espacio p\u00fablico, la atenci\u00f3n social y el fortalecimiento de la convivencia<\/strong>\u00a0en las avenidas La Playa y La Oriental.<\/p>\n<p>En este per\u00edodo, se han <strong>recuperado m\u00e1s de 174.000 m\u00b2 de zonas verdes<\/strong>, <strong>sembrado 5.306 plantas<\/strong>, <strong>pintado 661 bienes p\u00fablicos<\/strong>, <strong>retirado 903 piezas de publicidad no autorizada<\/strong>\u00a0y <strong>limpiado 131 sumideros<\/strong>, contribuyendo a un entorno m\u00e1s limpio y seguro.<\/p>\n<p>Adem\u00e1s, <strong>dos habitantes de calle retornaron a sus hogares<\/strong>, reafirmando el compromiso social de esta estrategia que articula a las dependencias del Distrito y promueve la confianza y la corresponsabilidad ciudadana.<\/p>\n","protected":false},"excerpt":{"rendered":"<p>El Puesto de Mando Unificado Social PMUS, liderado por el Distrito, a trav\u00e9s de la Gerencia del Centro y Territorios Estrat\u00e9gicos, cumple dos meses de operaci\u00f3n con resultados visibles en la recuperaci\u00f3n del espacio p\u00fablico, &#8230;<\/p>\n","protected":false},"author":17,"featured_media":473733,"comment_status":"open","ping_status":"open","sticky":false,"template":"","format":"standard","meta":[],"categories":[23],"tags":[],"formato_nota":[],"programas_tax":[],"acf":[],"_links":{"self":[{"href":"https:\/\/www.medellin.gov.co\/es\/wp-json\/wp\/v2\/posts\/473698"}],"collection":[{"href":"https:\/\/www.medellin.gov.co\/es\/wp-json\/wp\/v2\/posts"}],"about":[{"href":"https:\/\/www.medellin.gov.co\/es\/wp-json\/wp\/v2\/types\/post"}],"author":[{"embeddable":true,"href":"https:\/\/www.medellin.gov.co\/es\/wp-json\/wp\/v2\/users\/17"}],"replies":[{"embeddable":true,"href":"https:\/\/www.medellin.gov.co\/es\/wp-json\/wp\/v2\/comments?post=473698"}],"version-history":[{"count":1,"href":"https:\/\/www.medellin.gov.co\/es\/wp-json\/wp\/v2\/posts\/473698\/revisions"}],"predecessor-version":[{"id":473736,"href":"https:\/\/www.medellin.gov.co\/es\/wp-json\/wp\/v2\/posts\/473698\/revisions\/473736"}],"wp:featuredmedia":[{"embeddable":true,"href":"https:\/\/www.medellin.gov.co\/es\/wp-json\/wp\/v2\/media\/473733"}],"wp:attachment":[{"href":"https:\/\/www.medellin.gov.co\/es\/wp-json\/wp\/v2\/media?parent=473698"}],"wp:term":[{"taxonomy":"category","embeddable":true,"href":"https:\/\/www.medellin.gov.co\/es\/wp-json\/wp\/v2\/categories?post=473698"},{"taxonomy":"post_tag","embeddable":true,"href":"https:\/\/www.medellin.gov.co\/es\/wp-json\/wp\/v2\/tags?post=473698"},{"taxonomy":"formato_nota","embeddable":true,"href":"https:\/\/www.medellin.gov.co\/es\/wp-json\/wp\/v2\/formato_nota?post=473698"},{"taxonomy":"programas_tax","embeddable":true,"href":"https:\/\/www.medellin.gov.co\/es\/wp-json\/wp\/v2\/programas_tax?post=473698"}],"curies":[{"name":"wp","href":"https:\/\/api.w.org\/{rel}","templated":true}]}}