{"id":475660,"date":"2025-11-12T14:45:42","date_gmt":"2025-11-12T19:45:42","guid":{"rendered":"https:\/\/www.medellin.gov.co\/es\/?p=475660"},"modified":"2025-11-12T14:45:42","modified_gmt":"2025-11-12T19:45:42","slug":"habra-cierre-temporal-del-mascerca-belen-por-obras-de-mantenimiento-que-adelanta-la-alcaldia-de-medellin","status":"publish","type":"post","link":"https:\/\/www.medellin.gov.co\/es\/sala-de-prensa\/noticias\/habra-cierre-temporal-del-mascerca-belen-por-obras-de-mantenimiento-que-adelanta-la-alcaldia-de-medellin\/","title":{"rendered":"Habr\u00e1 cierre temporal del Mascerca Bel\u00e9n por obras de mantenimiento que adelanta la Alcald\u00eda de Medell\u00edn"},"content":{"rendered":"<p>El inicio de las obras de mantenimiento anunciadas para la sede del Mascerca Bel\u00e9n, espec\u00edficamente las asociadas a bajantes de agua y reparaci\u00f3n de humedades, se anticiparon por causa de las fuertes lluvias de las \u00faltimas semanas. Esto implica un cierre temporal hasta el pr\u00f3ximo s\u00e1bado 22 de noviembre, que suspender\u00e1 la prestaci\u00f3n del servicio a la ciudadan\u00eda.<\/p>\n<!--[if lt IE 9]><script>document.createElement('audio');<\/script><![endif]-->\n\t<div class=\"wp-playlist wp-audio-playlist wp-playlist-light\">\n\t\t\t<div class=\"wp-playlist-current-item\"><\/div>\n\t\t<audio controls=\"controls\" preload=\"none\" width=\"640\"\n\t\t\t><\/audio>\n\t<div class=\"wp-playlist-next\"><\/div>\n\t<div class=\"wp-playlist-prev\"><\/div>\n\t<noscript>\n\t<ol>\n\t\t<li><a href='https:\/\/www.medellin.gov.co\/es\/wp-content\/uploads\/2025\/11\/Declaraciones-subsecretaria-de-Servicio-a-la-Ciudadania-Monica-Maria-Henao.mp3'>Declaraciones subsecretaria de Servicio a la Ciudadan\u00eda, M\u00f3nica Mar\u00eda Henao<\/a><\/li>\t<\/ol>\n\t<\/noscript>\n\t<script type=\"application\/json\" class=\"wp-playlist-script\">{\"type\":\"audio\",\"tracklist\":true,\"tracknumbers\":true,\"images\":true,\"artists\":true,\"tracks\":[{\"src\":\"https:\\\/\\\/www.medellin.gov.co\\\/es\\\/wp-content\\\/uploads\\\/2025\\\/11\\\/Declaraciones-subsecretaria-de-Servicio-a-la-Ciudadania-Monica-Maria-Henao.mp3\",\"type\":\"audio\\\/mpeg\",\"title\":\"Declaraciones subsecretaria de Servicio a la Ciudadan\\u00eda, M\\u00f3nica Mar\\u00eda Henao\",\"caption\":\"\",\"description\":\"\\u00abDeclaraciones subsecretaria de Servicio a la Ciudadan\\u00eda, M\\u00f3nica Mar\\u00eda Henao\\u00bb. G\\u00e9nero: Blues.\",\"meta\":{\"genre\":\"Blues\",\"length_formatted\":\"0:49\"},\"image\":{\"src\":\"https:\\\/\\\/www.medellin.gov.co\\\/es\\\/wp-includes\\\/images\\\/media\\\/audio.png\",\"width\":48,\"height\":64},\"thumb\":{\"src\":\"https:\\\/\\\/www.medellin.gov.co\\\/es\\\/wp-includes\\\/images\\\/media\\\/audio.png\",\"width\":48,\"height\":64}}]}<\/script>\n<\/div>\n\t\n<p>Las personas que deban hacer tr\u00e1mites en este lugar y prefieran hacerlo de manera presencial podr\u00e1n dirigirse a la sede Guayabal o La Alpujarra, que son las dos m\u00e1s cercanas al sector, pero tambi\u00e9n pueden acudir a cualquiera de las otras 17 de servicio a la ciudadan\u00eda, ubicadas en las diferentes comunas y corregimientos.<\/p>\n\n\t\t<style type=\"text\/css\">\n\t\t\t#gallery-1 {\n\t\t\t\tmargin: auto;\n\t\t\t}\n\t\t\t#gallery-1 .gallery-item {\n\t\t\t\tfloat: left;\n\t\t\t\tmargin-top: 10px;\n\t\t\t\ttext-align: center;\n\t\t\t\twidth: 50%;\n\t\t\t}\n\t\t\t#gallery-1 img {\n\t\t\t\tborder: 2px solid #cfcfcf;\n\t\t\t}\n\t\t\t#gallery-1 .gallery-caption {\n\t\t\t\tmargin-left: 0;\n\t\t\t}\n\t\t\t\/* see gallery_shortcode() in wp-includes\/media.php *\/\n\t\t<\/style>\n\t\t<div id='gallery-1' class='gallery galleryid-475660 gallery-columns-2 gallery-size-full'><dl class='gallery-item'>\n\t\t\t<dt class='gallery-icon landscape'>\n\t\t\t\t<a href='https:\/\/www.medellin.gov.co\/es\/sala-de-prensa\/noticias\/habra-cierre-temporal-del-mascerca-belen-por-obras-de-mantenimiento-que-adelanta-la-alcaldia-de-medellin\/imagen-mascerca-2\/'><img width=\"1133\" height=\"850\" src=\"https:\/\/www.medellin.gov.co\/es\/wp-content\/uploads\/2025\/11\/Imagen-Mascerca-2.jpg\" class=\"attachment-full size-full\" alt=\"Imagen Mascerca (2)\" loading=\"lazy\" srcset=\"https:\/\/www.medellin.gov.co\/es\/wp-content\/uploads\/2025\/11\/Imagen-Mascerca-2.jpg 1133w, https:\/\/www.medellin.gov.co\/es\/wp-content\/uploads\/2025\/11\/Imagen-Mascerca-2-300x225.jpg 300w, https:\/\/www.medellin.gov.co\/es\/wp-content\/uploads\/2025\/11\/Imagen-Mascerca-2-1024x768.jpg 1024w, https:\/\/www.medellin.gov.co\/es\/wp-content\/uploads\/2025\/11\/Imagen-Mascerca-2-150x113.jpg 150w, https:\/\/www.medellin.gov.co\/es\/wp-content\/uploads\/2025\/11\/Imagen-Mascerca-2-768x576.jpg 768w\" sizes=\"(max-width: 1133px) 100vw, 1133px\" \/><\/a>\n\t\t\t<\/dt><\/dl><dl class='gallery-item'>\n\t\t\t<dt class='gallery-icon landscape'>\n\t\t\t\t<a href='https:\/\/www.medellin.gov.co\/es\/sala-de-prensa\/noticias\/habra-cierre-temporal-del-mascerca-belen-por-obras-de-mantenimiento-que-adelanta-la-alcaldia-de-medellin\/imagen-mascerca-3\/'><img width=\"1133\" height=\"850\" src=\"https:\/\/www.medellin.gov.co\/es\/wp-content\/uploads\/2025\/11\/Imagen-Mascerca-3.jpg\" class=\"attachment-full size-full\" alt=\"Imagen Mascerca (3)\" loading=\"lazy\" srcset=\"https:\/\/www.medellin.gov.co\/es\/wp-content\/uploads\/2025\/11\/Imagen-Mascerca-3.jpg 1133w, https:\/\/www.medellin.gov.co\/es\/wp-content\/uploads\/2025\/11\/Imagen-Mascerca-3-300x225.jpg 300w, https:\/\/www.medellin.gov.co\/es\/wp-content\/uploads\/2025\/11\/Imagen-Mascerca-3-1024x768.jpg 1024w, https:\/\/www.medellin.gov.co\/es\/wp-content\/uploads\/2025\/11\/Imagen-Mascerca-3-150x113.jpg 150w, https:\/\/www.medellin.gov.co\/es\/wp-content\/uploads\/2025\/11\/Imagen-Mascerca-3-768x576.jpg 768w\" sizes=\"(max-width: 1133px) 100vw, 1133px\" \/><\/a>\n\t\t\t<\/dt><\/dl><br style=\"clear: both\" \/>\n\t\t<\/div>\n\n<p>La Alcald\u00eda de Medell\u00edn recuerda que cuenta con canales virtuales y telef\u00f3nicos para realizar tr\u00e1mites y servicios. Entre ellos se encuentran la L\u00ednea \u00danica de Atenci\u00f3n a la Ciudadan\u00eda (604 444 41 44); el WhatsApp Flor (301 604 44 44) y el portal www.medellin.gov.co, donde se encuentran servicios de taquillas virtuales, atenci\u00f3n en lengua de se\u00f1as, radicaci\u00f3n de PQRSD y ficho digital, entre otros.<\/p>\n<p><img loading=\"lazy\" class=\"alignnone wp-image-475693 size-full\" title=\"Mascerca \" src=\"https:\/\/www.medellin.gov.co\/es\/wp-content\/uploads\/2025\/11\/Imagen-Mascerca-4.jpg\" alt=\"Imagen Mascerca (4)\" width=\"1134\" height=\"850\" srcset=\"https:\/\/www.medellin.gov.co\/es\/wp-content\/uploads\/2025\/11\/Imagen-Mascerca-4.jpg 1134w, https:\/\/www.medellin.gov.co\/es\/wp-content\/uploads\/2025\/11\/Imagen-Mascerca-4-300x225.jpg 300w, https:\/\/www.medellin.gov.co\/es\/wp-content\/uploads\/2025\/11\/Imagen-Mascerca-4-1024x768.jpg 1024w, https:\/\/www.medellin.gov.co\/es\/wp-content\/uploads\/2025\/11\/Imagen-Mascerca-4-150x112.jpg 150w, https:\/\/www.medellin.gov.co\/es\/wp-content\/uploads\/2025\/11\/Imagen-Mascerca-4-768x576.jpg 768w\" sizes=\"(max-width: 1134px) 100vw, 1134px\" \/><\/p>\n<p>Con la intervenci\u00f3n f\u00edsica en los Mascerca, el Distrito reafirma su compromiso con la mejora continua de los espacios de atenci\u00f3n ciudadana, para garantizar condiciones dignas, seguras y eficientes en la prestaci\u00f3n de servicios.<\/p>\n","protected":false},"excerpt":{"rendered":"<p>El inicio de las obras de mantenimiento anunciadas para la sede del Mascerca Bel\u00e9n, espec\u00edficamente las asociadas a bajantes de agua y reparaci\u00f3n de humedades, se anticiparon por causa de las fuertes lluvias de las &#8230;<\/p>\n","protected":false},"author":95,"featured_media":475696,"comment_status":"open","ping_status":"open","sticky":false,"template":"","format":"standard","meta":[],"categories":[2],"tags":[437],"formato_nota":[],"programas_tax":[],"acf":[],"_links":{"self":[{"href":"https:\/\/www.medellin.gov.co\/es\/wp-json\/wp\/v2\/posts\/475660"}],"collection":[{"href":"https:\/\/www.medellin.gov.co\/es\/wp-json\/wp\/v2\/posts"}],"about":[{"href":"https:\/\/www.medellin.gov.co\/es\/wp-json\/wp\/v2\/types\/post"}],"author":[{"embeddable":true,"href":"https:\/\/www.medellin.gov.co\/es\/wp-json\/wp\/v2\/users\/95"}],"replies":[{"embeddable":true,"href":"https:\/\/www.medellin.gov.co\/es\/wp-json\/wp\/v2\/comments?post=475660"}],"version-history":[{"count":1,"href":"https:\/\/www.medellin.gov.co\/es\/wp-json\/wp\/v2\/posts\/475660\/revisions"}],"predecessor-version":[{"id":475705,"href":"https:\/\/www.medellin.gov.co\/es\/wp-json\/wp\/v2\/posts\/475660\/revisions\/475705"}],"wp:featuredmedia":[{"embeddable":true,"href":"https:\/\/www.medellin.gov.co\/es\/wp-json\/wp\/v2\/media\/475696"}],"wp:attachment":[{"href":"https:\/\/www.medellin.gov.co\/es\/wp-json\/wp\/v2\/media?parent=475660"}],"wp:term":[{"taxonomy":"category","embeddable":true,"href":"https:\/\/www.medellin.gov.co\/es\/wp-json\/wp\/v2\/categories?post=475660"},{"taxonomy":"post_tag","embeddable":true,"href":"https:\/\/www.medellin.gov.co\/es\/wp-json\/wp\/v2\/tags?post=475660"},{"taxonomy":"formato_nota","embeddable":true,"href":"https:\/\/www.medellin.gov.co\/es\/wp-json\/wp\/v2\/formato_nota?post=475660"},{"taxonomy":"programas_tax","embeddable":true,"href":"https:\/\/www.medellin.gov.co\/es\/wp-json\/wp\/v2\/programas_tax?post=475660"}],"curies":[{"name":"wp","href":"https:\/\/api.w.org\/{rel}","templated":true}]}}