{"id":475719,"date":"2025-11-12T14:52:09","date_gmt":"2025-11-12T19:52:09","guid":{"rendered":"https:\/\/www.medellin.gov.co\/es\/?p=475719"},"modified":"2025-11-12T14:52:09","modified_gmt":"2025-11-12T19:52:09","slug":"en-medellin-se-realizo-primer-trasplante-de-corazon-en-un-hospital-100-publico-en-colombia-federico-gutierrez-lo-destaco-como-un-hito-en-el-pais","status":"publish","type":"post","link":"https:\/\/www.medellin.gov.co\/es\/sala-de-prensa\/noticias\/en-medellin-se-realizo-primer-trasplante-de-corazon-en-un-hospital-100-publico-en-colombia-federico-gutierrez-lo-destaco-como-un-hito-en-el-pais\/","title":{"rendered":"En Medell\u00edn se realiz\u00f3 primer trasplante de coraz\u00f3n en un hospital 100 % p\u00fablico en Colombia: Federico Guti\u00e9rrez lo destac\u00f3 como un hito en el pa\u00eds"},"content":{"rendered":"<ul>\n<li>El Hospital General ha logrado rescatar 22 corazones que han beneficiado a pacientes en Medell\u00edn, Cali y Bucaramanga.<\/li>\n<li>Cuarenta a\u00f1os despu\u00e9s del primer trasplante de coraz\u00f3n en Colombia, el HGM realiza el primero en un hospital p\u00fablico.<\/li>\n<\/ul>\n<!--[if lt IE 9]><script>document.createElement('audio');<\/script><![endif]-->\n\t<div class=\"wp-playlist wp-audio-playlist wp-playlist-light\">\n\t\t\t<div class=\"wp-playlist-current-item\"><\/div>\n\t\t<audio controls=\"controls\" preload=\"none\" width=\"640\"\n\t\t\t><\/audio>\n\t<div class=\"wp-playlist-next\"><\/div>\n\t<div class=\"wp-playlist-prev\"><\/div>\n\t<noscript>\n\t<ol>\n\t\t<li><a href='https:\/\/www.medellin.gov.co\/es\/wp-content\/uploads\/2025\/11\/Declaraciones-alcalde-de-Medellin-Federico-Gutierrez-2.mp3'>Declaraciones alcalde de Medell\u00edn Federico Guti\u00e9rrez<\/a><\/li><li><a href='https:\/\/www.medellin.gov.co\/es\/wp-content\/uploads\/2025\/11\/Declaraciones-cirujano-cardiovascular-Lucas-Ramirez-Gil.mp3'>Declaraciones cirujano cardiovascular, Lucas Ram\u00edrez Gil<\/a><\/li>\t<\/ol>\n\t<\/noscript>\n\t<script type=\"application\/json\" class=\"wp-playlist-script\">{\"type\":\"audio\",\"tracklist\":true,\"tracknumbers\":true,\"images\":true,\"artists\":true,\"tracks\":[{\"src\":\"https:\\\/\\\/www.medellin.gov.co\\\/es\\\/wp-content\\\/uploads\\\/2025\\\/11\\\/Declaraciones-alcalde-de-Medellin-Federico-Gutierrez-2.mp3\",\"type\":\"audio\\\/mpeg\",\"title\":\"Declaraciones alcalde de Medell\\u00edn Federico Guti\\u00e9rrez\",\"caption\":\"\",\"description\":\"\\u00abDeclaraciones alcalde de Medell\\u00edn Federico Guti\\u00e9rrez\\u00bb. Lanzamiento: 1904.\",\"meta\":{\"year\":\"1904\",\"length_formatted\":\"9:19\"},\"image\":{\"src\":\"https:\\\/\\\/www.medellin.gov.co\\\/es\\\/wp-includes\\\/images\\\/media\\\/audio.png\",\"width\":48,\"height\":64},\"thumb\":{\"src\":\"https:\\\/\\\/www.medellin.gov.co\\\/es\\\/wp-includes\\\/images\\\/media\\\/audio.png\",\"width\":48,\"height\":64}},{\"src\":\"https:\\\/\\\/www.medellin.gov.co\\\/es\\\/wp-content\\\/uploads\\\/2025\\\/11\\\/Declaraciones-cirujano-cardiovascular-Lucas-Ramirez-Gil.mp3\",\"type\":\"audio\\\/mpeg\",\"title\":\"Declaraciones cirujano cardiovascular, Lucas Ram\\u00edrez Gil\",\"caption\":\"\",\"description\":\"\\u00abDeclaraciones cirujano cardiovascular, Lucas Ram\\u00edrez Gil\\u00bb. Lanzamiento: 1904.\",\"meta\":{\"year\":\"1904\",\"length_formatted\":\"8:23\"},\"image\":{\"src\":\"https:\\\/\\\/www.medellin.gov.co\\\/es\\\/wp-includes\\\/images\\\/media\\\/audio.png\",\"width\":48,\"height\":64},\"thumb\":{\"src\":\"https:\\\/\\\/www.medellin.gov.co\\\/es\\\/wp-includes\\\/images\\\/media\\\/audio.png\",\"width\":48,\"height\":64}}]}<\/script>\n<\/div>\n\t\n<p>El alcalde Federico Guti\u00e9rrez Zuluaga resalt\u00f3 que el Hospital General de Medell\u00edn (HGM) marc\u00f3 un nuevo hito en la historia de la salud p\u00fablica del pa\u00eds al realizar el primer trasplante de coraz\u00f3n en una instituci\u00f3n de esta \u00edndole, descentralizada y que pertenece al Distrito, reafirmando el liderazgo m\u00e9dico y cient\u00edfico de la ciudad en procedimientos de alta complejidad.<\/p>\n<p>\u201cEste hospital nos llena de orgullo y gracias a toda su gente, muestra c\u00f3mo en medio de una crisis tan grande y tan absurda, generada desde el sector nacional, desde Medell\u00edn estamos sosteniendo la red p\u00fablica de salud, y c\u00f3mo estamos llevando a un mejor nivel al Hospital General\u201d, afirm\u00f3 el alcalde Federico Guti\u00e9rrez.<\/p>\n<p><img loading=\"lazy\" class=\"alignnone wp-image-475729 size-full\" title=\"Alcalde de Medell\u00edn Federico Guti\u00e9rrez\" src=\"https:\/\/www.medellin.gov.co\/es\/wp-content\/uploads\/2025\/11\/Imagen-en-Medellin-se-realizo-primer-trasplante-de-corazon-2.jpg\" alt=\"Imagen en Medell\u00edn se realiz\u00f3 primer trasplante de coraz\u00f3n (2)\" width=\"1133\" height=\"850\" srcset=\"https:\/\/www.medellin.gov.co\/es\/wp-content\/uploads\/2025\/11\/Imagen-en-Medellin-se-realizo-primer-trasplante-de-corazon-2.jpg 1133w, https:\/\/www.medellin.gov.co\/es\/wp-content\/uploads\/2025\/11\/Imagen-en-Medellin-se-realizo-primer-trasplante-de-corazon-2-300x225.jpg 300w, https:\/\/www.medellin.gov.co\/es\/wp-content\/uploads\/2025\/11\/Imagen-en-Medellin-se-realizo-primer-trasplante-de-corazon-2-1024x768.jpg 1024w, https:\/\/www.medellin.gov.co\/es\/wp-content\/uploads\/2025\/11\/Imagen-en-Medellin-se-realizo-primer-trasplante-de-corazon-2-150x113.jpg 150w, https:\/\/www.medellin.gov.co\/es\/wp-content\/uploads\/2025\/11\/Imagen-en-Medellin-se-realizo-primer-trasplante-de-corazon-2-768x576.jpg 768w\" sizes=\"(max-width: 1133px) 100vw, 1133px\" \/><\/p>\n<p>El avance es un paso decisivo para el sistema de salud colombiano; abre nuevas oportunidades de acceso para pacientes vulnerables y del r\u00e9gimen subsidiado.<\/p>\n<p>\u201cHace 40 a\u00f1os se hizo el primer trasplante de coraz\u00f3n en Colombia y 40 a\u00f1os despu\u00e9s se hace ya en una entidad 100 % p\u00fablica. Esto quiere decir que un hospital p\u00fablico y toda la salud en Colombia s\u00ed puede ser de m\u00e1xima calidad y puede ser excelente. Esta es una noticia, por supuesto, que marca un hito en la historia m\u00e9dica, no solo en Colombia sino para la salud p\u00fablica, para un hospital como el General\u201d, agreg\u00f3 el alcalde.<\/p>\n<p>La intervenci\u00f3n fue realizada a una paciente con falla card\u00edaca terminal, afiliada al r\u00e9gimen subsidiado, quien recibi\u00f3 el coraz\u00f3n de un donante intrahospitalario diagnosticado con muerte por criterios neurol\u00f3gicos. El \u00f3rgano fue trasladado directamente de un quir\u00f3fano a otro dentro del HGM, en una operaci\u00f3n que combin\u00f3 precisi\u00f3n, oportunidad y sincron\u00eda entre los equipos quir\u00fargicos. La paciente, oriunda del Choc\u00f3 y residente en Medell\u00edn, se encuentra en recuperaci\u00f3n con evoluci\u00f3n favorable en la Unidad de Cuidados Intensivos.<\/p>\n<p>\u201cEsta mujer, de 59 a\u00f1os, es vulnerable y fue desplazada por la violencia; su condici\u00f3n cr\u00edtica, no solo en condici\u00f3n m\u00e9dica sino econ\u00f3mica, lo que volv\u00eda muy inviable, seguramente para ella, poder seguir con vida. Es del r\u00e9gimen subsidiado, entonces no puede ser sin\u00f3nimo en Colombia que solo una persona que tenga plata o que tenga dinero puede acceder entonces a una donaci\u00f3n de coraz\u00f3n\u201d, enfatiz\u00f3.<\/p>\n<p>Debido a la alta carga social y econ\u00f3mica de esta enfermedad el trasplante de coraz\u00f3n se convierte en la alternativa terap\u00e9utica que mejor costo-beneficio tiene para este tipo de pacientes y sus aseguradores, cuando ya se han agotado las dem\u00e1s opciones de tratamiento, y permite una reincorporaci\u00f3n a la normalidad en condiciones \u00f3ptimas, disminuci\u00f3n de rehospitalizaciones y s\u00edntomas.<\/p>\n<p><img loading=\"lazy\" class=\"alignnone wp-image-475727 size-full\" title=\"En Medell\u00edn se realiz\u00f3 primer trasplante de coraz\u00f3n\" src=\"https:\/\/www.medellin.gov.co\/es\/wp-content\/uploads\/2025\/11\/Imagen-en-Medellin-se-realizo-primer-trasplante-de-corazon-3.jpg\" alt=\"Imagen en Medell\u00edn se realiz\u00f3 primer trasplante de coraz\u00f3n (3)\" width=\"1274\" height=\"850\" srcset=\"https:\/\/www.medellin.gov.co\/es\/wp-content\/uploads\/2025\/11\/Imagen-en-Medellin-se-realizo-primer-trasplante-de-corazon-3.jpg 1274w, https:\/\/www.medellin.gov.co\/es\/wp-content\/uploads\/2025\/11\/Imagen-en-Medellin-se-realizo-primer-trasplante-de-corazon-3-300x200.jpg 300w, https:\/\/www.medellin.gov.co\/es\/wp-content\/uploads\/2025\/11\/Imagen-en-Medellin-se-realizo-primer-trasplante-de-corazon-3-1024x683.jpg 1024w, https:\/\/www.medellin.gov.co\/es\/wp-content\/uploads\/2025\/11\/Imagen-en-Medellin-se-realizo-primer-trasplante-de-corazon-3-150x100.jpg 150w, https:\/\/www.medellin.gov.co\/es\/wp-content\/uploads\/2025\/11\/Imagen-en-Medellin-se-realizo-primer-trasplante-de-corazon-3-768x512.jpg 768w\" sizes=\"(max-width: 1274px) 100vw, 1274px\" \/><\/p>\n<p>El Programa de Trasplante Card\u00edaco del HGM, inscrito ante la Red Nacional de Donaci\u00f3n y Trasplantes del Instituto Nacional de Salud; est\u00e1 conformado por un equipo multidisciplinario de cirujanos cardiovasculares, anestesi\u00f3logos, intensivistas, cardi\u00f3logos, perfusionistas, intrumentadores, personal de enfermer\u00eda y una coordinaci\u00f3n que dirige y articula el proceso.<\/p>\n<p>Bajo la premisa: sin donantes no hay trasplantes, la instituci\u00f3n contin\u00faa promoviendo la cultura de la donaci\u00f3n. Con la implementaci\u00f3n de la ruta para la atenci\u00f3n integral del paciente neurocr\u00edtico se fortalece la generaci\u00f3n intrahospitalaria de donantes.<\/p>\n<p>Este es el resultado de la implementaci\u00f3n rigurosa de est\u00e1ndares de calidad y seguridad impulsados por la Acreditaci\u00f3n en Salud del HGM, que han permitido fortalecer los procesos cl\u00ednicos y asistenciales para alcanzar resultados con seguridad y efectividad.<\/p>\n","protected":false},"excerpt":{"rendered":"<p>El Hospital General ha logrado rescatar 22 corazones que han beneficiado a pacientes en Medell\u00edn, Cali y Bucaramanga. Cuarenta a\u00f1os despu\u00e9s del primer trasplante de coraz\u00f3n en Colombia, el HGM realiza el primero en un &#8230;<\/p>\n","protected":false},"author":95,"featured_media":475728,"comment_status":"open","ping_status":"open","sticky":false,"template":"","format":"standard","meta":[],"categories":[17],"tags":[451,455,452],"formato_nota":[],"programas_tax":[],"acf":[],"_links":{"self":[{"href":"https:\/\/www.medellin.gov.co\/es\/wp-json\/wp\/v2\/posts\/475719"}],"collection":[{"href":"https:\/\/www.medellin.gov.co\/es\/wp-json\/wp\/v2\/posts"}],"about":[{"href":"https:\/\/www.medellin.gov.co\/es\/wp-json\/wp\/v2\/types\/post"}],"author":[{"embeddable":true,"href":"https:\/\/www.medellin.gov.co\/es\/wp-json\/wp\/v2\/users\/95"}],"replies":[{"embeddable":true,"href":"https:\/\/www.medellin.gov.co\/es\/wp-json\/wp\/v2\/comments?post=475719"}],"version-history":[{"count":1,"href":"https:\/\/www.medellin.gov.co\/es\/wp-json\/wp\/v2\/posts\/475719\/revisions"}],"predecessor-version":[{"id":475739,"href":"https:\/\/www.medellin.gov.co\/es\/wp-json\/wp\/v2\/posts\/475719\/revisions\/475739"}],"wp:featuredmedia":[{"embeddable":true,"href":"https:\/\/www.medellin.gov.co\/es\/wp-json\/wp\/v2\/media\/475728"}],"wp:attachment":[{"href":"https:\/\/www.medellin.gov.co\/es\/wp-json\/wp\/v2\/media?parent=475719"}],"wp:term":[{"taxonomy":"category","embeddable":true,"href":"https:\/\/www.medellin.gov.co\/es\/wp-json\/wp\/v2\/categories?post=475719"},{"taxonomy":"post_tag","embeddable":true,"href":"https:\/\/www.medellin.gov.co\/es\/wp-json\/wp\/v2\/tags?post=475719"},{"taxonomy":"formato_nota","embeddable":true,"href":"https:\/\/www.medellin.gov.co\/es\/wp-json\/wp\/v2\/formato_nota?post=475719"},{"taxonomy":"programas_tax","embeddable":true,"href":"https:\/\/www.medellin.gov.co\/es\/wp-json\/wp\/v2\/programas_tax?post=475719"}],"curies":[{"name":"wp","href":"https:\/\/api.w.org\/{rel}","templated":true}]}}