{"id":475855,"date":"2025-11-12T15:42:47","date_gmt":"2025-11-12T20:42:47","guid":{"rendered":"https:\/\/www.medellin.gov.co\/es\/?p=475855"},"modified":"2025-11-12T15:42:47","modified_gmt":"2025-11-12T20:42:47","slug":"autoridades-de-medellin-capturaron-en-laureles-a-un-falso-mensajero-que-portaba-un-arma-con-silenciador","status":"publish","type":"post","link":"https:\/\/www.medellin.gov.co\/es\/sala-de-prensa\/noticias\/autoridades-de-medellin-capturaron-en-laureles-a-un-falso-mensajero-que-portaba-un-arma-con-silenciador\/","title":{"rendered":"Autoridades de Medell\u00edn capturaron en Laureles a un falso mensajero que portaba un arma con silenciador"},"content":{"rendered":"<ul>\n<li>El hombre, que ya fue puesto a disposici\u00f3n de la Fiscal\u00eda, se movilizaba en moto y vest\u00eda uniforme de una empresa de mensajer\u00eda. Portaba un arma y 10 cartuchos.<\/li>\n<li>En lo corrido de este a\u00f1o, van 1.694 capturas por hurto y m\u00e1s de 10.500 detenciones totales en Medell\u00edn.<\/li>\n<li>Durante 2025, los hurtos a personas han disminuido un 14 %, con 3.133 casos menos, y el hurto de motos un 25 %, con 1.420 casos menos, respecto a 2024.<\/li>\n<\/ul>\n<!--[if lt IE 9]><script>document.createElement('audio');<\/script><![endif]-->\n\t<div class=\"wp-playlist wp-audio-playlist wp-playlist-light\">\n\t\t\t<div class=\"wp-playlist-current-item\"><\/div>\n\t\t<audio controls=\"controls\" preload=\"none\" width=\"640\"\n\t\t\t><\/audio>\n\t<div class=\"wp-playlist-next\"><\/div>\n\t<div class=\"wp-playlist-prev\"><\/div>\n\t<noscript>\n\t<ol>\n\t\t<li><a href='https:\/\/www.medellin.gov.co\/es\/wp-content\/uploads\/2025\/11\/Declaraciones-secretario-de-Seguridad-y-Convivencia-Manuel-Villa-Mejia.mp3'>Declaraciones secretario de Seguridad y Convivencia, Manuel Villa Mej\u00eda<\/a><\/li>\t<\/ol>\n\t<\/noscript>\n\t<script type=\"application\/json\" class=\"wp-playlist-script\">{\"type\":\"audio\",\"tracklist\":true,\"tracknumbers\":true,\"images\":true,\"artists\":true,\"tracks\":[{\"src\":\"https:\\\/\\\/www.medellin.gov.co\\\/es\\\/wp-content\\\/uploads\\\/2025\\\/11\\\/Declaraciones-secretario-de-Seguridad-y-Convivencia-Manuel-Villa-Mejia.mp3\",\"type\":\"audio\\\/mpeg\",\"title\":\"Declaraciones secretario de Seguridad y Convivencia, Manuel Villa Mej\\u00eda\",\"caption\":\"\",\"description\":\"\\u00abDeclaraciones secretario de Seguridad y Convivencia, Manuel Villa Mej\\u00eda\\u00bb. G\\u00e9nero: Blues.\",\"meta\":{\"genre\":\"Blues\",\"length_formatted\":\"1:21\"},\"image\":{\"src\":\"https:\\\/\\\/www.medellin.gov.co\\\/es\\\/wp-includes\\\/images\\\/media\\\/audio.png\",\"width\":48,\"height\":64},\"thumb\":{\"src\":\"https:\\\/\\\/www.medellin.gov.co\\\/es\\\/wp-includes\\\/images\\\/media\\\/audio.png\",\"width\":48,\"height\":64}}]}<\/script>\n<\/div>\n\t\n<p>Las autoridades de Medell\u00edn capturaron en flagrancia a un hombre de 42 a\u00f1os, en medio de un operativo de control en la avenida Bolivariana con carrera 65, liderado por uniformados de la Estaci\u00f3n de Polic\u00eda Laureles, en articulaci\u00f3n con la Administraci\u00f3n Distrital. El se\u00f1alado se movilizaba en una motocicleta y estaba vestido con el uniforme de una reconocida empresa de encomiendas, como fachada para desplazarse sin levantar sospechas.<\/p>\n<p>En medio del registro, los agentes hallaron en su poder una pistola con supresor de sonido y 10 cartuchos, sin permiso para porte legal. La r\u00e1pida reacci\u00f3n de las unidades permiti\u00f3 evitar que el arma fuera empleada para cometer delitos en zonas de la comuna 11, Laureles-Estadio. Aunque el capturado no present\u00f3 antecedentes judiciales vigentes, ser\u00e1 investigado por posibles v\u00ednculos con redes dedicadas al hurto a personas y motocicletas en la ciudad.<\/p>\n<p>\u201cMedell\u00edn contin\u00faa cerr\u00e1ndole el paso a la delincuencia con resultados contundentes. Este a\u00f1o hemos capturado a m\u00e1s de 1.600 personas por hurto y a 10.554 por diferentes delitos, gracias al trabajo articulado con la Polic\u00eda Metropolitana y a los patrullajes focalizados en zonas de alto impacto\u201d, se\u00f1al\u00f3 el secretario de Seguridad y Convivencia, Manuel Villa Mej\u00eda.<\/p>\n<p><img loading=\"lazy\" class=\"alignnone wp-image-475857 size-full\" title=\"Autoridades de Medell\u00edn capturaron en Laureles a un falso mensajero\" src=\"https:\/\/www.medellin.gov.co\/es\/wp-content\/uploads\/2025\/11\/Imagen-autoridades-de-Medellin-capturaron-en-Laureles-a-un-falso-mensajero-2.jpg\" alt=\"Imagen autoridades de Medell\u00edn capturaron en Laureles a un falso mensajero (2)\" width=\"1280\" height=\"720\" srcset=\"https:\/\/www.medellin.gov.co\/es\/wp-content\/uploads\/2025\/11\/Imagen-autoridades-de-Medellin-capturaron-en-Laureles-a-un-falso-mensajero-2.jpg 1280w, https:\/\/www.medellin.gov.co\/es\/wp-content\/uploads\/2025\/11\/Imagen-autoridades-de-Medellin-capturaron-en-Laureles-a-un-falso-mensajero-2-300x169.jpg 300w, https:\/\/www.medellin.gov.co\/es\/wp-content\/uploads\/2025\/11\/Imagen-autoridades-de-Medellin-capturaron-en-Laureles-a-un-falso-mensajero-2-1024x576.jpg 1024w, https:\/\/www.medellin.gov.co\/es\/wp-content\/uploads\/2025\/11\/Imagen-autoridades-de-Medellin-capturaron-en-Laureles-a-un-falso-mensajero-2-150x84.jpg 150w, https:\/\/www.medellin.gov.co\/es\/wp-content\/uploads\/2025\/11\/Imagen-autoridades-de-Medellin-capturaron-en-Laureles-a-un-falso-mensajero-2-768x432.jpg 768w\" sizes=\"(max-width: 1280px) 100vw, 1280px\" \/><\/p>\n<p>Este caso se suma a las acciones de control permanente que la Polic\u00eda y la Secretar\u00eda de Seguridad adelantan en corredores estrat\u00e9gicos del occidente de Medell\u00edn, una estrategia que se mantiene en toda la ciudad. As\u00ed, en lo corrido de 2025, los hurtos a personas han disminuido un 14 %, con 3.133 casos menos, y el hurto de motos un 25 %, con 1.420 casos menos, en relaci\u00f3n con el mismo periodo de 2024.<\/p>\n<p>\u201cNo vamos a permitir disfraces del crimen ni trampas a la autoridad. Cada captura fortalece la confianza ciudadana y demuestra que la presencia institucional es permanente\u201d, enfatiz\u00f3 el secretario Villa Mej\u00eda.<\/p>\n<p>Tras la captura, el hombre fue dejado a disposici\u00f3n de la Fiscal\u00eda, por el delito de fabricaci\u00f3n, tr\u00e1fico, porte o tenencia de armas de fuego, mientras que la motocicleta fue inmovilizada como elemento material probatorio. Las autoridades contin\u00faan investigando si el arma incautada ha sido utilizada en hechos delictivos.<\/p>\n","protected":false},"excerpt":{"rendered":"<p>El hombre, que ya fue puesto a disposici\u00f3n de la Fiscal\u00eda, se movilizaba en moto y vest\u00eda uniforme de una empresa de mensajer\u00eda. Portaba un arma y 10 cartuchos. En lo corrido de este a\u00f1o, &#8230;<\/p>\n","protected":false},"author":95,"featured_media":475858,"comment_status":"open","ping_status":"open","sticky":false,"template":"","format":"standard","meta":[],"categories":[21],"tags":[619],"formato_nota":[],"programas_tax":[],"acf":[],"_links":{"self":[{"href":"https:\/\/www.medellin.gov.co\/es\/wp-json\/wp\/v2\/posts\/475855"}],"collection":[{"href":"https:\/\/www.medellin.gov.co\/es\/wp-json\/wp\/v2\/posts"}],"about":[{"href":"https:\/\/www.medellin.gov.co\/es\/wp-json\/wp\/v2\/types\/post"}],"author":[{"embeddable":true,"href":"https:\/\/www.medellin.gov.co\/es\/wp-json\/wp\/v2\/users\/95"}],"replies":[{"embeddable":true,"href":"https:\/\/www.medellin.gov.co\/es\/wp-json\/wp\/v2\/comments?post=475855"}],"version-history":[{"count":1,"href":"https:\/\/www.medellin.gov.co\/es\/wp-json\/wp\/v2\/posts\/475855\/revisions"}],"predecessor-version":[{"id":475863,"href":"https:\/\/www.medellin.gov.co\/es\/wp-json\/wp\/v2\/posts\/475855\/revisions\/475863"}],"wp:featuredmedia":[{"embeddable":true,"href":"https:\/\/www.medellin.gov.co\/es\/wp-json\/wp\/v2\/media\/475858"}],"wp:attachment":[{"href":"https:\/\/www.medellin.gov.co\/es\/wp-json\/wp\/v2\/media?parent=475855"}],"wp:term":[{"taxonomy":"category","embeddable":true,"href":"https:\/\/www.medellin.gov.co\/es\/wp-json\/wp\/v2\/categories?post=475855"},{"taxonomy":"post_tag","embeddable":true,"href":"https:\/\/www.medellin.gov.co\/es\/wp-json\/wp\/v2\/tags?post=475855"},{"taxonomy":"formato_nota","embeddable":true,"href":"https:\/\/www.medellin.gov.co\/es\/wp-json\/wp\/v2\/formato_nota?post=475855"},{"taxonomy":"programas_tax","embeddable":true,"href":"https:\/\/www.medellin.gov.co\/es\/wp-json\/wp\/v2\/programas_tax?post=475855"}],"curies":[{"name":"wp","href":"https:\/\/api.w.org\/{rel}","templated":true}]}}