{"id":475891,"date":"2025-11-12T17:08:55","date_gmt":"2025-11-12T22:08:55","guid":{"rendered":"https:\/\/www.medellin.gov.co\/es\/?p=475891"},"modified":"2025-11-12T17:10:15","modified_gmt":"2025-11-12T22:10:15","slug":"del-abandono-a-cancha-certificada-por-la-fifa-federico-gutierrez-entrego-espacio-deportivo-en-el-oriente-de-medellin","status":"publish","type":"post","link":"https:\/\/www.medellin.gov.co\/es\/sala-de-prensa\/noticias\/del-abandono-a-cancha-certificada-por-la-fifa-federico-gutierrez-entrego-espacio-deportivo-en-el-oriente-de-medellin\/","title":{"rendered":"Del abandono a cancha certificada por la FIFA: Federico Guti\u00e9rrez entreg\u00f3 espacio deportivo en el oriente de Medell\u00edn"},"content":{"rendered":"<ul>\n<li>El escenario beneficia a cerca de 19.000 habitantes de la comuna 9-Buenos Aires y es usado por clubes, corporaciones de f\u00fatbol y las Escuelas Populares del Deporte.<\/li>\n<li>Con una inversi\u00f3n de m\u00e1s de $3.600 millones, la Alcald\u00eda transform\u00f3 esta cancha de arenilla en una de grama sint\u00e9tica con est\u00e1ndares FIFA Basic.<\/li>\n<\/ul>\n<!--[if lt IE 9]><script>document.createElement('audio');<\/script><![endif]-->\n\t<div class=\"wp-playlist wp-audio-playlist wp-playlist-light\">\n\t\t\t<div class=\"wp-playlist-current-item\"><\/div>\n\t\t<audio controls=\"controls\" preload=\"none\" width=\"640\"\n\t\t\t><\/audio>\n\t<div class=\"wp-playlist-next\"><\/div>\n\t<div class=\"wp-playlist-prev\"><\/div>\n\t<noscript>\n\t<ol>\n\t\t<li><a href='https:\/\/www.medellin.gov.co\/es\/wp-content\/uploads\/2025\/11\/Declaraciones-alcalde-de-Medellin-Federico-Gutierrez-3.mp3'>Declaraciones alcalde de Medell\u00edn Federico Guti\u00e9rrez<\/a><\/li>\t<\/ol>\n\t<\/noscript>\n\t<script type=\"application\/json\" class=\"wp-playlist-script\">{\"type\":\"audio\",\"tracklist\":true,\"tracknumbers\":true,\"images\":true,\"artists\":true,\"tracks\":[{\"src\":\"https:\\\/\\\/www.medellin.gov.co\\\/es\\\/wp-content\\\/uploads\\\/2025\\\/11\\\/Declaraciones-alcalde-de-Medellin-Federico-Gutierrez-3.mp3\",\"type\":\"audio\\\/mpeg\",\"title\":\"Declaraciones alcalde de Medell\\u00edn Federico Guti\\u00e9rrez\",\"caption\":\"\",\"description\":\"\\u00abDeclaraciones alcalde de Medell\\u00edn Federico Guti\\u00e9rrez\\u00bb. G\\u00e9nero: Blues.\",\"meta\":{\"genre\":\"Blues\",\"length_formatted\":\"1:05\"},\"image\":{\"src\":\"https:\\\/\\\/www.medellin.gov.co\\\/es\\\/wp-includes\\\/images\\\/media\\\/audio.png\",\"width\":48,\"height\":64},\"thumb\":{\"src\":\"https:\\\/\\\/www.medellin.gov.co\\\/es\\\/wp-includes\\\/images\\\/media\\\/audio.png\",\"width\":48,\"height\":64}}]}<\/script>\n<\/div>\n\t\n<p>El alcalde Federico Guti\u00e9rrez Zuluaga entreg\u00f3 la cancha sint\u00e9tica Caunces de Oriente, ubicada en la comuna 9-Buenos Aires, como parte del avance del Plan 282\u201325. El escenario tiene ahora grama sint\u00e9tica de \u00faltima generaci\u00f3n y certificaci\u00f3n <a href=\"https:\/\/www.theifab.com\/es\/laws\/latest\/fifa-quality-programme\/\" target=\"_blank\" rel=\"noopener\">FIFA Basic<\/a>. Este cambio mejora las condiciones de pr\u00e1ctica y permite el uso del campo, incluso bajo la lluvia, gracias a los nuevos sistemas de filtraci\u00f3n y drenaje.<\/p>\n\n\t\t<style type=\"text\/css\">\n\t\t\t#gallery-1 {\n\t\t\t\tmargin: auto;\n\t\t\t}\n\t\t\t#gallery-1 .gallery-item {\n\t\t\t\tfloat: left;\n\t\t\t\tmargin-top: 10px;\n\t\t\t\ttext-align: center;\n\t\t\t\twidth: 50%;\n\t\t\t}\n\t\t\t#gallery-1 img {\n\t\t\t\tborder: 2px solid #cfcfcf;\n\t\t\t}\n\t\t\t#gallery-1 .gallery-caption {\n\t\t\t\tmargin-left: 0;\n\t\t\t}\n\t\t\t\/* see gallery_shortcode() in wp-includes\/media.php *\/\n\t\t<\/style>\n\t\t<div id='gallery-1' class='gallery galleryid-475891 gallery-columns-2 gallery-size-full'><dl class='gallery-item'>\n\t\t\t<dt class='gallery-icon landscape'>\n\t\t\t\t<a href='https:\/\/www.medellin.gov.co\/es\/sala-de-prensa\/noticias\/del-abandono-a-cancha-certificada-por-la-fifa-federico-gutierrez-entrego-espacio-deportivo-en-el-oriente-de-medellin\/imagen-cancha-certificada-por-la-fifa-1\/'><img width=\"1276\" height=\"850\" src=\"https:\/\/www.medellin.gov.co\/es\/wp-content\/uploads\/2025\/11\/Imagen-cancha-certificada-por-la-FIFA-1.jpg\" class=\"attachment-full size-full\" alt=\"Imagen cancha certificada por la FIFA (1)\" loading=\"lazy\" srcset=\"https:\/\/www.medellin.gov.co\/es\/wp-content\/uploads\/2025\/11\/Imagen-cancha-certificada-por-la-FIFA-1.jpg 1276w, https:\/\/www.medellin.gov.co\/es\/wp-content\/uploads\/2025\/11\/Imagen-cancha-certificada-por-la-FIFA-1-300x200.jpg 300w, https:\/\/www.medellin.gov.co\/es\/wp-content\/uploads\/2025\/11\/Imagen-cancha-certificada-por-la-FIFA-1-1024x682.jpg 1024w, https:\/\/www.medellin.gov.co\/es\/wp-content\/uploads\/2025\/11\/Imagen-cancha-certificada-por-la-FIFA-1-150x100.jpg 150w, https:\/\/www.medellin.gov.co\/es\/wp-content\/uploads\/2025\/11\/Imagen-cancha-certificada-por-la-FIFA-1-768x512.jpg 768w\" sizes=\"(max-width: 1276px) 100vw, 1276px\" \/><\/a>\n\t\t\t<\/dt><\/dl><dl class='gallery-item'>\n\t\t\t<dt class='gallery-icon landscape'>\n\t\t\t\t<a href='https:\/\/www.medellin.gov.co\/es\/sala-de-prensa\/noticias\/del-abandono-a-cancha-certificada-por-la-fifa-federico-gutierrez-entrego-espacio-deportivo-en-el-oriente-de-medellin\/imagen-cancha-certificada-por-la-fifa-5\/'><img width=\"1276\" height=\"850\" src=\"https:\/\/www.medellin.gov.co\/es\/wp-content\/uploads\/2025\/11\/Imagen-cancha-certificada-por-la-FIFA-5.jpg\" class=\"attachment-full size-full\" alt=\"Imagen cancha certificada por la FIFA (5)\" loading=\"lazy\" srcset=\"https:\/\/www.medellin.gov.co\/es\/wp-content\/uploads\/2025\/11\/Imagen-cancha-certificada-por-la-FIFA-5.jpg 1276w, https:\/\/www.medellin.gov.co\/es\/wp-content\/uploads\/2025\/11\/Imagen-cancha-certificada-por-la-FIFA-5-300x200.jpg 300w, https:\/\/www.medellin.gov.co\/es\/wp-content\/uploads\/2025\/11\/Imagen-cancha-certificada-por-la-FIFA-5-1024x682.jpg 1024w, https:\/\/www.medellin.gov.co\/es\/wp-content\/uploads\/2025\/11\/Imagen-cancha-certificada-por-la-FIFA-5-150x100.jpg 150w, https:\/\/www.medellin.gov.co\/es\/wp-content\/uploads\/2025\/11\/Imagen-cancha-certificada-por-la-FIFA-5-768x512.jpg 768w\" sizes=\"(max-width: 1276px) 100vw, 1276px\" \/><\/a>\n\t\t\t<\/dt><\/dl><br style=\"clear: both\" \/>\n\t\t<\/div>\n\n<p>Antes de su transformaci\u00f3n, este lugar contaba con superficie de arenilla y era utilizado por clubes deportivos, corporaciones de f\u00fatbol y las Escuelas Populares del Deporte del Inder. Con la renovaci\u00f3n, se espera que los habitantes de la comuna disfruten de un espacio moderno, seguro e incluyente para el encuentro comunitario y la recreaci\u00f3n.<\/p>\n<p>\u201cEste espacio era una cancha abandonada, de arenilla y le entregamos un nuevo espacio deportivo a la ciudad: grama sint\u00e9tica, cerramiento, se hizo ampliaci\u00f3n de grader\u00edas, se tech\u00f3\u201d, afirm\u00f3 el alcalde Federico Guti\u00e9rrez Zuluaga.<\/p>\n<p>La obra incluy\u00f3 la construcci\u00f3n de dos m\u00f3dulos de camerinos con ba\u00f1os y duchas, la ampliaci\u00f3n y modernizaci\u00f3n de las grader\u00edas con cubierta, la instalaci\u00f3n de un nuevo cerramiento perimetral para mayor control y seguridad, y un campo de infiltraci\u00f3n junto a la quebrada, que protege la infraestructura ante posibles desbordamientos. Adem\u00e1s, se realizaron mejoras en los accesos y circulaciones, con espacios para personas con movilidad reducida y mayores.<\/p>\n\n\t\t<style type=\"text\/css\">\n\t\t\t#gallery-2 {\n\t\t\t\tmargin: auto;\n\t\t\t}\n\t\t\t#gallery-2 .gallery-item {\n\t\t\t\tfloat: left;\n\t\t\t\tmargin-top: 10px;\n\t\t\t\ttext-align: center;\n\t\t\t\twidth: 50%;\n\t\t\t}\n\t\t\t#gallery-2 img {\n\t\t\t\tborder: 2px solid #cfcfcf;\n\t\t\t}\n\t\t\t#gallery-2 .gallery-caption {\n\t\t\t\tmargin-left: 0;\n\t\t\t}\n\t\t\t\/* see gallery_shortcode() in wp-includes\/media.php *\/\n\t\t<\/style>\n\t\t<div id='gallery-2' class='gallery galleryid-475891 gallery-columns-2 gallery-size-full'><dl class='gallery-item'>\n\t\t\t<dt class='gallery-icon landscape'>\n\t\t\t\t<a href='https:\/\/www.medellin.gov.co\/es\/sala-de-prensa\/noticias\/del-abandono-a-cancha-certificada-por-la-fifa-federico-gutierrez-entrego-espacio-deportivo-en-el-oriente-de-medellin\/imagen-cancha-certificada-por-la-fifa-2\/'><img width=\"1276\" height=\"850\" src=\"https:\/\/www.medellin.gov.co\/es\/wp-content\/uploads\/2025\/11\/Imagen-cancha-certificada-por-la-FIFA-2.jpg\" class=\"attachment-full size-full\" alt=\"Imagen cancha certificada por la FIFA (2)\" loading=\"lazy\" srcset=\"https:\/\/www.medellin.gov.co\/es\/wp-content\/uploads\/2025\/11\/Imagen-cancha-certificada-por-la-FIFA-2.jpg 1276w, https:\/\/www.medellin.gov.co\/es\/wp-content\/uploads\/2025\/11\/Imagen-cancha-certificada-por-la-FIFA-2-300x200.jpg 300w, https:\/\/www.medellin.gov.co\/es\/wp-content\/uploads\/2025\/11\/Imagen-cancha-certificada-por-la-FIFA-2-1024x682.jpg 1024w, https:\/\/www.medellin.gov.co\/es\/wp-content\/uploads\/2025\/11\/Imagen-cancha-certificada-por-la-FIFA-2-150x100.jpg 150w, https:\/\/www.medellin.gov.co\/es\/wp-content\/uploads\/2025\/11\/Imagen-cancha-certificada-por-la-FIFA-2-768x512.jpg 768w\" sizes=\"(max-width: 1276px) 100vw, 1276px\" \/><\/a>\n\t\t\t<\/dt><\/dl><dl class='gallery-item'>\n\t\t\t<dt class='gallery-icon landscape'>\n\t\t\t\t<a href='https:\/\/www.medellin.gov.co\/es\/sala-de-prensa\/noticias\/del-abandono-a-cancha-certificada-por-la-fifa-federico-gutierrez-entrego-espacio-deportivo-en-el-oriente-de-medellin\/imagen-cancha-certificada-por-la-fifa-3\/'><img width=\"1276\" height=\"850\" src=\"https:\/\/www.medellin.gov.co\/es\/wp-content\/uploads\/2025\/11\/Imagen-cancha-certificada-por-la-FIFA-3.jpg\" class=\"attachment-full size-full\" alt=\"Imagen cancha certificada por la FIFA (3)\" loading=\"lazy\" srcset=\"https:\/\/www.medellin.gov.co\/es\/wp-content\/uploads\/2025\/11\/Imagen-cancha-certificada-por-la-FIFA-3.jpg 1276w, https:\/\/www.medellin.gov.co\/es\/wp-content\/uploads\/2025\/11\/Imagen-cancha-certificada-por-la-FIFA-3-300x200.jpg 300w, https:\/\/www.medellin.gov.co\/es\/wp-content\/uploads\/2025\/11\/Imagen-cancha-certificada-por-la-FIFA-3-1024x682.jpg 1024w, https:\/\/www.medellin.gov.co\/es\/wp-content\/uploads\/2025\/11\/Imagen-cancha-certificada-por-la-FIFA-3-150x100.jpg 150w, https:\/\/www.medellin.gov.co\/es\/wp-content\/uploads\/2025\/11\/Imagen-cancha-certificada-por-la-FIFA-3-768x512.jpg 768w\" sizes=\"(max-width: 1276px) 100vw, 1276px\" \/><\/a>\n\t\t\t<\/dt><\/dl><br style=\"clear: both\" \/>\n\t\t<\/div>\n\n<p>Esta entrega se enmarca en Un Escenario Llamado Medell\u00edn, una campa\u00f1a del Inder que promueve la apropiaci\u00f3n y el cuidado responsable de los escenarios deportivos. Aunque la Administraci\u00f3n Distrital invierte en su renovaci\u00f3n y mantenimiento, la sostenibilidad de estos espacios depende del compromiso de la ciudadan\u00eda para preservarlos y disfrutarlos.<\/p>\n<p>\u201cEstamos transformando la ciudad, llen\u00e1ndola de buenos escenarios deportivos, recuperando los que hab\u00edamos recibido destruidos m\u00e1s todos estos que la comunidad ped\u00eda hace m\u00e1s de 40 a\u00f1os. Y vamos a seguir invirtiendo por todas partes. Me alegra mucho, porque esto es por el deporte, la salud mental y f\u00edsica de ni\u00f1os, j\u00f3venes comunidad, la tercera edad. Aqu\u00ed est\u00e1n invertidos los impuestos de todos\u201d, agreg\u00f3 el mandatario.<\/p>\n<p><img loading=\"lazy\" class=\"alignnone wp-image-475892 size-full\" title=\"Cancha certificada por la FIFA\" src=\"https:\/\/www.medellin.gov.co\/es\/wp-content\/uploads\/2025\/11\/Imagen-cancha-certificada-por-la-FIFA-7.jpg\" alt=\"Imagen cancha certificada por la FIFA (7)\" width=\"1133\" height=\"850\" srcset=\"https:\/\/www.medellin.gov.co\/es\/wp-content\/uploads\/2025\/11\/Imagen-cancha-certificada-por-la-FIFA-7.jpg 1133w, https:\/\/www.medellin.gov.co\/es\/wp-content\/uploads\/2025\/11\/Imagen-cancha-certificada-por-la-FIFA-7-300x225.jpg 300w, https:\/\/www.medellin.gov.co\/es\/wp-content\/uploads\/2025\/11\/Imagen-cancha-certificada-por-la-FIFA-7-1024x768.jpg 1024w, https:\/\/www.medellin.gov.co\/es\/wp-content\/uploads\/2025\/11\/Imagen-cancha-certificada-por-la-FIFA-7-150x113.jpg 150w, https:\/\/www.medellin.gov.co\/es\/wp-content\/uploads\/2025\/11\/Imagen-cancha-certificada-por-la-FIFA-7-768x576.jpg 768w\" sizes=\"(max-width: 1133px) 100vw, 1133px\" \/><\/p>\n<p>A la fecha, 148 escenarios han sido entregados, con una inversi\u00f3n superior a los $49.000 millones; adicional a esto, se inici\u00f3 la recuperaci\u00f3n y adecuaci\u00f3n del escenario en grama sint\u00e9tica de la Unidad Deportiva Barrio Crist\u00f3bal.<\/p>\n<p>En noviembre, el Plan 282-25 seguir\u00e1 con la entrega semanal de escenarios, mientras se preparan nuevas intervenciones, como la cancha de f\u00fatbol en grama sint\u00e9tica de la Unidad Deportiva Barrio Crist\u00f3bal y la cancha de tejo Santa Luc\u00eda. Esto reafirma el compromiso de la Alcald\u00eda de Medell\u00edn por consolidar una ciudad activa, saludable y referente nacional en infraestructura deportiva.<\/p>\n","protected":false},"excerpt":{"rendered":"<p>El escenario beneficia a cerca de 19.000 habitantes de la comuna 9-Buenos Aires y es usado por clubes, corporaciones de f\u00fatbol y las Escuelas Populares del Deporte. Con una inversi\u00f3n de m\u00e1s de $3.600 millones, &#8230;<\/p>\n","protected":false},"author":95,"featured_media":475893,"comment_status":"open","ping_status":"open","sticky":false,"template":"","format":"standard","meta":[],"categories":[17],"tags":[689],"formato_nota":[],"programas_tax":[],"acf":[],"_links":{"self":[{"href":"https:\/\/www.medellin.gov.co\/es\/wp-json\/wp\/v2\/posts\/475891"}],"collection":[{"href":"https:\/\/www.medellin.gov.co\/es\/wp-json\/wp\/v2\/posts"}],"about":[{"href":"https:\/\/www.medellin.gov.co\/es\/wp-json\/wp\/v2\/types\/post"}],"author":[{"embeddable":true,"href":"https:\/\/www.medellin.gov.co\/es\/wp-json\/wp\/v2\/users\/95"}],"replies":[{"embeddable":true,"href":"https:\/\/www.medellin.gov.co\/es\/wp-json\/wp\/v2\/comments?post=475891"}],"version-history":[{"count":2,"href":"https:\/\/www.medellin.gov.co\/es\/wp-json\/wp\/v2\/posts\/475891\/revisions"}],"predecessor-version":[{"id":475909,"href":"https:\/\/www.medellin.gov.co\/es\/wp-json\/wp\/v2\/posts\/475891\/revisions\/475909"}],"wp:featuredmedia":[{"embeddable":true,"href":"https:\/\/www.medellin.gov.co\/es\/wp-json\/wp\/v2\/media\/475893"}],"wp:attachment":[{"href":"https:\/\/www.medellin.gov.co\/es\/wp-json\/wp\/v2\/media?parent=475891"}],"wp:term":[{"taxonomy":"category","embeddable":true,"href":"https:\/\/www.medellin.gov.co\/es\/wp-json\/wp\/v2\/categories?post=475891"},{"taxonomy":"post_tag","embeddable":true,"href":"https:\/\/www.medellin.gov.co\/es\/wp-json\/wp\/v2\/tags?post=475891"},{"taxonomy":"formato_nota","embeddable":true,"href":"https:\/\/www.medellin.gov.co\/es\/wp-json\/wp\/v2\/formato_nota?post=475891"},{"taxonomy":"programas_tax","embeddable":true,"href":"https:\/\/www.medellin.gov.co\/es\/wp-json\/wp\/v2\/programas_tax?post=475891"}],"curies":[{"name":"wp","href":"https:\/\/api.w.org\/{rel}","templated":true}]}}