{"id":475913,"date":"2025-11-12T23:09:18","date_gmt":"2025-11-13T04:09:18","guid":{"rendered":"https:\/\/www.medellin.gov.co\/es\/?p=475913"},"modified":"2025-11-12T23:09:18","modified_gmt":"2025-11-13T04:09:18","slug":"las-olimpiadas-distritales-regresan-en-el-2025-con-deporte-cultura-e-integracion","status":"publish","type":"post","link":"https:\/\/www.medellin.gov.co\/es\/sala-de-prensa\/noticias\/las-olimpiadas-distritales-regresan-en-el-2025-con-deporte-cultura-e-integracion\/","title":{"rendered":"Las Olimpiadas Distritales regresan en el 2025 con deporte, cultura e integraci\u00f3n"},"content":{"rendered":"<p>Las Olimpiadas Distritales 2025 llegan para llenar de energ\u00eda, integraci\u00f3n y talento los escenarios del Distrito. Este encuentro institucional, creado bajo el Acuerdo Municipal N.\u00ba 53 de 2005, sigue siendo uno de los espacios m\u00e1s valiosos para promover el bienestar, la vida activa y el sentido de pertenencia entre quienes trabajan al servicio de la ciudad.<\/p>\n\n\t\t<style type=\"text\/css\">\n\t\t\t#gallery-1 {\n\t\t\t\tmargin: auto;\n\t\t\t}\n\t\t\t#gallery-1 .gallery-item {\n\t\t\t\tfloat: left;\n\t\t\t\tmargin-top: 10px;\n\t\t\t\ttext-align: center;\n\t\t\t\twidth: 50%;\n\t\t\t}\n\t\t\t#gallery-1 img {\n\t\t\t\tborder: 2px solid #cfcfcf;\n\t\t\t}\n\t\t\t#gallery-1 .gallery-caption {\n\t\t\t\tmargin-left: 0;\n\t\t\t}\n\t\t\t\/* see gallery_shortcode() in wp-includes\/media.php *\/\n\t\t<\/style>\n\t\t<div id='gallery-1' class='gallery galleryid-475913 gallery-columns-2 gallery-size-full'><dl class='gallery-item'>\n\t\t\t<dt class='gallery-icon landscape'>\n\t\t\t\t<a href='https:\/\/www.medellin.gov.co\/es\/olimpiadas-servidores-32-7\/'><img width=\"1020\" height=\"680\" src=\"https:\/\/www.medellin.gov.co\/es\/wp-content\/uploads\/2023\/09\/Olimpiadas-Servidores-32-4.jpg\" class=\"attachment-full size-full\" alt=\"Baloncesto Femenino Olimpiadas Distritales 2023\" loading=\"lazy\" aria-describedby=\"gallery-1-255186\" srcset=\"https:\/\/www.medellin.gov.co\/es\/wp-content\/uploads\/2023\/09\/Olimpiadas-Servidores-32-4.jpg 1020w, https:\/\/www.medellin.gov.co\/es\/wp-content\/uploads\/2023\/09\/Olimpiadas-Servidores-32-4-300x200.jpg 300w, https:\/\/www.medellin.gov.co\/es\/wp-content\/uploads\/2023\/09\/Olimpiadas-Servidores-32-4-150x100.jpg 150w, https:\/\/www.medellin.gov.co\/es\/wp-content\/uploads\/2023\/09\/Olimpiadas-Servidores-32-4-768x512.jpg 768w\" sizes=\"(max-width: 1020px) 100vw, 1020px\" \/><\/a>\n\t\t\t<\/dt>\n\t\t\t\t<dd class='wp-caption-text gallery-caption' id='gallery-1-255186'>\n\t\t\t\tBaloncesto Femenino Olimpiadas Distritales 2023\n\t\t\t\t<\/dd><\/dl><dl class='gallery-item'>\n\t\t\t<dt class='gallery-icon landscape'>\n\t\t\t\t<a href='https:\/\/www.medellin.gov.co\/es\/olimpiadas-servidores-36-6\/'><img width=\"1020\" height=\"680\" src=\"https:\/\/www.medellin.gov.co\/es\/wp-content\/uploads\/2023\/10\/Olimpiadas-Servidores-36.jpg\" class=\"attachment-full size-full\" alt=\"F\u00fatbol Olimpiadas Distritales 2023\" loading=\"lazy\" aria-describedby=\"gallery-1-256838\" srcset=\"https:\/\/www.medellin.gov.co\/es\/wp-content\/uploads\/2023\/10\/Olimpiadas-Servidores-36.jpg 1020w, https:\/\/www.medellin.gov.co\/es\/wp-content\/uploads\/2023\/10\/Olimpiadas-Servidores-36-300x200.jpg 300w, https:\/\/www.medellin.gov.co\/es\/wp-content\/uploads\/2023\/10\/Olimpiadas-Servidores-36-150x100.jpg 150w, https:\/\/www.medellin.gov.co\/es\/wp-content\/uploads\/2023\/10\/Olimpiadas-Servidores-36-768x512.jpg 768w\" sizes=\"(max-width: 1020px) 100vw, 1020px\" \/><\/a>\n\t\t\t<\/dt>\n\t\t\t\t<dd class='wp-caption-text gallery-caption' id='gallery-1-256838'>\n\t\t\t\tF\u00fatbol Olimpiadas Distritales 2023\n\t\t\t\t<\/dd><\/dl><br style=\"clear: both\" \/>\n\t\t<\/div>\n\n<p>Entre el 14 de noviembre y el 5 de diciembre de 2025, los participantes disfrutar\u00e1n de jornadas deportivas, recreativas y culturales distribuidas en 19 modalidades: ajedrez, atletismo, baloncesto, billar, bolos, ciclismo, f\u00fatbol, f\u00fatbol de sal\u00f3n, mini tejo, tejo, nataci\u00f3n, tenis de campo, tenis de mesa, voleibol, canto, baile, pintura, fotograf\u00eda y cycling.<\/p>\n<p><strong>Una inauguraci\u00f3n que marca el inicio de la fiesta deportiva<\/strong><\/p>\n<p>La jornada de apertura se llevar\u00e1 a cabo el viernes 14 de noviembre. Desde temprano, el hall del Centro Administrativo Distrital recibir\u00e1 a los asistentes con un previo de bienvenida que incluir\u00e1 m\u00fasica, presentaciones y actividades de integraci\u00f3n, todo en un ambiente inspirado en las Olimpiadas.<\/p>\n\n\t\t<style type=\"text\/css\">\n\t\t\t#gallery-2 {\n\t\t\t\tmargin: auto;\n\t\t\t}\n\t\t\t#gallery-2 .gallery-item {\n\t\t\t\tfloat: left;\n\t\t\t\tmargin-top: 10px;\n\t\t\t\ttext-align: center;\n\t\t\t\twidth: 50%;\n\t\t\t}\n\t\t\t#gallery-2 img {\n\t\t\t\tborder: 2px solid #cfcfcf;\n\t\t\t}\n\t\t\t#gallery-2 .gallery-caption {\n\t\t\t\tmargin-left: 0;\n\t\t\t}\n\t\t\t\/* see gallery_shortcode() in wp-includes\/media.php *\/\n\t\t<\/style>\n\t\t<div id='gallery-2' class='gallery galleryid-475913 gallery-columns-2 gallery-size-full'><dl class='gallery-item'>\n\t\t\t<dt class='gallery-icon landscape'>\n\t\t\t\t<a href='https:\/\/www.medellin.gov.co\/es\/sala-de-prensa\/noticias\/cementerio-san-lorenzo-de-cementerio-de-los-pobres-a-parque-patrimonial\/olimpiadas-servidores-24-8\/'><img width=\"1020\" height=\"680\" src=\"https:\/\/www.medellin.gov.co\/es\/wp-content\/uploads\/2023\/09\/Olimpiadas-Servidores-24-5.jpg\" class=\"attachment-full size-full\" alt=\"Microf\u00fatbol Olimpiadas Distritales 2023\" loading=\"lazy\" aria-describedby=\"gallery-2-253550\" srcset=\"https:\/\/www.medellin.gov.co\/es\/wp-content\/uploads\/2023\/09\/Olimpiadas-Servidores-24-5.jpg 1020w, https:\/\/www.medellin.gov.co\/es\/wp-content\/uploads\/2023\/09\/Olimpiadas-Servidores-24-5-300x200.jpg 300w, https:\/\/www.medellin.gov.co\/es\/wp-content\/uploads\/2023\/09\/Olimpiadas-Servidores-24-5-150x100.jpg 150w, https:\/\/www.medellin.gov.co\/es\/wp-content\/uploads\/2023\/09\/Olimpiadas-Servidores-24-5-768x512.jpg 768w\" sizes=\"(max-width: 1020px) 100vw, 1020px\" \/><\/a>\n\t\t\t<\/dt>\n\t\t\t\t<dd class='wp-caption-text gallery-caption' id='gallery-2-253550'>\n\t\t\t\tMicrof\u00fatbol Olimpiadas Distritales 2023\n\t\t\t\t<\/dd><\/dl><dl class='gallery-item'>\n\t\t\t<dt class='gallery-icon landscape'>\n\t\t\t\t<a href='https:\/\/www.medellin.gov.co\/es\/sala-de-prensa\/noticias\/olimpiadas-sobre-el-lienzo\/olimpiadas-servidores-13-13\/'><img width=\"1020\" height=\"680\" src=\"https:\/\/www.medellin.gov.co\/es\/wp-content\/uploads\/2023\/09\/Olimpiadas-Servidores-13-7.jpg\" class=\"attachment-full size-full\" alt=\"Baloncesto Olimpiadas Distritales 2023\" loading=\"lazy\" aria-describedby=\"gallery-2-254486\" srcset=\"https:\/\/www.medellin.gov.co\/es\/wp-content\/uploads\/2023\/09\/Olimpiadas-Servidores-13-7.jpg 1020w, https:\/\/www.medellin.gov.co\/es\/wp-content\/uploads\/2023\/09\/Olimpiadas-Servidores-13-7-300x200.jpg 300w, https:\/\/www.medellin.gov.co\/es\/wp-content\/uploads\/2023\/09\/Olimpiadas-Servidores-13-7-150x100.jpg 150w, https:\/\/www.medellin.gov.co\/es\/wp-content\/uploads\/2023\/09\/Olimpiadas-Servidores-13-7-768x512.jpg 768w\" sizes=\"(max-width: 1020px) 100vw, 1020px\" \/><\/a>\n\t\t\t<\/dt>\n\t\t\t\t<dd class='wp-caption-text gallery-caption' id='gallery-2-254486'>\n\t\t\t\tBaloncesto Olimpiadas Distritales 2023\n\t\t\t\t<\/dd><\/dl><br style=\"clear: both\" \/>\n\t\t<\/div>\n\n<p>A las 8:30 a. m., se realizar\u00e1 la ceremonia oficial de inauguraci\u00f3n en el piso 5, en un espacio especialmente dispuesto para dar inicio formal al certamen mediante un mensaje institucional que marcar\u00e1 el comienzo de esta edici\u00f3n. Al finalizar el acto, se habilitar\u00e1n los diferentes espacios del quinto piso para el disfrute y la permanencia de los asistentes, con actividades pensadas para acompa\u00f1ar esta jornada de apertura.\u00a0<em>Ese d\u00eda no se realizar\u00e1n competencias.<\/em><\/p>\n<p><strong>Entrega de uniformes para los participantes<\/strong><\/p>\n<p>Las personas inscritas ya recibieron en su correo institucional la informaci\u00f3n sobre la entrega de los uniformes de representaci\u00f3n, con horarios asignados seg\u00fan cada secretar\u00eda.<br \/>\nLa entrega se realizar\u00e1 el viernes 14 de noviembre en el quinto piso de la Alcald\u00eda. Se recomienda asistir puntualmente en el horario indicado. Los uniformes se entregar\u00e1n \u00fanicamente a quienes est\u00e9n debidamente inscritos.<\/p>\n\n\t\t<style type=\"text\/css\">\n\t\t\t#gallery-3 {\n\t\t\t\tmargin: auto;\n\t\t\t}\n\t\t\t#gallery-3 .gallery-item {\n\t\t\t\tfloat: left;\n\t\t\t\tmargin-top: 10px;\n\t\t\t\ttext-align: center;\n\t\t\t\twidth: 50%;\n\t\t\t}\n\t\t\t#gallery-3 img {\n\t\t\t\tborder: 2px solid #cfcfcf;\n\t\t\t}\n\t\t\t#gallery-3 .gallery-caption {\n\t\t\t\tmargin-left: 0;\n\t\t\t}\n\t\t\t\/* see gallery_shortcode() in wp-includes\/media.php *\/\n\t\t<\/style>\n\t\t<div id='gallery-3' class='gallery galleryid-475913 gallery-columns-2 gallery-size-large'><dl class='gallery-item'>\n\t\t\t<dt class='gallery-icon landscape'>\n\t\t\t\t<a href='https:\/\/www.medellin.gov.co\/es\/sala-de-prensa\/noticias\/cementerio-san-lorenzo-de-cementerio-de-los-pobres-a-parque-patrimonial\/olimpiadas-servidores-13-11\/'><img width=\"1020\" height=\"680\" src=\"https:\/\/www.medellin.gov.co\/es\/wp-content\/uploads\/2023\/09\/Olimpiadas-Servidores-13-5.jpg\" class=\"attachment-large size-large\" alt=\"Voleibol Olimpiadas Distritales 2023\" loading=\"lazy\" aria-describedby=\"gallery-3-253531\" srcset=\"https:\/\/www.medellin.gov.co\/es\/wp-content\/uploads\/2023\/09\/Olimpiadas-Servidores-13-5.jpg 1020w, https:\/\/www.medellin.gov.co\/es\/wp-content\/uploads\/2023\/09\/Olimpiadas-Servidores-13-5-300x200.jpg 300w, https:\/\/www.medellin.gov.co\/es\/wp-content\/uploads\/2023\/09\/Olimpiadas-Servidores-13-5-150x100.jpg 150w, https:\/\/www.medellin.gov.co\/es\/wp-content\/uploads\/2023\/09\/Olimpiadas-Servidores-13-5-768x512.jpg 768w\" sizes=\"(max-width: 1020px) 100vw, 1020px\" \/><\/a>\n\t\t\t<\/dt>\n\t\t\t\t<dd class='wp-caption-text gallery-caption' id='gallery-3-253531'>\n\t\t\t\tVoleibol Olimpiadas Distritales 2023\n\t\t\t\t<\/dd><\/dl><dl class='gallery-item'>\n\t\t\t<dt class='gallery-icon landscape'>\n\t\t\t\t<a href='https:\/\/www.medellin.gov.co\/es\/sala-de-prensa\/noticias\/el-distrito-continuara-recibiendo-las-solicitudes-para-la-exencion-de-pico-y-placa-de-vehiculos-hibridos-electricos\/olimpiadas-servidores-16-9\/'><img width=\"1020\" height=\"680\" src=\"https:\/\/www.medellin.gov.co\/es\/wp-content\/uploads\/2023\/09\/Olimpiadas-Servidores-16-4.jpg\" class=\"attachment-large size-large\" alt=\"Ciclismo Olimpiadas Distritales 2023\" loading=\"lazy\" aria-describedby=\"gallery-3-252992\" srcset=\"https:\/\/www.medellin.gov.co\/es\/wp-content\/uploads\/2023\/09\/Olimpiadas-Servidores-16-4.jpg 1020w, https:\/\/www.medellin.gov.co\/es\/wp-content\/uploads\/2023\/09\/Olimpiadas-Servidores-16-4-300x200.jpg 300w, https:\/\/www.medellin.gov.co\/es\/wp-content\/uploads\/2023\/09\/Olimpiadas-Servidores-16-4-150x100.jpg 150w, https:\/\/www.medellin.gov.co\/es\/wp-content\/uploads\/2023\/09\/Olimpiadas-Servidores-16-4-768x512.jpg 768w\" sizes=\"(max-width: 1020px) 100vw, 1020px\" \/><\/a>\n\t\t\t<\/dt>\n\t\t\t\t<dd class='wp-caption-text gallery-caption' id='gallery-3-252992'>\n\t\t\t\tCiclismo Olimpiadas Distritales 2023\n\t\t\t\t<\/dd><\/dl><br style=\"clear: both\" \/>\n\t\t<\/div>\n\n<p><strong>D\u00edas para competir, integrar y participar<\/strong><\/p>\n<p>Tras la inauguraci\u00f3n, las competencias iniciar\u00e1n durante el fin de semana con las primeras pruebas en disciplinas como atletismo y ciclismo, que abrir\u00e1n el calendario deportivo en los principales escenarios del Distrito.<\/p>\n\n\t\t<style type=\"text\/css\">\n\t\t\t#gallery-4 {\n\t\t\t\tmargin: auto;\n\t\t\t}\n\t\t\t#gallery-4 .gallery-item {\n\t\t\t\tfloat: left;\n\t\t\t\tmargin-top: 10px;\n\t\t\t\ttext-align: center;\n\t\t\t\twidth: 33%;\n\t\t\t}\n\t\t\t#gallery-4 img {\n\t\t\t\tborder: 2px solid #cfcfcf;\n\t\t\t}\n\t\t\t#gallery-4 .gallery-caption {\n\t\t\t\tmargin-left: 0;\n\t\t\t}\n\t\t\t\/* see gallery_shortcode() in wp-includes\/media.php *\/\n\t\t<\/style>\n\t\t<div id='gallery-4' class='gallery galleryid-475913 gallery-columns-3 gallery-size-full'><dl class='gallery-item'>\n\t\t\t<dt class='gallery-icon landscape'>\n\t\t\t\t<a href='https:\/\/www.medellin.gov.co\/es\/sala-de-prensa\/noticias\/en-medellin-crearon-un-brazo-amigo-para-mejorar-la-movilidad-de-personas-en-silla-de-ruedas\/olimpiadas-servidores-5-3\/'><img width=\"1280\" height=\"853\" src=\"https:\/\/www.medellin.gov.co\/es\/wp-content\/uploads\/2023\/08\/Olimpiadas-Servidores-5-2.jpg\" class=\"attachment-full size-full\" alt=\"Bolos Olimpiadas Distritales 2023\" loading=\"lazy\" aria-describedby=\"gallery-4-243288\" srcset=\"https:\/\/www.medellin.gov.co\/es\/wp-content\/uploads\/2023\/08\/Olimpiadas-Servidores-5-2.jpg 1280w, https:\/\/www.medellin.gov.co\/es\/wp-content\/uploads\/2023\/08\/Olimpiadas-Servidores-5-2-300x200.jpg 300w, https:\/\/www.medellin.gov.co\/es\/wp-content\/uploads\/2023\/08\/Olimpiadas-Servidores-5-2-1024x682.jpg 1024w, https:\/\/www.medellin.gov.co\/es\/wp-content\/uploads\/2023\/08\/Olimpiadas-Servidores-5-2-150x100.jpg 150w, https:\/\/www.medellin.gov.co\/es\/wp-content\/uploads\/2023\/08\/Olimpiadas-Servidores-5-2-768x512.jpg 768w\" sizes=\"(max-width: 1280px) 100vw, 1280px\" \/><\/a>\n\t\t\t<\/dt>\n\t\t\t\t<dd class='wp-caption-text gallery-caption' id='gallery-4-243288'>\n\t\t\t\tBolos Olimpiadas Distritales 2023\n\t\t\t\t<\/dd><\/dl><dl class='gallery-item'>\n\t\t\t<dt class='gallery-icon landscape'>\n\t\t\t\t<a href='https:\/\/www.medellin.gov.co\/es\/sala-de-prensa\/noticias\/el-ajedrez-distrital-tiene-nuevos-campeones\/olimpiadas-servidores-1-5\/'><img width=\"1280\" height=\"853\" src=\"https:\/\/www.medellin.gov.co\/es\/wp-content\/uploads\/2023\/09\/Olimpiadas-Servidores-1.jpg\" class=\"attachment-full size-full\" alt=\"Ajedrez Olimpiadas Distritales 2023\" loading=\"lazy\" aria-describedby=\"gallery-4-245494\" srcset=\"https:\/\/www.medellin.gov.co\/es\/wp-content\/uploads\/2023\/09\/Olimpiadas-Servidores-1.jpg 1280w, https:\/\/www.medellin.gov.co\/es\/wp-content\/uploads\/2023\/09\/Olimpiadas-Servidores-1-300x200.jpg 300w, https:\/\/www.medellin.gov.co\/es\/wp-content\/uploads\/2023\/09\/Olimpiadas-Servidores-1-1024x682.jpg 1024w, https:\/\/www.medellin.gov.co\/es\/wp-content\/uploads\/2023\/09\/Olimpiadas-Servidores-1-150x100.jpg 150w, https:\/\/www.medellin.gov.co\/es\/wp-content\/uploads\/2023\/09\/Olimpiadas-Servidores-1-768x512.jpg 768w\" sizes=\"(max-width: 1280px) 100vw, 1280px\" \/><\/a>\n\t\t\t<\/dt>\n\t\t\t\t<dd class='wp-caption-text gallery-caption' id='gallery-4-245494'>\n\t\t\t\tAjedrez Olimpiadas Distritales 2023\n\t\t\t\t<\/dd><\/dl><dl class='gallery-item'>\n\t\t\t<dt class='gallery-icon landscape'>\n\t\t\t\t<a href='https:\/\/www.medellin.gov.co\/es\/sala-de-prensa\/noticias\/olimpiadas-sobre-el-lienzo\/olimpiadas-servidores-23-9\/'><img width=\"1020\" height=\"680\" src=\"https:\/\/www.medellin.gov.co\/es\/wp-content\/uploads\/2023\/09\/Olimpiadas-Servidores-23-6.jpg\" class=\"attachment-full size-full\" alt=\"Spinning Olimpiadas Distritales 2023\" loading=\"lazy\" aria-describedby=\"gallery-4-254501\" srcset=\"https:\/\/www.medellin.gov.co\/es\/wp-content\/uploads\/2023\/09\/Olimpiadas-Servidores-23-6.jpg 1020w, https:\/\/www.medellin.gov.co\/es\/wp-content\/uploads\/2023\/09\/Olimpiadas-Servidores-23-6-300x200.jpg 300w, https:\/\/www.medellin.gov.co\/es\/wp-content\/uploads\/2023\/09\/Olimpiadas-Servidores-23-6-150x100.jpg 150w, https:\/\/www.medellin.gov.co\/es\/wp-content\/uploads\/2023\/09\/Olimpiadas-Servidores-23-6-768x512.jpg 768w\" sizes=\"(max-width: 1020px) 100vw, 1020px\" \/><\/a>\n\t\t\t<\/dt>\n\t\t\t\t<dd class='wp-caption-text gallery-caption' id='gallery-4-254501'>\n\t\t\t\tSpinning Olimpiadas Distritales 2023\n\t\t\t\t<\/dd><\/dl><br style=\"clear: both\" \/>\n\t\t<\/div>\n\n<p>En las semanas siguientes se desarrollar\u00e1n encuentros en modalidades como ajedrez, billar, voleibol, tejo, mini tejo, f\u00fatbol, f\u00fatbol de sal\u00f3n, bolos, cycling y otras disciplinas, en jornadas extralaborales y durante los fines de semana.<\/p>\n<p>Los escenarios deportivos habilitados para esta edici\u00f3n incluyen:<\/p>\n<ul>\n<li>Unidad Deportiva Andr\u00e9s Escobar Saldarriaga de Bel\u00e9n<br \/>\n\u2022 Aeroparque Juan Pablo II<br \/>\n\u2022 Parque del Ajedrez<br \/>\n\u2022 Bolera Suramericana<br \/>\n\u2022 Complejo Acu\u00e1tico C\u00e9sar Zapata<br \/>\n\u2022 Coliseo Yesid Santos<br \/>\n\u2022 Coliseo Iv\u00e1n de Bedout<br \/>\n\u2022 Canchas de Carlos Mauro Hoyos<br \/>\n\u2022 Unidad Deportiva Mar\u00eda Luisa Calle<br \/>\n\u2022 Coliseo Rodrigo P\u00e9rez Castro<br \/>\n\u2022 Cancha Cuatro Vientos<br \/>\n\u2022 Unidad Deportiva Atanasio Girardot<br \/>\n\u2022 Unidad Deportiva La Floresta<\/li>\n<\/ul>\n<p>Entre el 1 y el 4 de diciembre se realizar\u00e1 la muestra cultural con las modalidades de canto, baile, fotograf\u00eda y pintura, un espacio para reconocer la creatividad y el talento art\u00edstico de quienes participan en esta edici\u00f3n.<\/p>\n\n\t\t<style type=\"text\/css\">\n\t\t\t#gallery-5 {\n\t\t\t\tmargin: auto;\n\t\t\t}\n\t\t\t#gallery-5 .gallery-item {\n\t\t\t\tfloat: left;\n\t\t\t\tmargin-top: 10px;\n\t\t\t\ttext-align: center;\n\t\t\t\twidth: 33%;\n\t\t\t}\n\t\t\t#gallery-5 img {\n\t\t\t\tborder: 2px solid #cfcfcf;\n\t\t\t}\n\t\t\t#gallery-5 .gallery-caption {\n\t\t\t\tmargin-left: 0;\n\t\t\t}\n\t\t\t\/* see gallery_shortcode() in wp-includes\/media.php *\/\n\t\t<\/style>\n\t\t<div id='gallery-5' class='gallery galleryid-475913 gallery-columns-3 gallery-size-full'><dl class='gallery-item'>\n\t\t\t<dt class='gallery-icon landscape'>\n\t\t\t\t<a href='https:\/\/www.medellin.gov.co\/es\/olimpiadas-servidores-16-15\/'><img width=\"1020\" height=\"680\" src=\"https:\/\/www.medellin.gov.co\/es\/wp-content\/uploads\/2023\/10\/Olimpiadas-Servidores-16.jpg\" class=\"attachment-full size-full\" alt=\"Pintura Olimpiadas Distritales 2023\" loading=\"lazy\" aria-describedby=\"gallery-5-256807\" srcset=\"https:\/\/www.medellin.gov.co\/es\/wp-content\/uploads\/2023\/10\/Olimpiadas-Servidores-16.jpg 1020w, https:\/\/www.medellin.gov.co\/es\/wp-content\/uploads\/2023\/10\/Olimpiadas-Servidores-16-300x200.jpg 300w, https:\/\/www.medellin.gov.co\/es\/wp-content\/uploads\/2023\/10\/Olimpiadas-Servidores-16-150x100.jpg 150w, https:\/\/www.medellin.gov.co\/es\/wp-content\/uploads\/2023\/10\/Olimpiadas-Servidores-16-768x512.jpg 768w\" sizes=\"(max-width: 1020px) 100vw, 1020px\" \/><\/a>\n\t\t\t<\/dt>\n\t\t\t\t<dd class='wp-caption-text gallery-caption' id='gallery-5-256807'>\n\t\t\t\tPintura Olimpiadas Distritales 2023\n\t\t\t\t<\/dd><\/dl><dl class='gallery-item'>\n\t\t\t<dt class='gallery-icon landscape'>\n\t\t\t\t<a href='https:\/\/www.medellin.gov.co\/es\/olimpiadas-servidores-10-15\/'><img width=\"1020\" height=\"680\" src=\"https:\/\/www.medellin.gov.co\/es\/wp-content\/uploads\/2023\/10\/Olimpiadas-Servidores-10.jpg\" class=\"attachment-full size-full\" alt=\"Canto Olimpiadas Distritales 2023\" loading=\"lazy\" aria-describedby=\"gallery-5-256798\" srcset=\"https:\/\/www.medellin.gov.co\/es\/wp-content\/uploads\/2023\/10\/Olimpiadas-Servidores-10.jpg 1020w, https:\/\/www.medellin.gov.co\/es\/wp-content\/uploads\/2023\/10\/Olimpiadas-Servidores-10-300x200.jpg 300w, https:\/\/www.medellin.gov.co\/es\/wp-content\/uploads\/2023\/10\/Olimpiadas-Servidores-10-150x100.jpg 150w, https:\/\/www.medellin.gov.co\/es\/wp-content\/uploads\/2023\/10\/Olimpiadas-Servidores-10-768x512.jpg 768w\" sizes=\"(max-width: 1020px) 100vw, 1020px\" \/><\/a>\n\t\t\t<\/dt>\n\t\t\t\t<dd class='wp-caption-text gallery-caption' id='gallery-5-256798'>\n\t\t\t\tCanto Olimpiadas Distritales 2023\n\t\t\t\t<\/dd><\/dl><dl class='gallery-item'>\n\t\t\t<dt class='gallery-icon landscape'>\n\t\t\t\t<a href='https:\/\/www.medellin.gov.co\/es\/sala-de-prensa\/noticias\/olimpiadas-sobre-el-lienzo\/olimpiadas-servidores-6-14\/'><img width=\"1020\" height=\"680\" src=\"https:\/\/www.medellin.gov.co\/es\/wp-content\/uploads\/2023\/09\/Olimpiadas-Servidores-6-7.jpg\" class=\"attachment-full size-full\" alt=\"Baile Olimpiadas Distritales 2023\" loading=\"lazy\" aria-describedby=\"gallery-5-254526\" srcset=\"https:\/\/www.medellin.gov.co\/es\/wp-content\/uploads\/2023\/09\/Olimpiadas-Servidores-6-7.jpg 1020w, https:\/\/www.medellin.gov.co\/es\/wp-content\/uploads\/2023\/09\/Olimpiadas-Servidores-6-7-300x200.jpg 300w, https:\/\/www.medellin.gov.co\/es\/wp-content\/uploads\/2023\/09\/Olimpiadas-Servidores-6-7-150x100.jpg 150w, https:\/\/www.medellin.gov.co\/es\/wp-content\/uploads\/2023\/09\/Olimpiadas-Servidores-6-7-768x512.jpg 768w\" sizes=\"(max-width: 1020px) 100vw, 1020px\" \/><\/a>\n\t\t\t<\/dt>\n\t\t\t\t<dd class='wp-caption-text gallery-caption' id='gallery-5-254526'>\n\t\t\t\tBaile Olimpiadas Distritales 2023\n\t\t\t\t<\/dd><\/dl><br style=\"clear: both\" \/>\n\t\t<\/div>\n\n<p>La ceremonia de clausura se llevar\u00e1 a cabo el viernes 5 de diciembre, en un encuentro dedicado a celebrar la participaci\u00f3n, el compromiso y el esp\u00edritu deportivo de todas las personas vinculadas.<\/p>\n<p><strong>Una invitaci\u00f3n a vivir las Olimpiadas<\/strong><\/p>\n<p>Las Olimpiadas Distritales 2025 nos invitan a reencontrarnos como comunidad, compartir experiencias, competir con respeto y celebrar la diversidad de talentos presentes en nuestras dependencias. Este certamen nos recuerda que el deporte y la cultura fortalecen la convivencia, inspiran h\u00e1bitos saludables y promueven el bienestar colectivo.<\/p>\n\n\t\t<style type=\"text\/css\">\n\t\t\t#gallery-6 {\n\t\t\t\tmargin: auto;\n\t\t\t}\n\t\t\t#gallery-6 .gallery-item {\n\t\t\t\tfloat: left;\n\t\t\t\tmargin-top: 10px;\n\t\t\t\ttext-align: center;\n\t\t\t\twidth: 33%;\n\t\t\t}\n\t\t\t#gallery-6 img {\n\t\t\t\tborder: 2px solid #cfcfcf;\n\t\t\t}\n\t\t\t#gallery-6 .gallery-caption {\n\t\t\t\tmargin-left: 0;\n\t\t\t}\n\t\t\t\/* see gallery_shortcode() in wp-includes\/media.php *\/\n\t\t<\/style>\n\t\t<div id='gallery-6' class='gallery galleryid-475913 gallery-columns-3 gallery-size-full'><dl class='gallery-item'>\n\t\t\t<dt class='gallery-icon landscape'>\n\t\t\t\t<a href='https:\/\/www.medellin.gov.co\/es\/sala-de-prensa\/noticias\/el-distrito-continuara-recibiendo-las-solicitudes-para-la-exencion-de-pico-y-placa-de-vehiculos-hibridos-electricos\/olimpiadas-servidores-21-7\/'><img width=\"1020\" height=\"680\" src=\"https:\/\/www.medellin.gov.co\/es\/wp-content\/uploads\/2023\/09\/Olimpiadas-Servidores-21-4.jpg\" class=\"attachment-full size-full\" alt=\"Tenis de Campo Olimpiadas Distritales 2023\" loading=\"lazy\" aria-describedby=\"gallery-6-253001\" srcset=\"https:\/\/www.medellin.gov.co\/es\/wp-content\/uploads\/2023\/09\/Olimpiadas-Servidores-21-4.jpg 1020w, https:\/\/www.medellin.gov.co\/es\/wp-content\/uploads\/2023\/09\/Olimpiadas-Servidores-21-4-300x200.jpg 300w, https:\/\/www.medellin.gov.co\/es\/wp-content\/uploads\/2023\/09\/Olimpiadas-Servidores-21-4-150x100.jpg 150w, https:\/\/www.medellin.gov.co\/es\/wp-content\/uploads\/2023\/09\/Olimpiadas-Servidores-21-4-768x512.jpg 768w\" sizes=\"(max-width: 1020px) 100vw, 1020px\" \/><\/a>\n\t\t\t<\/dt>\n\t\t\t\t<dd class='wp-caption-text gallery-caption' id='gallery-6-253001'>\n\t\t\t\tTenis de Campo Olimpiadas Distritales 2023\n\t\t\t\t<\/dd><\/dl><dl class='gallery-item'>\n\t\t\t<dt class='gallery-icon landscape'>\n\t\t\t\t<a href='https:\/\/www.medellin.gov.co\/es\/sala-de-prensa\/noticias\/cementerio-san-lorenzo-de-cementerio-de-los-pobres-a-parque-patrimonial\/olimpiadas-servidores-19-8\/'><img width=\"1020\" height=\"680\" src=\"https:\/\/www.medellin.gov.co\/es\/wp-content\/uploads\/2023\/09\/Olimpiadas-Servidores-19-5.jpg\" class=\"attachment-full size-full\" alt=\"Microf\u00fatbol Olimpiadas Distritales 2023\" loading=\"lazy\" aria-describedby=\"gallery-6-253542\" srcset=\"https:\/\/www.medellin.gov.co\/es\/wp-content\/uploads\/2023\/09\/Olimpiadas-Servidores-19-5.jpg 1020w, https:\/\/www.medellin.gov.co\/es\/wp-content\/uploads\/2023\/09\/Olimpiadas-Servidores-19-5-300x200.jpg 300w, https:\/\/www.medellin.gov.co\/es\/wp-content\/uploads\/2023\/09\/Olimpiadas-Servidores-19-5-150x100.jpg 150w, https:\/\/www.medellin.gov.co\/es\/wp-content\/uploads\/2023\/09\/Olimpiadas-Servidores-19-5-768x512.jpg 768w\" sizes=\"(max-width: 1020px) 100vw, 1020px\" \/><\/a>\n\t\t\t<\/dt>\n\t\t\t\t<dd class='wp-caption-text gallery-caption' id='gallery-6-253542'>\n\t\t\t\tMicrof\u00fatbol Olimpiadas Distritales 2023\n\t\t\t\t<\/dd><\/dl><dl class='gallery-item'>\n\t\t\t<dt class='gallery-icon landscape'>\n\t\t\t\t<a href='https:\/\/www.medellin.gov.co\/es\/sala-de-prensa\/noticias\/el-distrito-continuara-recibiendo-las-solicitudes-para-la-exencion-de-pico-y-placa-de-vehiculos-hibridos-electricos\/olimpiadas-servidores-14-10\/'><img width=\"1020\" height=\"680\" src=\"https:\/\/www.medellin.gov.co\/es\/wp-content\/uploads\/2023\/09\/Olimpiadas-Servidores-14-4.jpg\" class=\"attachment-full size-full\" alt=\"Ciclismo Olimpiadas Distritales 2023\" loading=\"lazy\" aria-describedby=\"gallery-6-252989\" srcset=\"https:\/\/www.medellin.gov.co\/es\/wp-content\/uploads\/2023\/09\/Olimpiadas-Servidores-14-4.jpg 1020w, https:\/\/www.medellin.gov.co\/es\/wp-content\/uploads\/2023\/09\/Olimpiadas-Servidores-14-4-300x200.jpg 300w, https:\/\/www.medellin.gov.co\/es\/wp-content\/uploads\/2023\/09\/Olimpiadas-Servidores-14-4-150x100.jpg 150w, https:\/\/www.medellin.gov.co\/es\/wp-content\/uploads\/2023\/09\/Olimpiadas-Servidores-14-4-768x512.jpg 768w\" sizes=\"(max-width: 1020px) 100vw, 1020px\" \/><\/a>\n\t\t\t<\/dt>\n\t\t\t\t<dd class='wp-caption-text gallery-caption' id='gallery-6-252989'>\n\t\t\t\tCiclismo Olimpiadas Distritales 2023\n\t\t\t\t<\/dd><\/dl><br style=\"clear: both\" \/>\n\t\t<\/div>\n\n<p>La Administraci\u00f3n Distrital invita a todos sus servidores y contratistas a vivir esta fiesta con entusiasmo, compromiso y orgullo por el servicio p\u00fablico.<\/p>\n","protected":false},"excerpt":{"rendered":"<p>Las Olimpiadas Distritales 2025 llegan para llenar de energ\u00eda, integraci\u00f3n y talento los escenarios del Distrito. Este encuentro institucional, creado bajo el Acuerdo Municipal N.\u00ba 53 de 2005, sigue siendo uno de los espacios m\u00e1s &#8230;<\/p>\n","protected":false},"author":17,"featured_media":243245,"comment_status":"open","ping_status":"open","sticky":false,"template":"","format":"standard","meta":[],"categories":[2],"tags":[689],"formato_nota":[],"programas_tax":[],"acf":[],"_links":{"self":[{"href":"https:\/\/www.medellin.gov.co\/es\/wp-json\/wp\/v2\/posts\/475913"}],"collection":[{"href":"https:\/\/www.medellin.gov.co\/es\/wp-json\/wp\/v2\/posts"}],"about":[{"href":"https:\/\/www.medellin.gov.co\/es\/wp-json\/wp\/v2\/types\/post"}],"author":[{"embeddable":true,"href":"https:\/\/www.medellin.gov.co\/es\/wp-json\/wp\/v2\/users\/17"}],"replies":[{"embeddable":true,"href":"https:\/\/www.medellin.gov.co\/es\/wp-json\/wp\/v2\/comments?post=475913"}],"version-history":[{"count":1,"href":"https:\/\/www.medellin.gov.co\/es\/wp-json\/wp\/v2\/posts\/475913\/revisions"}],"predecessor-version":[{"id":475916,"href":"https:\/\/www.medellin.gov.co\/es\/wp-json\/wp\/v2\/posts\/475913\/revisions\/475916"}],"wp:featuredmedia":[{"embeddable":true,"href":"https:\/\/www.medellin.gov.co\/es\/wp-json\/wp\/v2\/media\/243245"}],"wp:attachment":[{"href":"https:\/\/www.medellin.gov.co\/es\/wp-json\/wp\/v2\/media?parent=475913"}],"wp:term":[{"taxonomy":"category","embeddable":true,"href":"https:\/\/www.medellin.gov.co\/es\/wp-json\/wp\/v2\/categories?post=475913"},{"taxonomy":"post_tag","embeddable":true,"href":"https:\/\/www.medellin.gov.co\/es\/wp-json\/wp\/v2\/tags?post=475913"},{"taxonomy":"formato_nota","embeddable":true,"href":"https:\/\/www.medellin.gov.co\/es\/wp-json\/wp\/v2\/formato_nota?post=475913"},{"taxonomy":"programas_tax","embeddable":true,"href":"https:\/\/www.medellin.gov.co\/es\/wp-json\/wp\/v2\/programas_tax?post=475913"}],"curies":[{"name":"wp","href":"https:\/\/api.w.org\/{rel}","templated":true}]}}