{"id":477694,"date":"2025-11-19T14:39:43","date_gmt":"2025-11-19T19:39:43","guid":{"rendered":"https:\/\/www.medellin.gov.co\/es\/?p=477694"},"modified":"2025-11-19T14:39:43","modified_gmt":"2025-11-19T19:39:43","slug":"medellin-vivira-la-ultima-adoptaton-de-perros-y-gatos-del-ano-y-liderara-concentracion-contra-el-uso-de-polvora","status":"publish","type":"post","link":"https:\/\/www.medellin.gov.co\/es\/sala-de-prensa\/noticias\/medellin-vivira-la-ultima-adoptaton-de-perros-y-gatos-del-ano-y-liderara-concentracion-contra-el-uso-de-polvora\/","title":{"rendered":"Medell\u00edn vivir\u00e1 la \u00faltima \u201cadoptat\u00f3n\u201d de perros y gatos del a\u00f1o y liderar\u00e1 concentraci\u00f3n contra el uso de p\u00f3lvora"},"content":{"rendered":"<ul>\n<li>80 perros y gatos de La Perla estar\u00e1n aptos para adopci\u00f3n, entre las 9:00 a. m. y las 3:00 p. m., en la zona exterior de Plaza Mayor.<\/li>\n<li>Durante 2025, 1.600 animales han sido adoptados, encontrando una nueva oportunidad y llev\u00e1ndoles alegr\u00eda a los hogares.<\/li>\n<\/ul>\n<!--[if lt IE 9]><script>document.createElement('audio');<\/script><![endif]-->\n\t<div class=\"wp-playlist wp-audio-playlist wp-playlist-light\">\n\t\t\t<div class=\"wp-playlist-current-item\"><\/div>\n\t\t<audio controls=\"controls\" preload=\"none\" width=\"640\"\n\t\t\t><\/audio>\n\t<div class=\"wp-playlist-next\"><\/div>\n\t<div class=\"wp-playlist-prev\"><\/div>\n\t<noscript>\n\t<ol>\n\t\t<li><a href='https:\/\/www.medellin.gov.co\/es\/wp-content\/uploads\/2025\/11\/Declaraciones-secretaria-de-Medio-Ambiente-Marcela-Ruiz-3.mp3'>Declaraciones secretaria de Medio Ambiente, Marcela Ruiz<\/a><\/li>\t<\/ol>\n\t<\/noscript>\n\t<script type=\"application\/json\" class=\"wp-playlist-script\">{\"type\":\"audio\",\"tracklist\":true,\"tracknumbers\":true,\"images\":true,\"artists\":true,\"tracks\":[{\"src\":\"https:\\\/\\\/www.medellin.gov.co\\\/es\\\/wp-content\\\/uploads\\\/2025\\\/11\\\/Declaraciones-secretaria-de-Medio-Ambiente-Marcela-Ruiz-3.mp3\",\"type\":\"audio\\\/mpeg\",\"title\":\"Declaraciones secretaria de Medio Ambiente, Marcela Ruiz\",\"caption\":\"\",\"description\":\"\\u00abDeclaraciones secretaria de Medio Ambiente, Marcela Ruiz\\u00bb. G\\u00e9nero: Blues.\",\"meta\":{\"genre\":\"Blues\",\"length_formatted\":\"0:41\"},\"image\":{\"src\":\"https:\\\/\\\/www.medellin.gov.co\\\/es\\\/wp-includes\\\/images\\\/media\\\/audio.png\",\"width\":48,\"height\":64},\"thumb\":{\"src\":\"https:\\\/\\\/www.medellin.gov.co\\\/es\\\/wp-includes\\\/images\\\/media\\\/audio.png\",\"width\":48,\"height\":64}}]}<\/script>\n<\/div>\n\t\n<p>Medell\u00edn vivir\u00e1 un momento de sensibilidad y compromiso con los animales, durante una nueva jornada, la \u00faltima del a\u00f1o, de adopci\u00f3n de 80 perros y gatos que permanecen en el Centro de Bienestar La Perla a la espera de un hogar. A la vez, la ciudad ratificar\u00e1 su voz en contra del uso de la p\u00f3lvora.<\/p>\n<p><img loading=\"lazy\" class=\"alignnone wp-image-477708 size-full\" title=\"Adoptat\u00f3n\" src=\"https:\/\/www.medellin.gov.co\/es\/wp-content\/uploads\/2025\/11\/Imagen-adoptaton-de-perros-y-gatos-1.jpg\" alt=\"Imagen adoptat\u00f3n de perros y gatos (1)\" width=\"1276\" height=\"850\" srcset=\"https:\/\/www.medellin.gov.co\/es\/wp-content\/uploads\/2025\/11\/Imagen-adoptaton-de-perros-y-gatos-1.jpg 1276w, https:\/\/www.medellin.gov.co\/es\/wp-content\/uploads\/2025\/11\/Imagen-adoptaton-de-perros-y-gatos-1-300x200.jpg 300w, https:\/\/www.medellin.gov.co\/es\/wp-content\/uploads\/2025\/11\/Imagen-adoptaton-de-perros-y-gatos-1-1024x682.jpg 1024w, https:\/\/www.medellin.gov.co\/es\/wp-content\/uploads\/2025\/11\/Imagen-adoptaton-de-perros-y-gatos-1-150x100.jpg 150w, https:\/\/www.medellin.gov.co\/es\/wp-content\/uploads\/2025\/11\/Imagen-adoptaton-de-perros-y-gatos-1-768x512.jpg 768w\" sizes=\"(max-width: 1276px) 100vw, 1276px\" \/><\/p>\n<p>La \u201cadoptat\u00f3n\u201d se realizar\u00e1 en el exterior de la entrada principal de Plaza Mayor, este domingo 23 de noviembre. Esta actividad marca el cierre de la participaci\u00f3n del Distrito en Expopet, en la que desde el 20 de noviembre se promover\u00e1 la adopci\u00f3n responsable.<\/p>\n<p>Al tiempo, se convocar\u00e1 a una concentraci\u00f3n ciudadana para rechazar el uso de la p\u00f3lvora, una pr\u00e1ctica que afecta a la fauna silvestre y dom\u00e9stica, al ambiente y a las personas. A partir de las 11:00 a. m. se firmar\u00e1 el manifiesto Medell\u00edn es Antip\u00f3lvora, un compromiso por unas celebraciones que respetan la vida.<\/p>\n<p><img loading=\"lazy\" class=\"alignnone wp-image-477703 size-full\" title=\"Adoptat\u00f3n\" src=\"https:\/\/www.medellin.gov.co\/es\/wp-content\/uploads\/2025\/11\/Imagen-adoptaton-de-perros-y-gatos-4.jpg\" alt=\"Imagen adoptat\u00f3n de perros y gatos (4)\" width=\"1280\" height=\"720\" srcset=\"https:\/\/www.medellin.gov.co\/es\/wp-content\/uploads\/2025\/11\/Imagen-adoptaton-de-perros-y-gatos-4.jpg 1280w, https:\/\/www.medellin.gov.co\/es\/wp-content\/uploads\/2025\/11\/Imagen-adoptaton-de-perros-y-gatos-4-300x169.jpg 300w, https:\/\/www.medellin.gov.co\/es\/wp-content\/uploads\/2025\/11\/Imagen-adoptaton-de-perros-y-gatos-4-1024x576.jpg 1024w, https:\/\/www.medellin.gov.co\/es\/wp-content\/uploads\/2025\/11\/Imagen-adoptaton-de-perros-y-gatos-4-150x84.jpg 150w, https:\/\/www.medellin.gov.co\/es\/wp-content\/uploads\/2025\/11\/Imagen-adoptaton-de-perros-y-gatos-4-768x432.jpg 768w\" sizes=\"(max-width: 1280px) 100vw, 1280px\" \/><\/p>\n<p>\u201cTendremos distintas actividades para la promoci\u00f3n del cuidado y la tenencia responsable de animales de compa\u00f1\u00eda. Y, tambi\u00e9n, estamos haciendo un pronunciamiento y una acci\u00f3n para decirle a la ciudadan\u00eda que no queremos p\u00f3lvora, que queremos proteger a nuestros animalitos. Somos amigos de los animales y no queremos la p\u00f3lvora en esta Navidad\u201d, expres\u00f3 la secretaria de Medio Ambiente, Marcela Ruiz.<\/p>\n<p>La Administraci\u00f3n Distrital invita a organizaciones animalistas, ambientales, defensores de derechos humanos, personas que hayan sufrido lesiones por p\u00f3lvora y familias cuyos animales de compa\u00f1\u00eda fueron afectados. Quienes asistan pueden llevar un distintivo azul en sus mascotas, como s\u00edmbolo de uni\u00f3n y protecci\u00f3n.<\/p>\n<p><img loading=\"lazy\" class=\"alignnone wp-image-477700 size-full\" title=\"Adoptat\u00f3n\" src=\"https:\/\/www.medellin.gov.co\/es\/wp-content\/uploads\/2025\/11\/Imagen-adoptaton-de-perros-y-gatos-3.jpg\" alt=\"Imagen adoptat\u00f3n de perros y gatos (3)\" width=\"1271\" height=\"850\" srcset=\"https:\/\/www.medellin.gov.co\/es\/wp-content\/uploads\/2025\/11\/Imagen-adoptaton-de-perros-y-gatos-3.jpg 1271w, https:\/\/www.medellin.gov.co\/es\/wp-content\/uploads\/2025\/11\/Imagen-adoptaton-de-perros-y-gatos-3-300x201.jpg 300w, https:\/\/www.medellin.gov.co\/es\/wp-content\/uploads\/2025\/11\/Imagen-adoptaton-de-perros-y-gatos-3-1024x685.jpg 1024w, https:\/\/www.medellin.gov.co\/es\/wp-content\/uploads\/2025\/11\/Imagen-adoptaton-de-perros-y-gatos-3-150x100.jpg 150w, https:\/\/www.medellin.gov.co\/es\/wp-content\/uploads\/2025\/11\/Imagen-adoptaton-de-perros-y-gatos-3-768x514.jpg 768w\" sizes=\"(max-width: 1271px) 100vw, 1271px\" \/><\/p>\n<p>Esta ser\u00e1 la cuarta \u201cadoptat\u00f3n\u201d del a\u00f1o y hace parte de un logro hist\u00f3rico: 1.600 animales han sido adoptados en 2025, superando la meta anual del Plan de Desarrollo Medell\u00edn Te Quiere.<\/p>\n","protected":false},"excerpt":{"rendered":"<p>80 perros y gatos de La Perla estar\u00e1n aptos para adopci\u00f3n, entre las 9:00 a. m. y las 3:00 p. m., en la zona exterior de Plaza Mayor. Durante 2025, 1.600 animales han sido adoptados, &#8230;<\/p>\n","protected":false},"author":95,"featured_media":477706,"comment_status":"open","ping_status":"open","sticky":false,"template":"","format":"standard","meta":[],"categories":[13],"tags":[436],"formato_nota":[],"programas_tax":[],"acf":[],"_links":{"self":[{"href":"https:\/\/www.medellin.gov.co\/es\/wp-json\/wp\/v2\/posts\/477694"}],"collection":[{"href":"https:\/\/www.medellin.gov.co\/es\/wp-json\/wp\/v2\/posts"}],"about":[{"href":"https:\/\/www.medellin.gov.co\/es\/wp-json\/wp\/v2\/types\/post"}],"author":[{"embeddable":true,"href":"https:\/\/www.medellin.gov.co\/es\/wp-json\/wp\/v2\/users\/95"}],"replies":[{"embeddable":true,"href":"https:\/\/www.medellin.gov.co\/es\/wp-json\/wp\/v2\/comments?post=477694"}],"version-history":[{"count":1,"href":"https:\/\/www.medellin.gov.co\/es\/wp-json\/wp\/v2\/posts\/477694\/revisions"}],"predecessor-version":[{"id":477713,"href":"https:\/\/www.medellin.gov.co\/es\/wp-json\/wp\/v2\/posts\/477694\/revisions\/477713"}],"wp:featuredmedia":[{"embeddable":true,"href":"https:\/\/www.medellin.gov.co\/es\/wp-json\/wp\/v2\/media\/477706"}],"wp:attachment":[{"href":"https:\/\/www.medellin.gov.co\/es\/wp-json\/wp\/v2\/media?parent=477694"}],"wp:term":[{"taxonomy":"category","embeddable":true,"href":"https:\/\/www.medellin.gov.co\/es\/wp-json\/wp\/v2\/categories?post=477694"},{"taxonomy":"post_tag","embeddable":true,"href":"https:\/\/www.medellin.gov.co\/es\/wp-json\/wp\/v2\/tags?post=477694"},{"taxonomy":"formato_nota","embeddable":true,"href":"https:\/\/www.medellin.gov.co\/es\/wp-json\/wp\/v2\/formato_nota?post=477694"},{"taxonomy":"programas_tax","embeddable":true,"href":"https:\/\/www.medellin.gov.co\/es\/wp-json\/wp\/v2\/programas_tax?post=477694"}],"curies":[{"name":"wp","href":"https:\/\/api.w.org\/{rel}","templated":true}]}}