{"id":477716,"date":"2025-11-19T14:47:59","date_gmt":"2025-11-19T19:47:59","guid":{"rendered":"https:\/\/www.medellin.gov.co\/es\/?p=477716"},"modified":"2025-11-19T14:47:59","modified_gmt":"2025-11-19T19:47:59","slug":"next-stop-medellin-formo-a-420-estudiantes-para-afianzar-el-bilinguismo-y-la-creacion-audiovisual","status":"publish","type":"post","link":"https:\/\/www.medellin.gov.co\/es\/sala-de-prensa\/noticias\/next-stop-medellin-formo-a-420-estudiantes-para-afianzar-el-bilinguismo-y-la-creacion-audiovisual\/","title":{"rendered":"Next Stop Medell\u00edn form\u00f3 a 420 estudiantes para afianzar el biling\u00fcismo y la creaci\u00f3n audiovisual"},"content":{"rendered":"<ul>\n<li>La estrategia hizo parte de Medellinglish y benefici\u00f3 a estudiantes de grado d\u00e9cimo.<\/li>\n<li>Los participantes desarrollaron proyectos audiovisuales en ingl\u00e9s sobre contextos urbanos, ciencia, tecnolog\u00eda, innovaci\u00f3n y sostenibilidad.<\/li>\n<\/ul>\n<!--[if lt IE 9]><script>document.createElement('audio');<\/script><![endif]-->\n\t<div class=\"wp-playlist wp-audio-playlist wp-playlist-light\">\n\t\t\t<div class=\"wp-playlist-current-item\"><\/div>\n\t\t<audio controls=\"controls\" preload=\"none\" width=\"640\"\n\t\t\t><\/audio>\n\t<div class=\"wp-playlist-next\"><\/div>\n\t<div class=\"wp-playlist-prev\"><\/div>\n\t<noscript>\n\t<ol>\n\t\t<li><a href='https:\/\/www.medellin.gov.co\/es\/wp-content\/uploads\/2025\/11\/Declaraciones-secretaria-de-Educacion-Carolina-Franco-Giraldo-4.mp3'>Declaraciones secretaria de Educaci\u00f3n, Carolina Franco Giraldo<\/a><\/li><li><a href='https:\/\/www.medellin.gov.co\/es\/wp-content\/uploads\/2025\/11\/Declaraciones-estudiante-del-Instituto-Tecnico-Industrial-Pascual-Bravo-Susana-Gomez.mp3'>Declaraciones estudiante del Instituto T\u00e9cnico Industrial Pascual Bravo, Susana G\u00f3mez<\/a><\/li>\t<\/ol>\n\t<\/noscript>\n\t<script type=\"application\/json\" class=\"wp-playlist-script\">{\"type\":\"audio\",\"tracklist\":true,\"tracknumbers\":true,\"images\":true,\"artists\":true,\"tracks\":[{\"src\":\"https:\\\/\\\/www.medellin.gov.co\\\/es\\\/wp-content\\\/uploads\\\/2025\\\/11\\\/Declaraciones-secretaria-de-Educacion-Carolina-Franco-Giraldo-4.mp3\",\"type\":\"audio\\\/mpeg\",\"title\":\"Declaraciones secretaria de Educaci\\u00f3n, Carolina Franco Giraldo\",\"caption\":\"\",\"description\":\"\\u00abDeclaraciones secretaria de Educaci\\u00f3n, Carolina Franco Giraldo\\u00bb. G\\u00e9nero: Blues.\",\"meta\":{\"genre\":\"Blues\",\"length_formatted\":\"0:37\"},\"image\":{\"src\":\"https:\\\/\\\/www.medellin.gov.co\\\/es\\\/wp-includes\\\/images\\\/media\\\/audio.png\",\"width\":48,\"height\":64},\"thumb\":{\"src\":\"https:\\\/\\\/www.medellin.gov.co\\\/es\\\/wp-includes\\\/images\\\/media\\\/audio.png\",\"width\":48,\"height\":64}},{\"src\":\"https:\\\/\\\/www.medellin.gov.co\\\/es\\\/wp-content\\\/uploads\\\/2025\\\/11\\\/Declaraciones-estudiante-del-Instituto-Tecnico-Industrial-Pascual-Bravo-Susana-Gomez.mp3\",\"type\":\"audio\\\/mpeg\",\"title\":\"Declaraciones estudiante del Instituto T\\u00e9cnico Industrial Pascual Bravo, Susana G\\u00f3mez\",\"caption\":\"\",\"description\":\"\\u00abDeclaraciones estudiante del Instituto T\\u00e9cnico Industrial Pascual Bravo, Susana G\\u00f3mez\\u00bb. G\\u00e9nero: Blues.\",\"meta\":{\"genre\":\"Blues\",\"length_formatted\":\"0:32\"},\"image\":{\"src\":\"https:\\\/\\\/www.medellin.gov.co\\\/es\\\/wp-includes\\\/images\\\/media\\\/audio.png\",\"width\":48,\"height\":64},\"thumb\":{\"src\":\"https:\\\/\\\/www.medellin.gov.co\\\/es\\\/wp-includes\\\/images\\\/media\\\/audio.png\",\"width\":48,\"height\":64}}]}<\/script>\n<\/div>\n\t\n<p>La estrategia Next Stop Medell\u00edn, que hace parte del programa Medellinglish, finaliz\u00f3 luego de formar a 420 estudiantes de grado d\u00e9cimo de instituciones educativas oficiales, en todas las comunas y corregimientos de la ciudad. Durante dos meses, los participantes desarrollaron habilidades en ingl\u00e9s a trav\u00e9s de la creaci\u00f3n de contenidos digitales y audiovisuales enfocados en temas como ciencia, tecnolog\u00eda, innovaci\u00f3n, sostenibilidad, paz y memoria.<\/p>\n<p><img loading=\"lazy\" class=\"alignnone wp-image-477724 size-full\" title=\"Next Stop\" src=\"https:\/\/www.medellin.gov.co\/es\/wp-content\/uploads\/2025\/11\/Next-Stop-Medellin-formo-a-420-estudiantes-para-afianzar-el-bilinguismo-y-la-creacion-audiovisual-1.jpg\" alt=\"Next Stop Medell\u00edn form\u00f3 a 420 estudiantes para afianzar el biling\u00fcismo y la creaci\u00f3n audiovisual (1)\" width=\"1273\" height=\"850\" srcset=\"https:\/\/www.medellin.gov.co\/es\/wp-content\/uploads\/2025\/11\/Next-Stop-Medellin-formo-a-420-estudiantes-para-afianzar-el-bilinguismo-y-la-creacion-audiovisual-1.jpg 1273w, https:\/\/www.medellin.gov.co\/es\/wp-content\/uploads\/2025\/11\/Next-Stop-Medellin-formo-a-420-estudiantes-para-afianzar-el-bilinguismo-y-la-creacion-audiovisual-1-300x200.jpg 300w, https:\/\/www.medellin.gov.co\/es\/wp-content\/uploads\/2025\/11\/Next-Stop-Medellin-formo-a-420-estudiantes-para-afianzar-el-bilinguismo-y-la-creacion-audiovisual-1-1024x684.jpg 1024w, https:\/\/www.medellin.gov.co\/es\/wp-content\/uploads\/2025\/11\/Next-Stop-Medellin-formo-a-420-estudiantes-para-afianzar-el-bilinguismo-y-la-creacion-audiovisual-1-150x100.jpg 150w, https:\/\/www.medellin.gov.co\/es\/wp-content\/uploads\/2025\/11\/Next-Stop-Medellin-formo-a-420-estudiantes-para-afianzar-el-bilinguismo-y-la-creacion-audiovisual-1-768x513.jpg 768w\" sizes=\"(max-width: 1273px) 100vw, 1273px\" \/><\/p>\n<p>El proceso incluy\u00f3 espacios de mejoramiento del idioma, an\u00e1lisis del entorno urbano y uso de herramientas tecnol\u00f3gicas para la construcci\u00f3n de productos como cortometrajes, p\u00f3dcast, entrevistas y videos. Cada instituci\u00f3n seleccion\u00f3 su mejor proyecto, lo que permiti\u00f3 elegir a 105 j\u00f3venes que avanzaron a la fase de movilizaci\u00f3n.<\/p>\n<p>\u201cLa experiencia culmin\u00f3 con actividades de contextos reales, como la Universidad de Antioquia, el Jard\u00edn Bot\u00e1nico y el Parque Explora, donde los j\u00f3venes pusieron en pr\u00e1ctica lo aprendido, de manera creativa e innovadora. Con Next Stop, Medell\u00edn sigue avanzando hacia una educaci\u00f3n biling\u00fce, moderna y conectada con el mundo\u201d, manifest\u00f3 la secretaria de Educaci\u00f3n, Carolina Franco Giraldo.<\/p>\n<p><img loading=\"lazy\" class=\"alignnone wp-image-477722 size-full\" title=\"Next Stop\" src=\"https:\/\/www.medellin.gov.co\/es\/wp-content\/uploads\/2025\/11\/Next-Stop-Medellin-formo-a-420-estudiantes-para-afianzar-el-bilinguismo-y-la-creacion-audiovisual-2.jpg\" alt=\"Next Stop Medell\u00edn form\u00f3 a 420 estudiantes para afianzar el biling\u00fcismo y la creaci\u00f3n audiovisual (2)\" width=\"1133\" height=\"850\" srcset=\"https:\/\/www.medellin.gov.co\/es\/wp-content\/uploads\/2025\/11\/Next-Stop-Medellin-formo-a-420-estudiantes-para-afianzar-el-bilinguismo-y-la-creacion-audiovisual-2.jpg 1133w, https:\/\/www.medellin.gov.co\/es\/wp-content\/uploads\/2025\/11\/Next-Stop-Medellin-formo-a-420-estudiantes-para-afianzar-el-bilinguismo-y-la-creacion-audiovisual-2-300x225.jpg 300w, https:\/\/www.medellin.gov.co\/es\/wp-content\/uploads\/2025\/11\/Next-Stop-Medellin-formo-a-420-estudiantes-para-afianzar-el-bilinguismo-y-la-creacion-audiovisual-2-1024x768.jpg 1024w, https:\/\/www.medellin.gov.co\/es\/wp-content\/uploads\/2025\/11\/Next-Stop-Medellin-formo-a-420-estudiantes-para-afianzar-el-bilinguismo-y-la-creacion-audiovisual-2-150x113.jpg 150w, https:\/\/www.medellin.gov.co\/es\/wp-content\/uploads\/2025\/11\/Next-Stop-Medellin-formo-a-420-estudiantes-para-afianzar-el-bilinguismo-y-la-creacion-audiovisual-2-768x576.jpg 768w\" sizes=\"(max-width: 1133px) 100vw, 1133px\" \/><\/p>\n<p>La estrategia culmin\u00f3 con el D\u00eda M, una jornada en la que los finalistas presentaron sus trabajos y participaron en un recorrido guiado en ingl\u00e9s. Posteriormente, vivieron actividades de inmersi\u00f3n, con las que reforzaron su pr\u00e1ctica del idioma, compartieron experiencias con estudiantes de otros establecimientos y recibieron su certificado.<\/p>\n<p>\u201cAprend\u00ed con Medellinglish de maneras realmente divertidas, gracias a los cursos que hizo. Ahora, estamos aqu\u00ed, en la Universidad de Antioquia, y pudimos hacer videos geniales. No se trata solo de clases; nos trajeron aqu\u00ed y nos hicieron un recorrido, y es muy ch\u00e9vere vivir esta experiencia con otras personas porque pudimos conocernos\u201d, explic\u00f3 la estudiante del Instituto T\u00e9cnico Industrial Pascual Bravo, Susana G\u00f3mez.<\/p>\n<p><img loading=\"lazy\" class=\"alignnone wp-image-477721 size-full\" title=\"Next Stop\" src=\"https:\/\/www.medellin.gov.co\/es\/wp-content\/uploads\/2025\/11\/Next-Stop-Medellin-formo-a-420-estudiantes-para-afianzar-el-bilinguismo-y-la-creacion-audiovisual-5.jpg\" alt=\"Next Stop Medell\u00edn form\u00f3 a 420 estudiantes para afianzar el biling\u00fcismo y la creaci\u00f3n audiovisual (5)\" width=\"1133\" height=\"850\" srcset=\"https:\/\/www.medellin.gov.co\/es\/wp-content\/uploads\/2025\/11\/Next-Stop-Medellin-formo-a-420-estudiantes-para-afianzar-el-bilinguismo-y-la-creacion-audiovisual-5.jpg 1133w, https:\/\/www.medellin.gov.co\/es\/wp-content\/uploads\/2025\/11\/Next-Stop-Medellin-formo-a-420-estudiantes-para-afianzar-el-bilinguismo-y-la-creacion-audiovisual-5-300x225.jpg 300w, https:\/\/www.medellin.gov.co\/es\/wp-content\/uploads\/2025\/11\/Next-Stop-Medellin-formo-a-420-estudiantes-para-afianzar-el-bilinguismo-y-la-creacion-audiovisual-5-1024x768.jpg 1024w, https:\/\/www.medellin.gov.co\/es\/wp-content\/uploads\/2025\/11\/Next-Stop-Medellin-formo-a-420-estudiantes-para-afianzar-el-bilinguismo-y-la-creacion-audiovisual-5-150x113.jpg 150w, https:\/\/www.medellin.gov.co\/es\/wp-content\/uploads\/2025\/11\/Next-Stop-Medellin-formo-a-420-estudiantes-para-afianzar-el-bilinguismo-y-la-creacion-audiovisual-5-768x576.jpg 768w\" sizes=\"(max-width: 1133px) 100vw, 1133px\" \/><\/p>\n<p>Next Stop Medell\u00edn se suma, este a\u00f1o, a los avances del programa Distrito Biling\u00fce Medellinglish, que contin\u00faa fortaleciendo el aprendizaje del ingl\u00e9s y la formaci\u00f3n docente en instituciones educativas oficiales, ampliando oportunidades acad\u00e9micas y promoviendo experiencias significativas para los alumnos.<\/p>\n","protected":false},"excerpt":{"rendered":"<p>La estrategia hizo parte de Medellinglish y benefici\u00f3 a estudiantes de grado d\u00e9cimo. Los participantes desarrollaron proyectos audiovisuales en ingl\u00e9s sobre contextos urbanos, ciencia, tecnolog\u00eda, innovaci\u00f3n y sostenibilidad. La estrategia Next Stop Medell\u00edn, que hace &#8230;<\/p>\n","protected":false},"author":95,"featured_media":477723,"comment_status":"open","ping_status":"open","sticky":false,"template":"","format":"standard","meta":[],"categories":[4],"tags":[431],"formato_nota":[],"programas_tax":[],"acf":[],"_links":{"self":[{"href":"https:\/\/www.medellin.gov.co\/es\/wp-json\/wp\/v2\/posts\/477716"}],"collection":[{"href":"https:\/\/www.medellin.gov.co\/es\/wp-json\/wp\/v2\/posts"}],"about":[{"href":"https:\/\/www.medellin.gov.co\/es\/wp-json\/wp\/v2\/types\/post"}],"author":[{"embeddable":true,"href":"https:\/\/www.medellin.gov.co\/es\/wp-json\/wp\/v2\/users\/95"}],"replies":[{"embeddable":true,"href":"https:\/\/www.medellin.gov.co\/es\/wp-json\/wp\/v2\/comments?post=477716"}],"version-history":[{"count":1,"href":"https:\/\/www.medellin.gov.co\/es\/wp-json\/wp\/v2\/posts\/477716\/revisions"}],"predecessor-version":[{"id":477731,"href":"https:\/\/www.medellin.gov.co\/es\/wp-json\/wp\/v2\/posts\/477716\/revisions\/477731"}],"wp:featuredmedia":[{"embeddable":true,"href":"https:\/\/www.medellin.gov.co\/es\/wp-json\/wp\/v2\/media\/477723"}],"wp:attachment":[{"href":"https:\/\/www.medellin.gov.co\/es\/wp-json\/wp\/v2\/media?parent=477716"}],"wp:term":[{"taxonomy":"category","embeddable":true,"href":"https:\/\/www.medellin.gov.co\/es\/wp-json\/wp\/v2\/categories?post=477716"},{"taxonomy":"post_tag","embeddable":true,"href":"https:\/\/www.medellin.gov.co\/es\/wp-json\/wp\/v2\/tags?post=477716"},{"taxonomy":"formato_nota","embeddable":true,"href":"https:\/\/www.medellin.gov.co\/es\/wp-json\/wp\/v2\/formato_nota?post=477716"},{"taxonomy":"programas_tax","embeddable":true,"href":"https:\/\/www.medellin.gov.co\/es\/wp-json\/wp\/v2\/programas_tax?post=477716"}],"curies":[{"name":"wp","href":"https:\/\/api.w.org\/{rel}","templated":true}]}}