{"id":477733,"date":"2025-11-19T15:06:38","date_gmt":"2025-11-19T20:06:38","guid":{"rendered":"https:\/\/www.medellin.gov.co\/es\/?p=477733"},"modified":"2025-11-19T15:06:38","modified_gmt":"2025-11-19T20:06:38","slug":"centros-de-atencion-descentralizados-de-la-alcaldia-de-medellin-se-convierten-en-galerias-a-cielo-abierto","status":"publish","type":"post","link":"https:\/\/www.medellin.gov.co\/es\/sala-de-prensa\/noticias\/centros-de-atencion-descentralizados-de-la-alcaldia-de-medellin-se-convierten-en-galerias-a-cielo-abierto\/","title":{"rendered":"Centros de atenci\u00f3n descentralizados de la Alcald\u00eda de Medell\u00edn, se convierten en galer\u00edas a cielo abierto"},"content":{"rendered":"<ul>\n<li>Los Mascerca de Bel\u00e9n, la Floresta y El Poblado fueron intervenidos con obras art\u00edsticas urbanas, gracias a la articulaci\u00f3n entre la Agencia APP, la Secretar\u00eda de Cultura Ciudadana y el colectivo Comunigraf.<\/li>\n<li>Esta iniciativa se da al tiempo con trabajos preventivos y correctivos que garantizan el buen funcionamiento y la sostenibilidad de la infraestructura.<\/li>\n<\/ul>\n<!--[if lt IE 9]><script>document.createElement('audio');<\/script><![endif]-->\n\t<div class=\"wp-playlist wp-audio-playlist wp-playlist-light\">\n\t\t\t<div class=\"wp-playlist-current-item\"><\/div>\n\t\t<audio controls=\"controls\" preload=\"none\" width=\"640\"\n\t\t\t><\/audio>\n\t<div class=\"wp-playlist-next\"><\/div>\n\t<div class=\"wp-playlist-prev\"><\/div>\n\t<noscript>\n\t<ol>\n\t\t<li><a href='https:\/\/www.medellin.gov.co\/es\/wp-content\/uploads\/2025\/11\/Declaraciones-subsecretaria-de-Servicio-a-la-Ciudadania-Monica-Henao.mp3'>Declaraciones subsecretaria de Servicio a la Ciudadan\u00eda, M\u00f3nica Henao<\/a><\/li>\t<\/ol>\n\t<\/noscript>\n\t<script type=\"application\/json\" class=\"wp-playlist-script\">{\"type\":\"audio\",\"tracklist\":true,\"tracknumbers\":true,\"images\":true,\"artists\":true,\"tracks\":[{\"src\":\"https:\\\/\\\/www.medellin.gov.co\\\/es\\\/wp-content\\\/uploads\\\/2025\\\/11\\\/Declaraciones-subsecretaria-de-Servicio-a-la-Ciudadania-Monica-Henao.mp3\",\"type\":\"audio\\\/mpeg\",\"title\":\"Declaraciones subsecretaria de Servicio a la Ciudadan\\u00eda, M\\u00f3nica Henao\",\"caption\":\"\",\"description\":\"\\u00abDeclaraciones subsecretaria de Servicio a la Ciudadan\\u00eda, M\\u00f3nica Henao\\u00bb. G\\u00e9nero: Blues.\",\"meta\":{\"genre\":\"Blues\",\"length_formatted\":\"0:31\"},\"image\":{\"src\":\"https:\\\/\\\/www.medellin.gov.co\\\/es\\\/wp-includes\\\/images\\\/media\\\/audio.png\",\"width\":48,\"height\":64},\"thumb\":{\"src\":\"https:\\\/\\\/www.medellin.gov.co\\\/es\\\/wp-includes\\\/images\\\/media\\\/audio.png\",\"width\":48,\"height\":64}}]}<\/script>\n<\/div>\n\t\n<p>Medell\u00edn sigue consolid\u00e1ndose como una ciudad galer\u00eda, y ahora los Mascerca, que son los centros de atenci\u00f3n ciudadana de la Alcald\u00eda que ofrecen servicios en un solo lugar para facilitar los tr\u00e1mites a los habitantes de algunas comunas, se llenan de arte y orgullo por nuestra ciudad.<\/p>\n<p><img loading=\"lazy\" class=\"alignnone wp-image-477742 size-full\" title=\"Galer\u00edas a cielo abierto\" src=\"https:\/\/www.medellin.gov.co\/es\/wp-content\/uploads\/2025\/11\/Imagen-MasCerca-galerias-a-cielo-abierto-1.jpg\" alt=\"Imagen MasCerca galer\u00edas a cielo abierto (1)\" width=\"1133\" height=\"850\" srcset=\"https:\/\/www.medellin.gov.co\/es\/wp-content\/uploads\/2025\/11\/Imagen-MasCerca-galerias-a-cielo-abierto-1.jpg 1133w, https:\/\/www.medellin.gov.co\/es\/wp-content\/uploads\/2025\/11\/Imagen-MasCerca-galerias-a-cielo-abierto-1-300x225.jpg 300w, https:\/\/www.medellin.gov.co\/es\/wp-content\/uploads\/2025\/11\/Imagen-MasCerca-galerias-a-cielo-abierto-1-1024x768.jpg 1024w, https:\/\/www.medellin.gov.co\/es\/wp-content\/uploads\/2025\/11\/Imagen-MasCerca-galerias-a-cielo-abierto-1-150x113.jpg 150w, https:\/\/www.medellin.gov.co\/es\/wp-content\/uploads\/2025\/11\/Imagen-MasCerca-galerias-a-cielo-abierto-1-768x576.jpg 768w\" sizes=\"(max-width: 1133px) 100vw, 1133px\" \/><\/p>\n<p>Es as\u00ed como, las sedes de La Floresta, Bel\u00e9n y El Poblado fueron intervenidas por artistas con murales que promueven el sentido de pertenencia por la ciudad, narran historias y exaltan los valores de la campa\u00f1a \u201cQu\u00e9 Orgullo Medell\u00edn\u201d.<\/p>\n<p>La iniciativa se dio en el marco de la Bienal Latidos 2025, organizada por la Agencia APP, la Secretar\u00eda de Cultura Ciudadana y Comunigraff, por medio de la cual se reconoce el arte urbano como una expresi\u00f3n leg\u00edtima del paisaje, la identidad y la memoria colectiva.<\/p>\n<p>Desde la estrategia de cultura ciudadana y construcci\u00f3n de confianza del Distrito, Medell\u00edn es como Vos, naci\u00f3 dicha campa\u00f1a, que invita a reconocer y celebrar aquello que hace \u00fanica a nuestra ciudad: su gente, sus barrios y sus historias.<\/p>\n<p><img loading=\"lazy\" class=\"alignnone wp-image-477737 size-full\" title=\"Galer\u00edas a cielo abierto\" src=\"https:\/\/www.medellin.gov.co\/es\/wp-content\/uploads\/2025\/11\/Imagen-MasCerca-galerias-a-cielo-abierto-2.jpg\" alt=\"Imagen MasCerca galer\u00edas a cielo abierto (2)\" width=\"1133\" height=\"850\" srcset=\"https:\/\/www.medellin.gov.co\/es\/wp-content\/uploads\/2025\/11\/Imagen-MasCerca-galerias-a-cielo-abierto-2.jpg 1133w, https:\/\/www.medellin.gov.co\/es\/wp-content\/uploads\/2025\/11\/Imagen-MasCerca-galerias-a-cielo-abierto-2-300x225.jpg 300w, https:\/\/www.medellin.gov.co\/es\/wp-content\/uploads\/2025\/11\/Imagen-MasCerca-galerias-a-cielo-abierto-2-1024x768.jpg 1024w, https:\/\/www.medellin.gov.co\/es\/wp-content\/uploads\/2025\/11\/Imagen-MasCerca-galerias-a-cielo-abierto-2-150x113.jpg 150w, https:\/\/www.medellin.gov.co\/es\/wp-content\/uploads\/2025\/11\/Imagen-MasCerca-galerias-a-cielo-abierto-2-768x576.jpg 768w\" sizes=\"(max-width: 1133px) 100vw, 1133px\" \/><\/p>\n<p>\u201cNo solo mejoramos los Mascerca con obras preventivas que nos permitir\u00e1n garantizar el buen funcionamiento y obras correctivas que buscan asegurar la sostenibilidad de la infraestructura en el tiempo, sino que ahora se llenan de arte y orgullo por la ciudad. Son nuevos murales, que no solo llenan de color las paredes, sino que transmiten historias y emociones que reflejan la esencia medellinense, aquello que nos hace sentir orgullosos\u201d, afirm\u00f3 la subsecretaria de Servicio a la Ciudadan\u00eda, M\u00f3nica Henao.<\/p>\n<p>En La Floresta, la artista Ana Milena Tamayo Destousse (Morfe), recrea un paisaje cotidiano: calles con personas rumbo a casa, un perro paseando y una zarig\u00fceya trepando un \u00e1rbol, record\u00e1ndonos que la naturaleza tambi\u00e9n habita entre el concreto y que la familia se vive en las calles, en la vida diaria y en el respeto por el entorno. Por su parte, Daniel Urrego plasm\u00f3 en el Mascerca El Poblado el encuentro entre dos miradas sonrientes, s\u00edmbolo de cercan\u00eda y empat\u00eda entre generaciones. Y en Bel\u00e9n, el \u00e1rbol de bala de ca\u00f1\u00f3n, s\u00edmbolo natural de la comuna, se convirti\u00f3 en el hilo conductor de la obra \u201cUnidad, memoria y ra\u00edces de Bel\u00e9n\u201d del artista Jos\u00e9 Miguel G\u00f3mez Monroy.<\/p>\n<p><img loading=\"lazy\" class=\"alignnone wp-image-477736 size-full\" title=\"Galer\u00edas a cielo abierto\" src=\"https:\/\/www.medellin.gov.co\/es\/wp-content\/uploads\/2025\/11\/Imagen-MasCerca-galerias-a-cielo-abierto-5.jpg\" alt=\"Imagen MasCerca galer\u00edas a cielo abierto (5)\" width=\"1280\" height=\"720\" srcset=\"https:\/\/www.medellin.gov.co\/es\/wp-content\/uploads\/2025\/11\/Imagen-MasCerca-galerias-a-cielo-abierto-5.jpg 1280w, https:\/\/www.medellin.gov.co\/es\/wp-content\/uploads\/2025\/11\/Imagen-MasCerca-galerias-a-cielo-abierto-5-300x169.jpg 300w, https:\/\/www.medellin.gov.co\/es\/wp-content\/uploads\/2025\/11\/Imagen-MasCerca-galerias-a-cielo-abierto-5-1024x576.jpg 1024w, https:\/\/www.medellin.gov.co\/es\/wp-content\/uploads\/2025\/11\/Imagen-MasCerca-galerias-a-cielo-abierto-5-150x84.jpg 150w, https:\/\/www.medellin.gov.co\/es\/wp-content\/uploads\/2025\/11\/Imagen-MasCerca-galerias-a-cielo-abierto-5-768x432.jpg 768w\" sizes=\"(max-width: 1280px) 100vw, 1280px\" \/><\/p>\n<p>Los artistas fueron seleccionados mediante convocatoria y hacen parte del Banco de Artistas Urbanos Gr\u00e1ficos de Medell\u00edn. Las obras preventivas y correctivas para garantizar el buen funcionamiento y la sostenibilidad de la infraestructura, se realizan a trav\u00e9s de un contrato interadministrativo entre el Distrito y la EDU. Por este motivo, el Mascerca de Bel\u00e9n permanecer\u00e1 cerrado temporalmente hasta el s\u00e1bado 22 de noviembre.<\/p>\n","protected":false},"excerpt":{"rendered":"<p>Los Mascerca de Bel\u00e9n, la Floresta y El Poblado fueron intervenidos con obras art\u00edsticas urbanas, gracias a la articulaci\u00f3n entre la Agencia APP, la Secretar\u00eda de Cultura Ciudadana y el colectivo Comunigraf. Esta iniciativa se &#8230;<\/p>\n","protected":false},"author":95,"featured_media":477739,"comment_status":"open","ping_status":"open","sticky":false,"template":"","format":"standard","meta":[],"categories":[2],"tags":[437],"formato_nota":[],"programas_tax":[],"acf":[],"_links":{"self":[{"href":"https:\/\/www.medellin.gov.co\/es\/wp-json\/wp\/v2\/posts\/477733"}],"collection":[{"href":"https:\/\/www.medellin.gov.co\/es\/wp-json\/wp\/v2\/posts"}],"about":[{"href":"https:\/\/www.medellin.gov.co\/es\/wp-json\/wp\/v2\/types\/post"}],"author":[{"embeddable":true,"href":"https:\/\/www.medellin.gov.co\/es\/wp-json\/wp\/v2\/users\/95"}],"replies":[{"embeddable":true,"href":"https:\/\/www.medellin.gov.co\/es\/wp-json\/wp\/v2\/comments?post=477733"}],"version-history":[{"count":1,"href":"https:\/\/www.medellin.gov.co\/es\/wp-json\/wp\/v2\/posts\/477733\/revisions"}],"predecessor-version":[{"id":477745,"href":"https:\/\/www.medellin.gov.co\/es\/wp-json\/wp\/v2\/posts\/477733\/revisions\/477745"}],"wp:featuredmedia":[{"embeddable":true,"href":"https:\/\/www.medellin.gov.co\/es\/wp-json\/wp\/v2\/media\/477739"}],"wp:attachment":[{"href":"https:\/\/www.medellin.gov.co\/es\/wp-json\/wp\/v2\/media?parent=477733"}],"wp:term":[{"taxonomy":"category","embeddable":true,"href":"https:\/\/www.medellin.gov.co\/es\/wp-json\/wp\/v2\/categories?post=477733"},{"taxonomy":"post_tag","embeddable":true,"href":"https:\/\/www.medellin.gov.co\/es\/wp-json\/wp\/v2\/tags?post=477733"},{"taxonomy":"formato_nota","embeddable":true,"href":"https:\/\/www.medellin.gov.co\/es\/wp-json\/wp\/v2\/formato_nota?post=477733"},{"taxonomy":"programas_tax","embeddable":true,"href":"https:\/\/www.medellin.gov.co\/es\/wp-json\/wp\/v2\/programas_tax?post=477733"}],"curies":[{"name":"wp","href":"https:\/\/api.w.org\/{rel}","templated":true}]}}