{"id":478766,"date":"2025-11-20T16:37:09","date_gmt":"2025-11-20T21:37:09","guid":{"rendered":"https:\/\/www.medellin.gov.co\/es\/?p=478766"},"modified":"2025-11-20T16:37:09","modified_gmt":"2025-11-20T21:37:09","slug":"la-volqueta-de-gustavo-una-vida-entera-conduciendo-por-medellin","status":"publish","type":"post","link":"https:\/\/www.medellin.gov.co\/es\/sala-de-prensa\/noticias\/la-volqueta-de-gustavo-una-vida-entera-conduciendo-por-medellin\/","title":{"rendered":"La volqueta de Gustavo: una vida entera conduciendo por Medell\u00edn"},"content":{"rendered":"<blockquote><p><em>Por m\u00e1s de tres d\u00e9cadas, Gustavo de Jes\u00fas Rojas Vanegas ha conducido mucho m\u00e1s que veh\u00edculos: ha manejado historias, ha transportado el pulso de una ciudad y ha aprendido que la vida, como la carretera, se recorre con paciencia, destreza y cuidado. Tiene 62 a\u00f1os, pero su energ\u00eda y su mirada conservan el brillo de quien a\u00fan disfruta lo que hace. \u201cVoy para 36 a\u00f1os en la Alcald\u00eda de Medell\u00edn, dice, y todo ha sido detr\u00e1s de un volante\u201d.<\/em><\/p><\/blockquote>\n<p>Su historia empez\u00f3 de forma humilde: \u201c<em>Comenc\u00e9 siendo un obrero de coberturas, dur\u00e9 apenas 20 d\u00edas ah\u00ed, de ah\u00ed para adelante, conductor<\/em>\u201d. Desde entonces, las llaves y los motores se convirtieron en su herramienta diaria. Pas\u00f3 por varias dependencias: fue conductor escolta del exalcalde Sergio Naranjo, trabaj\u00f3 para el Concejo de Medell\u00edn, recorri\u00f3 distintos rincones de la ciudad y hace unos 13 o14 a\u00f1os, lleg\u00f3 a la Secretar\u00eda de Medio Ambiente, donde a\u00fan trabaja.<\/p>\n<p><strong>Su labor<\/strong><\/p>\n<p>Hoy conduce \u201cuna volquetica\u201d, como \u00e9l la llama, aunque sabe que la responsabilidad es enorme. <em>\u201cMe toca en las periferias de Medell\u00edn. No es solamente la volqueta, muchas veces tengo que andar con un veh\u00edculo pesado atr\u00e1s, una m\u00e1quina amarilla, transportar materiales, evacuar las cosas de las quebradas y lo que mis compa\u00f1eros necesitan\u201d<\/em>. No son simples recorridos: cada viaje es parte de las labores que permiten que la ciudad funcione, que las emergencias se atiendan y que las quebradas fluyan libres y seguras.<\/p>\n<p>Su memoria guarda un cat\u00e1logo de momentos intensos, pero hay uno que no logra borrar. Fue en San Antonio de Prado, junto a los bomberos: <em>\u201cMe toc\u00f3 ver sacar a una se\u00f1ora con dos ni\u00f1as abrazadas\u2026 ya fallecidas las tres. Eso nunca\u2026 nunca se olvida\u201d<\/em>. No recuerda con exactitud el a\u00f1o porque <em>\u201cel tiempo aqu\u00ed pasa muy ligero<\/em>\u201d, pero lo que s\u00ed olvida es la sensaci\u00f3n que le dej\u00f3: un peso que a\u00fan siente en el pecho.<\/p>\n<div id=\"attachment_478788\" style=\"width: 1143px\" class=\"wp-caption alignnone\"><img aria-describedby=\"caption-attachment-478788\" loading=\"lazy\" class=\"wp-image-478788 size-full\" title=\"Gustavo de Jes\u00fas Rojas Vanegas\" src=\"https:\/\/www.medellin.gov.co\/es\/wp-content\/uploads\/2025\/11\/Foto-1conductormedioambiente.jpg\" alt=\"Gustavo de Jes\u00fas Rojas Vanegas\" width=\"1133\" height=\"850\" srcset=\"https:\/\/www.medellin.gov.co\/es\/wp-content\/uploads\/2025\/11\/Foto-1conductormedioambiente.jpg 1133w, https:\/\/www.medellin.gov.co\/es\/wp-content\/uploads\/2025\/11\/Foto-1conductormedioambiente-300x225.jpg 300w, https:\/\/www.medellin.gov.co\/es\/wp-content\/uploads\/2025\/11\/Foto-1conductormedioambiente-1024x768.jpg 1024w, https:\/\/www.medellin.gov.co\/es\/wp-content\/uploads\/2025\/11\/Foto-1conductormedioambiente-150x113.jpg 150w, https:\/\/www.medellin.gov.co\/es\/wp-content\/uploads\/2025\/11\/Foto-1conductormedioambiente-768x576.jpg 768w\" sizes=\"(max-width: 1133px) 100vw, 1133px\" \/><p id=\"caption-attachment-478788\" class=\"wp-caption-text\">Gustavo de Jes\u00fas Rojas Vanegas<\/p><\/div>\n<p>M\u00e1s all\u00e1 de su labor como conductor, Gustavo es mec\u00e1nico industrial, formado en el Pascual Bravo. Su habilidad para maniobrar ha despertado admiraci\u00f3n entre sus compa\u00f1eros. \u201c<em>Ac\u00e1 me dicen La Pira\u00f1a<\/em>\u2026<em>Y todo el mundo me admira por eso<\/em>\u201d, cuenta con una mezcla de orgullo y humor. Esa destreza le ha permitido sortear terrenos dif\u00edciles y cumplir con su trabajo en condiciones que a muchos les parecer\u00edan imposibles.<\/p>\n<p>Cuando se le pregunta qu\u00e9 ha significado para \u00e9l la Alcald\u00eda, no duda en responder: \u201c<em>La Alcald\u00eda es lo mejor de la vida\u2026 todo me lo entreg\u00f3<\/em>\u201d. Su voz no es solo de gratitud, es la voz de alguien que ha visto su vida construirse gracias a un trabajo estable, a una instituci\u00f3n que le ha permitido sostener y educar a su familia. \u201c<em>Tengo cinco hijos, todos con estudio y con vida propia\u2026 No me hace falta nada. Y nada es nada<\/em>\u201d, dice, subrayando cada palabra.<\/p>\n<p><strong>Testigo de varios cambios<\/strong><\/p>\n<div id=\"attachment_478785\" style=\"width: 1143px\" class=\"wp-caption alignnone\"><img aria-describedby=\"caption-attachment-478785\" loading=\"lazy\" class=\"wp-image-478785 size-full\" title=\"Gustavo de Jes\u00fas Rojas Vanegas\" src=\"https:\/\/www.medellin.gov.co\/es\/wp-content\/uploads\/2025\/11\/Foto-3conductormedioambiente.jpg\" alt=\"Gustavo de Jes\u00fas Rojas Vanegas\" width=\"1133\" height=\"850\" srcset=\"https:\/\/www.medellin.gov.co\/es\/wp-content\/uploads\/2025\/11\/Foto-3conductormedioambiente.jpg 1133w, https:\/\/www.medellin.gov.co\/es\/wp-content\/uploads\/2025\/11\/Foto-3conductormedioambiente-300x225.jpg 300w, https:\/\/www.medellin.gov.co\/es\/wp-content\/uploads\/2025\/11\/Foto-3conductormedioambiente-1024x768.jpg 1024w, https:\/\/www.medellin.gov.co\/es\/wp-content\/uploads\/2025\/11\/Foto-3conductormedioambiente-150x113.jpg 150w, https:\/\/www.medellin.gov.co\/es\/wp-content\/uploads\/2025\/11\/Foto-3conductormedioambiente-768x576.jpg 768w\" sizes=\"(max-width: 1133px) 100vw, 1133px\" \/><p id=\"caption-attachment-478785\" class=\"wp-caption-text\">Gustavo de Jes\u00fas Rojas Vanegas<\/p><\/div>\n<p>No todo ha sido f\u00e1cil. Ha vivido separaciones, ha tenido que reinventarse m\u00e1s de una vez y adaptarse a los cambios en la ciudad y en su trabajo. Pero en todo momento, la volqueta ha estado ah\u00ed, como un s\u00edmbolo de constancia. \u201c<em>Es una pelea de vida diaria, pero son circunstancias muy bonitas todas\u201d<\/em>, afirma.<\/p>\n<p>En sus casi 36 a\u00f1os de servicio, Gustavo ha sido testigo de c\u00f3mo Medell\u00edn se ha transformado. Ha recorrido barrios y corregimientos, ha entrado a zonas que pocos conocen, ha visto nacer obras, abrirse caminos y crecer parques. Su labor es silenciosa, lejos de las c\u00e1maras y los reflectores, pero esencial. Porque cada carga de escombros retirada, cada material transportado, es parte de un engranaje mayor que sostiene el bienestar de la ciudad.<\/p>\n<p>Quiz\u00e1s por eso, cada vez que enciende su volqueta, sabe que no solo est\u00e1 iniciando otro d\u00eda de trabajo: est\u00e1 sumando una p\u00e1gina m\u00e1s a su propia historia y a la de Medell\u00edn. Una historia que comenz\u00f3 por casualidad. \u201c<em>Mi pap\u00e1 me ayud\u00f3 a entrar, me prestaron un veh\u00edculo liviano y de ah\u00ed en adelante la vida se me abri\u00f3<\/em>\u201d y que, con cada kil\u00f3metro recorrido, ha reforzado su sentido de pertenencia.<\/p>\n<p><strong>Su gratitud con la Alcald\u00eda<\/strong><\/p>\n\n\t\t<style type=\"text\/css\">\n\t\t\t#gallery-1 {\n\t\t\t\tmargin: auto;\n\t\t\t}\n\t\t\t#gallery-1 .gallery-item {\n\t\t\t\tfloat: left;\n\t\t\t\tmargin-top: 10px;\n\t\t\t\ttext-align: center;\n\t\t\t\twidth: 50%;\n\t\t\t}\n\t\t\t#gallery-1 img {\n\t\t\t\tborder: 2px solid #cfcfcf;\n\t\t\t}\n\t\t\t#gallery-1 .gallery-caption {\n\t\t\t\tmargin-left: 0;\n\t\t\t}\n\t\t\t\/* see gallery_shortcode() in wp-includes\/media.php *\/\n\t\t<\/style>\n\t\t<div id='gallery-1' class='gallery galleryid-478766 gallery-columns-2 gallery-size-full'><dl class='gallery-item'>\n\t\t\t<dt class='gallery-icon landscape'>\n\t\t\t\t<a href='https:\/\/www.medellin.gov.co\/es\/sala-de-prensa\/noticias\/la-volqueta-de-gustavo-una-vida-entera-conduciendo-por-medellin\/foto-5conductormedioambiente\/'><img width=\"1133\" height=\"850\" src=\"https:\/\/www.medellin.gov.co\/es\/wp-content\/uploads\/2025\/11\/Foto-5conductormedioambiente.jpg\" class=\"attachment-full size-full\" alt=\"Gustavo de Jes\u00fas Rojas Vanegas\" loading=\"lazy\" aria-describedby=\"gallery-1-478782\" srcset=\"https:\/\/www.medellin.gov.co\/es\/wp-content\/uploads\/2025\/11\/Foto-5conductormedioambiente.jpg 1133w, https:\/\/www.medellin.gov.co\/es\/wp-content\/uploads\/2025\/11\/Foto-5conductormedioambiente-300x225.jpg 300w, https:\/\/www.medellin.gov.co\/es\/wp-content\/uploads\/2025\/11\/Foto-5conductormedioambiente-1024x768.jpg 1024w, https:\/\/www.medellin.gov.co\/es\/wp-content\/uploads\/2025\/11\/Foto-5conductormedioambiente-150x113.jpg 150w, https:\/\/www.medellin.gov.co\/es\/wp-content\/uploads\/2025\/11\/Foto-5conductormedioambiente-768x576.jpg 768w\" sizes=\"(max-width: 1133px) 100vw, 1133px\" \/><\/a>\n\t\t\t<\/dt>\n\t\t\t\t<dd class='wp-caption-text gallery-caption' id='gallery-1-478782'>\n\t\t\t\tGustavo de Jes\u00fas Rojas Vanegas \n\t\t\t\t<\/dd><\/dl><dl class='gallery-item'>\n\t\t\t<dt class='gallery-icon landscape'>\n\t\t\t\t<a href='https:\/\/www.medellin.gov.co\/es\/sala-de-prensa\/noticias\/la-volqueta-de-gustavo-una-vida-entera-conduciendo-por-medellin\/foto-4conductormedioambiente\/'><img width=\"1133\" height=\"850\" src=\"https:\/\/www.medellin.gov.co\/es\/wp-content\/uploads\/2025\/11\/Foto-4conductormedioambiente.jpg\" class=\"attachment-full size-full\" alt=\"Gustavo de Jes\u00fas Rojas Vanegas\" loading=\"lazy\" aria-describedby=\"gallery-1-478783\" srcset=\"https:\/\/www.medellin.gov.co\/es\/wp-content\/uploads\/2025\/11\/Foto-4conductormedioambiente.jpg 1133w, https:\/\/www.medellin.gov.co\/es\/wp-content\/uploads\/2025\/11\/Foto-4conductormedioambiente-300x225.jpg 300w, https:\/\/www.medellin.gov.co\/es\/wp-content\/uploads\/2025\/11\/Foto-4conductormedioambiente-1024x768.jpg 1024w, https:\/\/www.medellin.gov.co\/es\/wp-content\/uploads\/2025\/11\/Foto-4conductormedioambiente-150x113.jpg 150w, https:\/\/www.medellin.gov.co\/es\/wp-content\/uploads\/2025\/11\/Foto-4conductormedioambiente-768x576.jpg 768w\" sizes=\"(max-width: 1133px) 100vw, 1133px\" \/><\/a>\n\t\t\t<\/dt>\n\t\t\t\t<dd class='wp-caption-text gallery-caption' id='gallery-1-478783'>\n\t\t\t\tGustavo de Jes\u00fas Rojas Vanegas \n\t\t\t\t<\/dd><\/dl><br style=\"clear: both\" \/>\n\t\t<\/div>\n\n<p><em>\u201cTodo me lo dio la Alcald\u00eda: mi superaci\u00f3n, mi vida y mi tranquilidad\u2026 no tengo nada de qu\u00e9 quejarme\u201d<\/em>, repite, como si quisiera que quedara claro. Y mientras lo dice, su mirada se ilumina: la de alguien que, desde la cabina de una volqueta, ha encontrado no solo un empleo, sino una forma de vivir, servir y dejar huella en la ciudad que ha sido su ruta y su destino.<\/p>\n<p>En la Secretar\u00eda de Medio Ambiente reconocemos el trabajo de todos nuestros conductores, hombres y mujeres que, como Gustavo, recorren la ciudad entera llevando herramientas, materiales y soluciones a donde m\u00e1s se necesitan. Su labor, muchas veces silenciosa, es clave para que los proyectos ambientales avancen y para que Medell\u00edn siga respirando, creciendo y transform\u00e1ndose.<\/p>\n","protected":false},"excerpt":{"rendered":"<p>Por m\u00e1s de tres d\u00e9cadas, Gustavo de Jes\u00fas Rojas Vanegas ha conducido mucho m\u00e1s que veh\u00edculos: ha manejado historias, ha transportado el pulso de una ciudad y ha aprendido que la vida, como la carretera, &#8230;<\/p>\n","protected":false},"author":17,"featured_media":478780,"comment_status":"open","ping_status":"open","sticky":false,"template":"","format":"standard","meta":[],"categories":[13],"tags":[436],"formato_nota":[],"programas_tax":[],"acf":[],"_links":{"self":[{"href":"https:\/\/www.medellin.gov.co\/es\/wp-json\/wp\/v2\/posts\/478766"}],"collection":[{"href":"https:\/\/www.medellin.gov.co\/es\/wp-json\/wp\/v2\/posts"}],"about":[{"href":"https:\/\/www.medellin.gov.co\/es\/wp-json\/wp\/v2\/types\/post"}],"author":[{"embeddable":true,"href":"https:\/\/www.medellin.gov.co\/es\/wp-json\/wp\/v2\/users\/17"}],"replies":[{"embeddable":true,"href":"https:\/\/www.medellin.gov.co\/es\/wp-json\/wp\/v2\/comments?post=478766"}],"version-history":[{"count":1,"href":"https:\/\/www.medellin.gov.co\/es\/wp-json\/wp\/v2\/posts\/478766\/revisions"}],"predecessor-version":[{"id":478808,"href":"https:\/\/www.medellin.gov.co\/es\/wp-json\/wp\/v2\/posts\/478766\/revisions\/478808"}],"wp:featuredmedia":[{"embeddable":true,"href":"https:\/\/www.medellin.gov.co\/es\/wp-json\/wp\/v2\/media\/478780"}],"wp:attachment":[{"href":"https:\/\/www.medellin.gov.co\/es\/wp-json\/wp\/v2\/media?parent=478766"}],"wp:term":[{"taxonomy":"category","embeddable":true,"href":"https:\/\/www.medellin.gov.co\/es\/wp-json\/wp\/v2\/categories?post=478766"},{"taxonomy":"post_tag","embeddable":true,"href":"https:\/\/www.medellin.gov.co\/es\/wp-json\/wp\/v2\/tags?post=478766"},{"taxonomy":"formato_nota","embeddable":true,"href":"https:\/\/www.medellin.gov.co\/es\/wp-json\/wp\/v2\/formato_nota?post=478766"},{"taxonomy":"programas_tax","embeddable":true,"href":"https:\/\/www.medellin.gov.co\/es\/wp-json\/wp\/v2\/programas_tax?post=478766"}],"curies":[{"name":"wp","href":"https:\/\/api.w.org\/{rel}","templated":true}]}}