{"id":478865,"date":"2025-11-20T17:18:22","date_gmt":"2025-11-20T22:18:22","guid":{"rendered":"https:\/\/www.medellin.gov.co\/es\/?p=478865"},"modified":"2025-11-20T17:18:22","modified_gmt":"2025-11-20T22:18:22","slug":"golpe-a-grupo-delincuencial-la-raya-con-la-captura-de-su-coordinador-y-otros-doce-integrantes-en-medellin","status":"publish","type":"post","link":"https:\/\/www.medellin.gov.co\/es\/sala-de-prensa\/noticias\/golpe-a-grupo-delincuencial-la-raya-con-la-captura-de-su-coordinador-y-otros-doce-integrantes-en-medellin\/","title":{"rendered":"Golpe a grupo delincuencial La Raya con la captura de su coordinador y otros doce integrantes en Medell\u00edn"},"content":{"rendered":"<ul>\n<li>Se materializaron tres allanamientos y diez \u00f3rdenes de captura.<\/li>\n<li>Fueron detenidas 13 personas vinculadas al tr\u00e1fico de estupefacientes y concierto para delinquir.<\/li>\n<li>Se trat\u00f3 de una acci\u00f3n conjunta entre Alcald\u00eda de Medell\u00edn, Polic\u00eda Metropolitana y <a href=\"https:\/\/www.fiscalia.gov.co\/colombia\/\" target=\"_blank\" rel=\"noopener\">Fiscal\u00eda<\/a>.<\/li>\n<\/ul>\n<!--[if lt IE 9]><script>document.createElement('audio');<\/script><![endif]-->\n\t<div class=\"wp-playlist wp-audio-playlist wp-playlist-light\">\n\t\t\t<div class=\"wp-playlist-current-item\"><\/div>\n\t\t<audio controls=\"controls\" preload=\"none\" width=\"640\"\n\t\t\t><\/audio>\n\t<div class=\"wp-playlist-next\"><\/div>\n\t<div class=\"wp-playlist-prev\"><\/div>\n\t<noscript>\n\t<ol>\n\t\t<li><a href='https:\/\/www.medellin.gov.co\/es\/wp-content\/uploads\/2025\/11\/Declaraciones-del-secretario-de-Seguridad-y-Convivencia-Manuel-Villa-Mejia-1.mp3'>Declaraciones del secretario de Seguridad y Convivencia, Manuel Villa Mej\u00eda<\/a><\/li>\t<\/ol>\n\t<\/noscript>\n\t<script type=\"application\/json\" class=\"wp-playlist-script\">{\"type\":\"audio\",\"tracklist\":true,\"tracknumbers\":true,\"images\":true,\"artists\":true,\"tracks\":[{\"src\":\"https:\\\/\\\/www.medellin.gov.co\\\/es\\\/wp-content\\\/uploads\\\/2025\\\/11\\\/Declaraciones-del-secretario-de-Seguridad-y-Convivencia-Manuel-Villa-Mejia-1.mp3\",\"type\":\"audio\\\/mpeg\",\"title\":\"Declaraciones del secretario de Seguridad y Convivencia, Manuel Villa Mej\\u00eda\",\"caption\":\"\",\"description\":\"\\u00abDeclaraciones del secretario de Seguridad y Convivencia, Manuel Villa Mej\\u00eda\\u00bb.\",\"meta\":{\"length_formatted\":\"1:08\"},\"image\":{\"src\":\"https:\\\/\\\/www.medellin.gov.co\\\/es\\\/wp-includes\\\/images\\\/media\\\/audio.png\",\"width\":48,\"height\":64},\"thumb\":{\"src\":\"https:\\\/\\\/www.medellin.gov.co\\\/es\\\/wp-includes\\\/images\\\/media\\\/audio.png\",\"width\":48,\"height\":64}}]}<\/script>\n<\/div>\n\t\n<p>En un operativo articulado entre la Alcald\u00eda de Medell\u00edn, la Polic\u00eda Metropolitana del Valle de Aburr\u00e1 y la Fiscal\u00eda General de la Naci\u00f3n, fue capturado alias \u2018Chucho\u2019, se\u00f1alado coordinador del tr\u00e1fico de estupefacientes del GDCO La Raya, con m\u00e1s de 15 a\u00f1os de trayectoria criminal. La intervenci\u00f3n se desarroll\u00f3 en el sector de Cristo Rey, donde se ejecutaron tres diligencias de registro y allanamiento y se hicieron efectivas diez \u00f3rdenes de captura en v\u00eda p\u00fablica.<\/p>\n<p>En total, 13 personas fueron detenidas y puestas a disposici\u00f3n de las autoridades por los delitos de tr\u00e1fico, fabricaci\u00f3n y porte de estupefacientes, y concierto para delinquir agravado. Adem\u00e1s, se les incautaron 780 gramos de marihuana, dos celulares y elementos utilizados para la dosificaci\u00f3n de la droga.<\/p>\n<p>Seg\u00fan las investigaciones, alias Chucho lideraba la dosificaci\u00f3n, almacenamiento y distribuci\u00f3n de sustancias estupefacientes en favor de las econom\u00edas il\u00edcitas del GDCO Plaza Cristo Rey, estructura que generaba rentas criminales cercanas a los $45 millones mensuales. Para evadir a las autoridades, el capturado modificaba constantemente sus lugares de residencia y utilizaba casas de fachada para ocultar la actividad delictiva. Las diligencias se realizaron de manera simult\u00e1nea y en puntos estrat\u00e9gicos previamente georreferenciados.<\/p>\n<p><a href=\"https:\/\/www.medellin.gov.co\/es\/wp-content\/uploads\/2025\/11\/Imagen-de-capturados-por-la-policia.jpg\" target=\"_blank\" rel=\"noopener\"><img loading=\"lazy\" class=\"alignnone wp-image-478891 size-full\" src=\"https:\/\/www.medellin.gov.co\/es\/wp-content\/uploads\/2025\/11\/Imagen-de-capturados-por-la-policia.jpg\" alt=\"Imagen de capturados por la polic\u00eda\" width=\"1280\" height=\"504\" srcset=\"https:\/\/www.medellin.gov.co\/es\/wp-content\/uploads\/2025\/11\/Imagen-de-capturados-por-la-policia.jpg 1280w, https:\/\/www.medellin.gov.co\/es\/wp-content\/uploads\/2025\/11\/Imagen-de-capturados-por-la-policia-300x118.jpg 300w, https:\/\/www.medellin.gov.co\/es\/wp-content\/uploads\/2025\/11\/Imagen-de-capturados-por-la-policia-1024x403.jpg 1024w, https:\/\/www.medellin.gov.co\/es\/wp-content\/uploads\/2025\/11\/Imagen-de-capturados-por-la-policia-150x59.jpg 150w, https:\/\/www.medellin.gov.co\/es\/wp-content\/uploads\/2025\/11\/Imagen-de-capturados-por-la-policia-768x302.jpg 768w\" sizes=\"(max-width: 1280px) 100vw, 1280px\" \/><\/a><\/p>\n<p>\u201c<em>Seguimos desmantelando las econom\u00edas ilegales que afectan nuestros barrios. Estos resultados son producto de la inteligencia, el trabajo articulado y la cooperaci\u00f3n con las autoridades judiciales y policiales<\/em>\u201d, expres\u00f3 el secretario de Seguridad y Convivencia, Manuel Villa Mej\u00eda.<\/p>\n<p>Alias Chucho habr\u00eda ejercido roles de mando dentro del GDCO La Raya durante m\u00e1s de una d\u00e9cada, coordinando puntos de expendio en Cristo Rey y sectores aleda\u00f1os, adem\u00e1s de presunta participaci\u00f3n en disputas territoriales, amenazas y extorsiones asociadas al control de corredores de microtr\u00e1fico.<\/p>\n<p>\u201c<em>Estos golpes env\u00edan un mensaje claro a quienes insisten en vulnerar la ley: vamos tras ellos y no vamos a permitir que sostengan su poder criminal. Medell\u00edn avanza con decisiones firmes, presencia territorial e investigaci\u00f3n rigurosa<\/em>\u201d, enfatiz\u00f3 el secretario.<\/p>\n<p>Los 13 capturados quedaron a disposici\u00f3n de la Fiscal\u00eda para las audiencias de legalizaci\u00f3n de captura.<\/p>\n","protected":false},"excerpt":{"rendered":"<p>Se materializaron tres allanamientos y diez \u00f3rdenes de captura. Fueron detenidas 13 personas vinculadas al tr\u00e1fico de estupefacientes y concierto para delinquir. Se trat\u00f3 de una acci\u00f3n conjunta entre Alcald\u00eda de Medell\u00edn, Polic\u00eda Metropolitana y &#8230;<\/p>\n","protected":false},"author":21,"featured_media":478891,"comment_status":"open","ping_status":"open","sticky":false,"template":"","format":"standard","meta":[],"categories":[21],"tags":[619],"formato_nota":[],"programas_tax":[],"acf":[],"_links":{"self":[{"href":"https:\/\/www.medellin.gov.co\/es\/wp-json\/wp\/v2\/posts\/478865"}],"collection":[{"href":"https:\/\/www.medellin.gov.co\/es\/wp-json\/wp\/v2\/posts"}],"about":[{"href":"https:\/\/www.medellin.gov.co\/es\/wp-json\/wp\/v2\/types\/post"}],"author":[{"embeddable":true,"href":"https:\/\/www.medellin.gov.co\/es\/wp-json\/wp\/v2\/users\/21"}],"replies":[{"embeddable":true,"href":"https:\/\/www.medellin.gov.co\/es\/wp-json\/wp\/v2\/comments?post=478865"}],"version-history":[{"count":1,"href":"https:\/\/www.medellin.gov.co\/es\/wp-json\/wp\/v2\/posts\/478865\/revisions"}],"predecessor-version":[{"id":478909,"href":"https:\/\/www.medellin.gov.co\/es\/wp-json\/wp\/v2\/posts\/478865\/revisions\/478909"}],"wp:featuredmedia":[{"embeddable":true,"href":"https:\/\/www.medellin.gov.co\/es\/wp-json\/wp\/v2\/media\/478891"}],"wp:attachment":[{"href":"https:\/\/www.medellin.gov.co\/es\/wp-json\/wp\/v2\/media?parent=478865"}],"wp:term":[{"taxonomy":"category","embeddable":true,"href":"https:\/\/www.medellin.gov.co\/es\/wp-json\/wp\/v2\/categories?post=478865"},{"taxonomy":"post_tag","embeddable":true,"href":"https:\/\/www.medellin.gov.co\/es\/wp-json\/wp\/v2\/tags?post=478865"},{"taxonomy":"formato_nota","embeddable":true,"href":"https:\/\/www.medellin.gov.co\/es\/wp-json\/wp\/v2\/formato_nota?post=478865"},{"taxonomy":"programas_tax","embeddable":true,"href":"https:\/\/www.medellin.gov.co\/es\/wp-json\/wp\/v2\/programas_tax?post=478865"}],"curies":[{"name":"wp","href":"https:\/\/api.w.org\/{rel}","templated":true}]}}