{"id":478910,"date":"2025-11-20T17:27:09","date_gmt":"2025-11-20T22:27:09","guid":{"rendered":"https:\/\/www.medellin.gov.co\/es\/?p=478910"},"modified":"2025-11-20T17:27:09","modified_gmt":"2025-11-20T22:27:09","slug":"en-medellin-si-hay-segundas-oportunidades-130-jovenes-del-sistema-de-responsabilidad-penal-se-graduaron-con-parceros","status":"publish","type":"post","link":"https:\/\/www.medellin.gov.co\/es\/sala-de-prensa\/noticias\/en-medellin-si-hay-segundas-oportunidades-130-jovenes-del-sistema-de-responsabilidad-penal-se-graduaron-con-parceros\/","title":{"rendered":"En Medell\u00edn s\u00ed hay segundas oportunidades: 130 j\u00f3venes del Sistema de Responsabilidad Penal se graduaron con Parceros"},"content":{"rendered":"<ul>\n<li>Con este grupo, del Centro de Atenci\u00f3n al Joven Carlos Lleras, ya son 250 personas acompa\u00f1adas en 2025 por este programa de la Administraci\u00f3n Distrital.<\/li>\n<li>Los beneficiarios tuvieron intervenciones asistidas con animales rescatados y actividades para fortalecer su proyecto de vida.<\/li>\n<\/ul>\n<!--[if lt IE 9]><script>document.createElement('audio');<\/script><![endif]-->\n\t<div class=\"wp-playlist wp-audio-playlist wp-playlist-light\">\n\t\t\t<div class=\"wp-playlist-current-item\"><\/div>\n\t\t<audio controls=\"controls\" preload=\"none\" width=\"640\"\n\t\t\t><\/audio>\n\t<div class=\"wp-playlist-next\"><\/div>\n\t<div class=\"wp-playlist-prev\"><\/div>\n\t<noscript>\n\t<ol>\n\t\t<li><a href='https:\/\/www.medellin.gov.co\/es\/wp-content\/uploads\/2025\/11\/Declaraciones-del-secretario-de-la-Juventud-Ricardo-Jaramillo-Velez.mp3'>Declaraciones del secretario de la Juventud, Ricardo Jaramillo V\u00e9lez<\/a><\/li>\t<\/ol>\n\t<\/noscript>\n\t<script type=\"application\/json\" class=\"wp-playlist-script\">{\"type\":\"audio\",\"tracklist\":true,\"tracknumbers\":true,\"images\":true,\"artists\":true,\"tracks\":[{\"src\":\"https:\\\/\\\/www.medellin.gov.co\\\/es\\\/wp-content\\\/uploads\\\/2025\\\/11\\\/Declaraciones-del-secretario-de-la-Juventud-Ricardo-Jaramillo-Velez.mp3\",\"type\":\"audio\\\/mpeg\",\"title\":\"Declaraciones del secretario de la Juventud, Ricardo Jaramillo V\\u00e9lez\",\"caption\":\"\",\"description\":\"\\u00abDeclaraciones del secretario de la Juventud, Ricardo Jaramillo V\\u00e9lez\\u00bb.\",\"meta\":{\"length_formatted\":\"1:01\"},\"image\":{\"src\":\"https:\\\/\\\/www.medellin.gov.co\\\/es\\\/wp-includes\\\/images\\\/media\\\/audio.png\",\"width\":48,\"height\":64},\"thumb\":{\"src\":\"https:\\\/\\\/www.medellin.gov.co\\\/es\\\/wp-includes\\\/images\\\/media\\\/audio.png\",\"width\":48,\"height\":64}}]}<\/script>\n<\/div>\n\t\n<p>La Alcald\u00eda de Medell\u00edn hizo un reconocimiento a 130 j\u00f3venes del Centro de Atenci\u00f3n al Joven Carlos Lleras, quienes culminaron su proceso con el <a href=\"https:\/\/www.instagram.com\/medellin.parceros\/\" target=\"_blank\" rel=\"noopener\">programa Parceros<\/a>, una estrategia de segundas oportunidades que trabaja con adolescentes y j\u00f3venes del Sistema de Responsabilidad Penal.<\/p>\n<p>\u201c<em>Durante meses recibieron apoyo psicol\u00f3gico, intervenciones con animales rescatados y actividades para la construcci\u00f3n de sus proyectos de vida en la legalidad. Esta es una muestra de que la justicia restaurativa s\u00ed funciona y que en Medell\u00edn s\u00ed hay oportunidades reales. Varios de ellos hicieron un diplomado en grooming canino (pr\u00e1cticas de higiene y cuidado est\u00e9tico de un perro), abri\u00e9ndose puertas laborales para cuando egresen. Desde Parceros vamos a seguir acompa\u00f1ando a los j\u00f3venes, creyendo en su talento<\/em>\u201d, afirm\u00f3 el secretario de la Juventud, Ricardo Jaramillo V\u00e9lez.<\/p>\n<p><a href=\"https:\/\/www.medellin.gov.co\/es\/wp-content\/uploads\/2025\/11\/Imagen-de-secretario-de-Juventud-con-joven.jpg\" target=\"_blank\" rel=\"noopener\"><img loading=\"lazy\" class=\"alignnone wp-image-478883 size-full\" src=\"https:\/\/www.medellin.gov.co\/es\/wp-content\/uploads\/2025\/11\/Imagen-de-secretario-de-Juventud-con-joven.jpg\" alt=\"Imagen de secretario de Juventud con joven\" width=\"1139\" height=\"760\" srcset=\"https:\/\/www.medellin.gov.co\/es\/wp-content\/uploads\/2025\/11\/Imagen-de-secretario-de-Juventud-con-joven.jpg 1139w, https:\/\/www.medellin.gov.co\/es\/wp-content\/uploads\/2025\/11\/Imagen-de-secretario-de-Juventud-con-joven-300x200.jpg 300w, https:\/\/www.medellin.gov.co\/es\/wp-content\/uploads\/2025\/11\/Imagen-de-secretario-de-Juventud-con-joven-1024x683.jpg 1024w, https:\/\/www.medellin.gov.co\/es\/wp-content\/uploads\/2025\/11\/Imagen-de-secretario-de-Juventud-con-joven-150x100.jpg 150w, https:\/\/www.medellin.gov.co\/es\/wp-content\/uploads\/2025\/11\/Imagen-de-secretario-de-Juventud-con-joven-768x512.jpg 768w\" sizes=\"(max-width: 1139px) 100vw, 1139px\" \/><\/a><\/p>\n<p>Con esta cohorte, Parceros completa 250 j\u00f3venes beneficiados durante 2025 en este centro, reafirmando la apuesta de la Alcald\u00eda por la justicia restaurativa y la construcci\u00f3n de entornos seguros y protectores.<\/p>\n<p>Adem\u00e1s, 25 de ellos se formaron para trabajar como paseadores, peluqueros y educadores caninos; una estrategia para que adquieran habilidades que puedan ser \u00fatiles en el mundo laboral al momento de egresar.<\/p>\n<p><a href=\"https:\/\/www.medellin.gov.co\/es\/wp-content\/uploads\/2025\/11\/Imagen-de-secretario-de-Juventud-con-jovenes.jpg\" target=\"_blank\" rel=\"noopener\"><img loading=\"lazy\" class=\"alignnone wp-image-478880 size-full\" src=\"https:\/\/www.medellin.gov.co\/es\/wp-content\/uploads\/2025\/11\/Imagen-de-secretario-de-Juventud-con-jovenes.jpg\" alt=\"Imagen de secretario de Juventud con j\u00f3venes\" width=\"1139\" height=\"760\" srcset=\"https:\/\/www.medellin.gov.co\/es\/wp-content\/uploads\/2025\/11\/Imagen-de-secretario-de-Juventud-con-jovenes.jpg 1139w, https:\/\/www.medellin.gov.co\/es\/wp-content\/uploads\/2025\/11\/Imagen-de-secretario-de-Juventud-con-jovenes-300x200.jpg 300w, https:\/\/www.medellin.gov.co\/es\/wp-content\/uploads\/2025\/11\/Imagen-de-secretario-de-Juventud-con-jovenes-1024x683.jpg 1024w, https:\/\/www.medellin.gov.co\/es\/wp-content\/uploads\/2025\/11\/Imagen-de-secretario-de-Juventud-con-jovenes-150x100.jpg 150w, https:\/\/www.medellin.gov.co\/es\/wp-content\/uploads\/2025\/11\/Imagen-de-secretario-de-Juventud-con-jovenes-768x512.jpg 768w\" sizes=\"(max-width: 1139px) 100vw, 1139px\" \/><\/a><\/p>\n<p>Uno de los graduados comparti\u00f3 su experiencia: \u201c<em>El aprendizaje que me deja la actividad de Parceros es la paciencia, me gusta mucho el programa por el acompa\u00f1amiento y por cambiar la rutina<\/em>\u201d.<\/p>\n<p>Parceros ofrece herramientas para el fortalecimiento personal y rutas de formaci\u00f3n y empleabilidad para preparar a los j\u00f3venes en su retorno a la vida civil.<\/p>\n","protected":false},"excerpt":{"rendered":"<p>Con este grupo, del Centro de Atenci\u00f3n al Joven Carlos Lleras, ya son 250 personas acompa\u00f1adas en 2025 por este programa de la Administraci\u00f3n Distrital. Los beneficiarios tuvieron intervenciones asistidas con animales rescatados y actividades &#8230;<\/p>\n","protected":false},"author":21,"featured_media":478879,"comment_status":"open","ping_status":"open","sticky":false,"template":"","format":"standard","meta":[],"categories":[12],"tags":[451,455,619],"formato_nota":[],"programas_tax":[],"acf":[],"_links":{"self":[{"href":"https:\/\/www.medellin.gov.co\/es\/wp-json\/wp\/v2\/posts\/478910"}],"collection":[{"href":"https:\/\/www.medellin.gov.co\/es\/wp-json\/wp\/v2\/posts"}],"about":[{"href":"https:\/\/www.medellin.gov.co\/es\/wp-json\/wp\/v2\/types\/post"}],"author":[{"embeddable":true,"href":"https:\/\/www.medellin.gov.co\/es\/wp-json\/wp\/v2\/users\/21"}],"replies":[{"embeddable":true,"href":"https:\/\/www.medellin.gov.co\/es\/wp-json\/wp\/v2\/comments?post=478910"}],"version-history":[{"count":1,"href":"https:\/\/www.medellin.gov.co\/es\/wp-json\/wp\/v2\/posts\/478910\/revisions"}],"predecessor-version":[{"id":478922,"href":"https:\/\/www.medellin.gov.co\/es\/wp-json\/wp\/v2\/posts\/478910\/revisions\/478922"}],"wp:featuredmedia":[{"embeddable":true,"href":"https:\/\/www.medellin.gov.co\/es\/wp-json\/wp\/v2\/media\/478879"}],"wp:attachment":[{"href":"https:\/\/www.medellin.gov.co\/es\/wp-json\/wp\/v2\/media?parent=478910"}],"wp:term":[{"taxonomy":"category","embeddable":true,"href":"https:\/\/www.medellin.gov.co\/es\/wp-json\/wp\/v2\/categories?post=478910"},{"taxonomy":"post_tag","embeddable":true,"href":"https:\/\/www.medellin.gov.co\/es\/wp-json\/wp\/v2\/tags?post=478910"},{"taxonomy":"formato_nota","embeddable":true,"href":"https:\/\/www.medellin.gov.co\/es\/wp-json\/wp\/v2\/formato_nota?post=478910"},{"taxonomy":"programas_tax","embeddable":true,"href":"https:\/\/www.medellin.gov.co\/es\/wp-json\/wp\/v2\/programas_tax?post=478910"}],"curies":[{"name":"wp","href":"https:\/\/api.w.org\/{rel}","templated":true}]}}