{"id":486742,"date":"2025-12-13T08:54:21","date_gmt":"2025-12-13T13:54:21","guid":{"rendered":"https:\/\/www.medellin.gov.co\/es\/?p=486742"},"modified":"2025-12-13T08:54:21","modified_gmt":"2025-12-13T13:54:21","slug":"distrito-de-medellin-ha-invertido-mas-de-439-mil-millones-para-sostener-red-publica-de-salud-de-la-ciudad","status":"publish","type":"post","link":"https:\/\/www.medellin.gov.co\/es\/sala-de-prensa\/noticias\/distrito-de-medellin-ha-invertido-mas-de-439-mil-millones-para-sostener-red-publica-de-salud-de-la-ciudad\/","title":{"rendered":"Distrito de Medell\u00edn ha invertido m\u00e1s de $439 mil millones para sostener red p\u00fablica de salud de la ciudad"},"content":{"rendered":"<p>En lo que va de la actual administraci\u00f3n del alcalde Federico Guti\u00e9rrez Zuluaga, el Distrito ha invertido m\u00e1s de $439 mil millones para sostener la red p\u00fablica de salud de la ciudad en el <a href=\"https:\/\/www.hgm.gov.co\/\" target=\"_blank\" rel=\"noopener\">Hospital General de Medell\u00edn<\/a>, <a href=\"https:\/\/www.metrosalud.gov.co\/\" target=\"_blank\" rel=\"noopener\">Metrosalud<\/a> y el <a href=\"https:\/\/hospinfantilcm.org\/\" target=\"_blank\" rel=\"noopener\">Hospital Infantil Concejo de Medell\u00edn<\/a>.<\/p>\n<!--[if lt IE 9]><script>document.createElement('audio');<\/script><![endif]-->\n\t<div class=\"wp-playlist wp-audio-playlist wp-playlist-light\">\n\t\t\t<div class=\"wp-playlist-current-item\"><\/div>\n\t\t<audio controls=\"controls\" preload=\"none\" width=\"640\"\n\t\t\t><\/audio>\n\t<div class=\"wp-playlist-next\"><\/div>\n\t<div class=\"wp-playlist-prev\"><\/div>\n\t<noscript>\n\t<ol>\n\t\t<li><a href='https:\/\/www.medellin.gov.co\/es\/wp-content\/uploads\/2025\/12\/saludalcalde.mp3'>saludalcalde<\/a><\/li>\t<\/ol>\n\t<\/noscript>\n\t<script type=\"application\/json\" class=\"wp-playlist-script\">{\"type\":\"audio\",\"tracklist\":true,\"tracknumbers\":true,\"images\":true,\"artists\":true,\"tracks\":[{\"src\":\"https:\\\/\\\/www.medellin.gov.co\\\/es\\\/wp-content\\\/uploads\\\/2025\\\/12\\\/saludalcalde.mp3\",\"type\":\"audio\\\/mpeg\",\"title\":\"saludalcalde\",\"caption\":\"Declaraciones del alcalde de Medell\\u00edn, Federico Guti\\u00e9rrez Zuluaga\",\"description\":\"\\u00absaludalcalde\\u00bb. G\\u00e9nero: Blues.\",\"meta\":{\"genre\":\"Blues\",\"length_formatted\":\"1:47\"},\"image\":{\"src\":\"https:\\\/\\\/www.medellin.gov.co\\\/es\\\/wp-includes\\\/images\\\/media\\\/audio.png\",\"width\":48,\"height\":64},\"thumb\":{\"src\":\"https:\\\/\\\/www.medellin.gov.co\\\/es\\\/wp-includes\\\/images\\\/media\\\/audio.png\",\"width\":48,\"height\":64}}]}<\/script>\n<\/div>\n\t\n<p>La crisis del sistema de salud que se vive a nivel nacional y que afecta a cl\u00ednicas y hospitales, hace que hoy, el 29% de la gente de Medell\u00edn se sienta insatisfecha con la atenci\u00f3n que reciben, el mismo porcentaje asegura que deben esperar m\u00e1s de 20 d\u00edas para recibir atenci\u00f3n, luego de solicitar una cita. Pese a esto y gracias a los esfuerzos del Distrito, el 54 % de los pacientes seg\u00fan el m\u00e1s reciente informe de Medell\u00edn C\u00f3mo Vamos se siente satisfecho con el servicio de salud que reciben en la ciudad.<\/p>\n<p>El informe tambi\u00e9n menciona que el Distrito atiende a m\u00e1s de 4.400.000 personas pertenecientes a poblaci\u00f3n por fuera de la ciudad, m\u00e1s de 239.500 migrantes y 330.800 desplazados, est\u00e1s cifras reflejan que en Medell\u00edn se concentra el 70 % de las atenciones del departamento.<\/p>\n","protected":false},"excerpt":{"rendered":"<p>En lo que va de la actual administraci\u00f3n del alcalde Federico Guti\u00e9rrez Zuluaga, el Distrito ha invertido m\u00e1s de $439 mil millones para sostener la red p\u00fablica de salud de la ciudad en el Hospital &#8230;<\/p>\n","protected":false},"author":17,"featured_media":463046,"comment_status":"open","ping_status":"open","sticky":false,"template":"","format":"standard","meta":[],"categories":[18],"tags":[634,452],"formato_nota":[],"programas_tax":[],"acf":[],"_links":{"self":[{"href":"https:\/\/www.medellin.gov.co\/es\/wp-json\/wp\/v2\/posts\/486742"}],"collection":[{"href":"https:\/\/www.medellin.gov.co\/es\/wp-json\/wp\/v2\/posts"}],"about":[{"href":"https:\/\/www.medellin.gov.co\/es\/wp-json\/wp\/v2\/types\/post"}],"author":[{"embeddable":true,"href":"https:\/\/www.medellin.gov.co\/es\/wp-json\/wp\/v2\/users\/17"}],"replies":[{"embeddable":true,"href":"https:\/\/www.medellin.gov.co\/es\/wp-json\/wp\/v2\/comments?post=486742"}],"version-history":[{"count":1,"href":"https:\/\/www.medellin.gov.co\/es\/wp-json\/wp\/v2\/posts\/486742\/revisions"}],"predecessor-version":[{"id":486748,"href":"https:\/\/www.medellin.gov.co\/es\/wp-json\/wp\/v2\/posts\/486742\/revisions\/486748"}],"wp:featuredmedia":[{"embeddable":true,"href":"https:\/\/www.medellin.gov.co\/es\/wp-json\/wp\/v2\/media\/463046"}],"wp:attachment":[{"href":"https:\/\/www.medellin.gov.co\/es\/wp-json\/wp\/v2\/media?parent=486742"}],"wp:term":[{"taxonomy":"category","embeddable":true,"href":"https:\/\/www.medellin.gov.co\/es\/wp-json\/wp\/v2\/categories?post=486742"},{"taxonomy":"post_tag","embeddable":true,"href":"https:\/\/www.medellin.gov.co\/es\/wp-json\/wp\/v2\/tags?post=486742"},{"taxonomy":"formato_nota","embeddable":true,"href":"https:\/\/www.medellin.gov.co\/es\/wp-json\/wp\/v2\/formato_nota?post=486742"},{"taxonomy":"programas_tax","embeddable":true,"href":"https:\/\/www.medellin.gov.co\/es\/wp-json\/wp\/v2\/programas_tax?post=486742"}],"curies":[{"name":"wp","href":"https:\/\/api.w.org\/{rel}","templated":true}]}}