{"id":486763,"date":"2025-12-14T09:40:21","date_gmt":"2025-12-14T14:40:21","guid":{"rendered":"https:\/\/www.medellin.gov.co\/es\/?p=486763"},"modified":"2025-12-14T09:40:21","modified_gmt":"2025-12-14T14:40:21","slug":"en-medellin-mas-de-1-000-viviendas-construidas-sin-licencia-ya-fueron-legalizadas-por-la-alcaldia","status":"publish","type":"post","link":"https:\/\/www.medellin.gov.co\/es\/sala-de-prensa\/noticias\/en-medellin-mas-de-1-000-viviendas-construidas-sin-licencia-ya-fueron-legalizadas-por-la-alcaldia\/","title":{"rendered":"En Medell\u00edn, m\u00e1s de 1.000 viviendas construidas sin licencia, ya fueron legalizadas por la Alcald\u00eda"},"content":{"rendered":"<ul>\n<li>De esta manera, mediante el programa de Reconocimiento de Edificaciones liderado por el <a href=\"https:\/\/isvimed.gov.co\/\" target=\"_blank\" rel=\"noopener\">Isvimed<\/a>, la Administraci\u00f3n avanza en la formalizaci\u00f3n urban\u00edstica garantizando seguridad jur\u00eddica y mejores oportunidades para las familias.<\/li>\n<\/ul>\n<!--[if lt IE 9]><script>document.createElement('audio');<\/script><![endif]-->\n\t<div class=\"wp-playlist wp-audio-playlist wp-playlist-light\">\n\t\t\t<div class=\"wp-playlist-current-item\"><\/div>\n\t\t<audio controls=\"controls\" preload=\"none\" width=\"640\"\n\t\t\t><\/audio>\n\t<div class=\"wp-playlist-next\"><\/div>\n\t<div class=\"wp-playlist-prev\"><\/div>\n\t<noscript>\n\t<ol>\n\t\t<li><a href='https:\/\/www.medellin.gov.co\/es\/wp-content\/uploads\/2025\/12\/viviendas-construidaslegalizadas.mp3'>viviendas construidaslegalizadas<\/a><\/li>\t<\/ol>\n\t<\/noscript>\n\t<script type=\"application\/json\" class=\"wp-playlist-script\">{\"type\":\"audio\",\"tracklist\":true,\"tracknumbers\":true,\"images\":true,\"artists\":true,\"tracks\":[{\"src\":\"https:\\\/\\\/www.medellin.gov.co\\\/es\\\/wp-content\\\/uploads\\\/2025\\\/12\\\/viviendas-construidaslegalizadas.mp3\",\"type\":\"audio\\\/mpeg\",\"title\":\"viviendas construidaslegalizadas\",\"caption\":\"Declaraciones de la  directora del Isvimed, Valentina Aguilar Ram\\u00edrez.\",\"description\":\"\\u00abViviendas legalizadas\\u00bb. \",\"meta\":{\"genre\":\"Blues\",\"length_formatted\":\"0:39\"},\"image\":{\"src\":\"https:\\\/\\\/www.medellin.gov.co\\\/es\\\/wp-includes\\\/images\\\/media\\\/audio.png\",\"width\":48,\"height\":64},\"thumb\":{\"src\":\"https:\\\/\\\/www.medellin.gov.co\\\/es\\\/wp-includes\\\/images\\\/media\\\/audio.png\",\"width\":48,\"height\":64}}]}<\/script>\n<\/div>\n\t\n<p>La Alcald\u00eda de Medell\u00edn impulsa la legalizaci\u00f3n de las viviendas construidas en la ciudad sin licencias ni permisos requeridos, a trav\u00e9s del programa de Reconocimiento de Edificaciones, que es liderado por el <a href=\"https:\/\/isvimed.gov.co\/\" target=\"_blank\" rel=\"noopener\">Instituto Social de Vivienda y H\u00e1bitat de Medell\u00edn (Isvimed)<\/a>. En lo que va de esta Administraci\u00f3n Distrital se han legalizado las construcciones de 1.057 unidades de vivienda.<\/p>\n<div id=\"attachment_486770\" style=\"width: 1073px\" class=\"wp-caption alignnone\"><img aria-describedby=\"caption-attachment-486770\" loading=\"lazy\" class=\"wp-image-486770 size-full\" title=\"Legalizaci\u00f3n de viviendas\" src=\"https:\/\/www.medellin.gov.co\/es\/wp-content\/uploads\/2025\/12\/Viviendaslegalizadas-2.jpg\" alt=\"Legalizaci\u00f3n de viviendas\" width=\"1063\" height=\"850\" srcset=\"https:\/\/www.medellin.gov.co\/es\/wp-content\/uploads\/2025\/12\/Viviendaslegalizadas-2.jpg 1063w, https:\/\/www.medellin.gov.co\/es\/wp-content\/uploads\/2025\/12\/Viviendaslegalizadas-2-300x240.jpg 300w, https:\/\/www.medellin.gov.co\/es\/wp-content\/uploads\/2025\/12\/Viviendaslegalizadas-2-1024x819.jpg 1024w, https:\/\/www.medellin.gov.co\/es\/wp-content\/uploads\/2025\/12\/Viviendaslegalizadas-2-150x120.jpg 150w, https:\/\/www.medellin.gov.co\/es\/wp-content\/uploads\/2025\/12\/Viviendaslegalizadas-2-768x614.jpg 768w\" sizes=\"(max-width: 1063px) 100vw, 1063px\" \/><p id=\"caption-attachment-486770\" class=\"wp-caption-text\">Legalizaci\u00f3n de viviendas<\/p><\/div>\n<p><em>\u201cSeguimos trabajando para que m\u00e1s familias accedan a procesos de legalizaci\u00f3n, acompa\u00f1amiento t\u00e9cnico y mejoras de vivienda. Estos documentos que reciben no solo respaldan su inmueble, tambi\u00e9n les generan nuevas oportunidades: desenglobe, acceso a cr\u00e9ditos y subsidios, conexi\u00f3n legal a servicios p\u00fablicos y valorizaci\u00f3n de la propiedad\u201d, <\/em>dijo la directora de Isvimed, Valentina Aguilar Ram\u00edrez.<\/p>\n\n\t\t<style type=\"text\/css\">\n\t\t\t#gallery-1 {\n\t\t\t\tmargin: auto;\n\t\t\t}\n\t\t\t#gallery-1 .gallery-item {\n\t\t\t\tfloat: left;\n\t\t\t\tmargin-top: 10px;\n\t\t\t\ttext-align: center;\n\t\t\t\twidth: 50%;\n\t\t\t}\n\t\t\t#gallery-1 img {\n\t\t\t\tborder: 2px solid #cfcfcf;\n\t\t\t}\n\t\t\t#gallery-1 .gallery-caption {\n\t\t\t\tmargin-left: 0;\n\t\t\t}\n\t\t\t\/* see gallery_shortcode() in wp-includes\/media.php *\/\n\t\t<\/style>\n\t\t<div id='gallery-1' class='gallery galleryid-486763 gallery-columns-2 gallery-size-large'><dl class='gallery-item'>\n\t\t\t<dt class='gallery-icon landscape'>\n\t\t\t\t<a href='https:\/\/www.medellin.gov.co\/es\/sala-de-prensa\/noticias\/en-medellin-mas-de-1-000-viviendas-construidas-sin-licencia-ya-fueron-legalizadas-por-la-alcaldia\/viviendaslegalizadas-3\/'><img width=\"1024\" height=\"682\" src=\"https:\/\/www.medellin.gov.co\/es\/wp-content\/uploads\/2025\/12\/Viviendaslegalizadas-3-1024x682.jpg\" class=\"attachment-large size-large\" alt=\"Legalizaci\u00f3n de viviendas\" loading=\"lazy\" aria-describedby=\"gallery-1-486772\" srcset=\"https:\/\/www.medellin.gov.co\/es\/wp-content\/uploads\/2025\/12\/Viviendaslegalizadas-3-1024x682.jpg 1024w, https:\/\/www.medellin.gov.co\/es\/wp-content\/uploads\/2025\/12\/Viviendaslegalizadas-3-300x200.jpg 300w, https:\/\/www.medellin.gov.co\/es\/wp-content\/uploads\/2025\/12\/Viviendaslegalizadas-3-150x100.jpg 150w, https:\/\/www.medellin.gov.co\/es\/wp-content\/uploads\/2025\/12\/Viviendaslegalizadas-3-768x512.jpg 768w, https:\/\/www.medellin.gov.co\/es\/wp-content\/uploads\/2025\/12\/Viviendaslegalizadas-3.jpg 1276w\" sizes=\"(max-width: 1024px) 100vw, 1024px\" \/><\/a>\n\t\t\t<\/dt>\n\t\t\t\t<dd class='wp-caption-text gallery-caption' id='gallery-1-486772'>\n\t\t\t\tLegalizaci\u00f3n de viviendas\n\t\t\t\t<\/dd><\/dl><dl class='gallery-item'>\n\t\t\t<dt class='gallery-icon landscape'>\n\t\t\t\t<a href='https:\/\/www.medellin.gov.co\/es\/sala-de-prensa\/noticias\/en-medellin-mas-de-1-000-viviendas-construidas-sin-licencia-ya-fueron-legalizadas-por-la-alcaldia\/viviendaslegalizadas-5\/'><img width=\"1024\" height=\"682\" src=\"https:\/\/www.medellin.gov.co\/es\/wp-content\/uploads\/2025\/12\/Viviendaslegalizadas-5-1024x682.jpg\" class=\"attachment-large size-large\" alt=\"\" loading=\"lazy\" aria-describedby=\"gallery-1-486767\" srcset=\"https:\/\/www.medellin.gov.co\/es\/wp-content\/uploads\/2025\/12\/Viviendaslegalizadas-5-1024x682.jpg 1024w, https:\/\/www.medellin.gov.co\/es\/wp-content\/uploads\/2025\/12\/Viviendaslegalizadas-5-300x200.jpg 300w, https:\/\/www.medellin.gov.co\/es\/wp-content\/uploads\/2025\/12\/Viviendaslegalizadas-5-150x100.jpg 150w, https:\/\/www.medellin.gov.co\/es\/wp-content\/uploads\/2025\/12\/Viviendaslegalizadas-5-768x512.jpg 768w, https:\/\/www.medellin.gov.co\/es\/wp-content\/uploads\/2025\/12\/Viviendaslegalizadas-5.jpg 1276w\" sizes=\"(max-width: 1024px) 100vw, 1024px\" \/><\/a>\n\t\t\t<\/dt>\n\t\t\t\t<dd class='wp-caption-text gallery-caption' id='gallery-1-486767'>\n\t\t\t\tLegalizaci\u00f3n de viviendas\n\t\t\t\t<\/dd><\/dl><br style=\"clear: both\" \/>\n\t\t<\/div>\n\n<p>Las familias que acceden a este programa gratuito dan un paso muy importante, pues representa el respaldo a su esfuerzo, la garant\u00eda de que su vivienda cuente con seguridad jur\u00eddica y el cumplimiento de la normativa urban\u00edstica.<\/p>\n<div id=\"attachment_486774\" style=\"width: 1143px\" class=\"wp-caption alignnone\"><img aria-describedby=\"caption-attachment-486774\" loading=\"lazy\" class=\"wp-image-486774 size-full\" title=\"Legalizaci\u00f3n de viviendas\" src=\"https:\/\/www.medellin.gov.co\/es\/wp-content\/uploads\/2025\/12\/Viviendaslegalizadas-4.jpg\" alt=\"Legalizaci\u00f3n de viviendas\" width=\"1133\" height=\"850\" srcset=\"https:\/\/www.medellin.gov.co\/es\/wp-content\/uploads\/2025\/12\/Viviendaslegalizadas-4.jpg 1133w, https:\/\/www.medellin.gov.co\/es\/wp-content\/uploads\/2025\/12\/Viviendaslegalizadas-4-300x225.jpg 300w, https:\/\/www.medellin.gov.co\/es\/wp-content\/uploads\/2025\/12\/Viviendaslegalizadas-4-1024x768.jpg 1024w, https:\/\/www.medellin.gov.co\/es\/wp-content\/uploads\/2025\/12\/Viviendaslegalizadas-4-150x113.jpg 150w, https:\/\/www.medellin.gov.co\/es\/wp-content\/uploads\/2025\/12\/Viviendaslegalizadas-4-768x576.jpg 768w\" sizes=\"(max-width: 1133px) 100vw, 1133px\" \/><p id=\"caption-attachment-486774\" class=\"wp-caption-text\">Legalizaci\u00f3n de viviendas<\/p><\/div>\n<p>Este proceso gratuito de legalizaci\u00f3n fortalece el acceso a cr\u00e9ditos, subsidios y servicios p\u00fablicos, adem\u00e1s de aumentar la valorizaci\u00f3n de las propiedades.<\/p>\n","protected":false},"excerpt":{"rendered":"<p>De esta manera, mediante el programa de Reconocimiento de Edificaciones liderado por el Isvimed, la Administraci\u00f3n avanza en la formalizaci\u00f3n urban\u00edstica garantizando seguridad jur\u00eddica y mejores oportunidades para las familias. La Alcald\u00eda de Medell\u00edn impulsa &#8230;<\/p>\n","protected":false},"author":17,"featured_media":486769,"comment_status":"open","ping_status":"open","sticky":false,"template":"","format":"standard","meta":[],"categories":[26],"tags":[451],"formato_nota":[],"programas_tax":[],"acf":[],"_links":{"self":[{"href":"https:\/\/www.medellin.gov.co\/es\/wp-json\/wp\/v2\/posts\/486763"}],"collection":[{"href":"https:\/\/www.medellin.gov.co\/es\/wp-json\/wp\/v2\/posts"}],"about":[{"href":"https:\/\/www.medellin.gov.co\/es\/wp-json\/wp\/v2\/types\/post"}],"author":[{"embeddable":true,"href":"https:\/\/www.medellin.gov.co\/es\/wp-json\/wp\/v2\/users\/17"}],"replies":[{"embeddable":true,"href":"https:\/\/www.medellin.gov.co\/es\/wp-json\/wp\/v2\/comments?post=486763"}],"version-history":[{"count":1,"href":"https:\/\/www.medellin.gov.co\/es\/wp-json\/wp\/v2\/posts\/486763\/revisions"}],"predecessor-version":[{"id":486776,"href":"https:\/\/www.medellin.gov.co\/es\/wp-json\/wp\/v2\/posts\/486763\/revisions\/486776"}],"wp:featuredmedia":[{"embeddable":true,"href":"https:\/\/www.medellin.gov.co\/es\/wp-json\/wp\/v2\/media\/486769"}],"wp:attachment":[{"href":"https:\/\/www.medellin.gov.co\/es\/wp-json\/wp\/v2\/media?parent=486763"}],"wp:term":[{"taxonomy":"category","embeddable":true,"href":"https:\/\/www.medellin.gov.co\/es\/wp-json\/wp\/v2\/categories?post=486763"},{"taxonomy":"post_tag","embeddable":true,"href":"https:\/\/www.medellin.gov.co\/es\/wp-json\/wp\/v2\/tags?post=486763"},{"taxonomy":"formato_nota","embeddable":true,"href":"https:\/\/www.medellin.gov.co\/es\/wp-json\/wp\/v2\/formato_nota?post=486763"},{"taxonomy":"programas_tax","embeddable":true,"href":"https:\/\/www.medellin.gov.co\/es\/wp-json\/wp\/v2\/programas_tax?post=486763"}],"curies":[{"name":"wp","href":"https:\/\/api.w.org\/{rel}","templated":true}]}}