{"id":486778,"date":"2025-12-14T10:02:15","date_gmt":"2025-12-14T15:02:15","guid":{"rendered":"https:\/\/www.medellin.gov.co\/es\/?p=486778"},"modified":"2025-12-14T10:03:21","modified_gmt":"2025-12-14T15:03:21","slug":"la-red-de-voluntariado-de-medellin-impulso-la-solidaridad-y-el-orgullo-ciudadano-durante-2025","status":"publish","type":"post","link":"https:\/\/www.medellin.gov.co\/es\/sala-de-prensa\/noticias\/la-red-de-voluntariado-de-medellin-impulso-la-solidaridad-y-el-orgullo-ciudadano-durante-2025\/","title":{"rendered":"La red de voluntariado de Medell\u00edn impuls\u00f3 la solidaridad y el orgullo ciudadano durante 2025"},"content":{"rendered":"<ul>\n<li>En la <a href=\"https:\/\/www.medellin.gov.co\/es\/secretaria-cultura-ciudadana\/red-de-voluntariado\/\">Semana del Voluntariado<\/a> se realiz\u00f3 el circuito 000 Acciones por Medell\u00edn, la Feria de Organizaciones y la Gala de Reconocimiento.<\/li>\n<\/ul>\n<!--[if lt IE 9]><script>document.createElement('audio');<\/script><![endif]-->\n\t<div class=\"wp-playlist wp-audio-playlist wp-playlist-light\">\n\t\t\t<div class=\"wp-playlist-current-item\"><\/div>\n\t\t<audio controls=\"controls\" preload=\"none\" width=\"640\"\n\t\t\t><\/audio>\n\t<div class=\"wp-playlist-next\"><\/div>\n\t<div class=\"wp-playlist-prev\"><\/div>\n\t<noscript>\n\t<ol>\n\t\t<li><a href='https:\/\/www.medellin.gov.co\/es\/wp-content\/uploads\/2025\/12\/Voluntariado-de-Medellinbalance.mp3'>Voluntariado de Medell\u00ednbalance<\/a><\/li>\t<\/ol>\n\t<\/noscript>\n\t<script type=\"application\/json\" class=\"wp-playlist-script\">{\"type\":\"audio\",\"tracklist\":true,\"tracknumbers\":true,\"images\":true,\"artists\":true,\"tracks\":[{\"src\":\"https:\\\/\\\/www.medellin.gov.co\\\/es\\\/wp-content\\\/uploads\\\/2025\\\/12\\\/Voluntariado-de-Medellinbalance.mp3\",\"type\":\"audio\\\/mpeg\",\"title\":\"Voluntariado de Medell\\u00ednbalance\",\"caption\":\"Declaraciones de la subsecretaria de Ciudadan\\u00eda Cultural, Natalia Londo\\u00f1o.\",\"description\":\"\\u00abVoluntariado de Medell\\u00ednbalance\\u00bb. G\\u00e9nero: Blues.\",\"meta\":{\"genre\":\"Blues\",\"length_formatted\":\"0:52\"},\"image\":{\"src\":\"https:\\\/\\\/www.medellin.gov.co\\\/es\\\/wp-includes\\\/images\\\/media\\\/audio.png\",\"width\":48,\"height\":64},\"thumb\":{\"src\":\"https:\\\/\\\/www.medellin.gov.co\\\/es\\\/wp-includes\\\/images\\\/media\\\/audio.png\",\"width\":48,\"height\":64}}]}<\/script>\n<\/div>\n\t\n<p>M\u00e1s de 500 voluntarios activos se unieron este a\u00f1o, triplicando la fuerza solidaria que acompa\u00f1a y transforma los territorios. Con intervenciones integrales en 14 comunas y en el corregimiento Santa Elena, 27.000 personas fueron impactadas, consolidando al voluntariado como un puente de apoyo en la ciudad.<\/p>\n\n\t\t<style type=\"text\/css\">\n\t\t\t#gallery-1 {\n\t\t\t\tmargin: auto;\n\t\t\t}\n\t\t\t#gallery-1 .gallery-item {\n\t\t\t\tfloat: left;\n\t\t\t\tmargin-top: 10px;\n\t\t\t\ttext-align: center;\n\t\t\t\twidth: 50%;\n\t\t\t}\n\t\t\t#gallery-1 img {\n\t\t\t\tborder: 2px solid #cfcfcf;\n\t\t\t}\n\t\t\t#gallery-1 .gallery-caption {\n\t\t\t\tmargin-left: 0;\n\t\t\t}\n\t\t\t\/* see gallery_shortcode() in wp-includes\/media.php *\/\n\t\t<\/style>\n\t\t<div id='gallery-1' class='gallery galleryid-486778 gallery-columns-2 gallery-size-large'><dl class='gallery-item'>\n\t\t\t<dt class='gallery-icon landscape'>\n\t\t\t\t<a href='https:\/\/www.medellin.gov.co\/es\/sala-de-prensa\/noticias\/la-red-de-voluntariado-de-medellin-impulso-la-solidaridad-y-el-orgullo-ciudadano-durante-2025\/voluntariado_medellin-3\/'><img width=\"1024\" height=\"682\" src=\"https:\/\/www.medellin.gov.co\/es\/wp-content\/uploads\/2025\/12\/voluntariado_Medellin-3-1024x682.jpg\" class=\"attachment-large size-large\" alt=\"Red de voluntariado de Medell\u00edn\" loading=\"lazy\" aria-describedby=\"gallery-1-486782\" srcset=\"https:\/\/www.medellin.gov.co\/es\/wp-content\/uploads\/2025\/12\/voluntariado_Medellin-3-1024x682.jpg 1024w, https:\/\/www.medellin.gov.co\/es\/wp-content\/uploads\/2025\/12\/voluntariado_Medellin-3-300x200.jpg 300w, https:\/\/www.medellin.gov.co\/es\/wp-content\/uploads\/2025\/12\/voluntariado_Medellin-3-150x100.jpg 150w, https:\/\/www.medellin.gov.co\/es\/wp-content\/uploads\/2025\/12\/voluntariado_Medellin-3-768x512.jpg 768w, https:\/\/www.medellin.gov.co\/es\/wp-content\/uploads\/2025\/12\/voluntariado_Medellin-3.jpg 1276w\" sizes=\"(max-width: 1024px) 100vw, 1024px\" \/><\/a>\n\t\t\t<\/dt>\n\t\t\t\t<dd class='wp-caption-text gallery-caption' id='gallery-1-486782'>\n\t\t\t\tRed de voluntariado de Medell\u00edn\n\t\t\t\t<\/dd><\/dl><dl class='gallery-item'>\n\t\t\t<dt class='gallery-icon landscape'>\n\t\t\t\t<a href='https:\/\/www.medellin.gov.co\/es\/sala-de-prensa\/noticias\/la-red-de-voluntariado-de-medellin-impulso-la-solidaridad-y-el-orgullo-ciudadano-durante-2025\/voluntariado_medellin-4\/'><img width=\"1024\" height=\"682\" src=\"https:\/\/www.medellin.gov.co\/es\/wp-content\/uploads\/2025\/12\/voluntariado_Medellin-4-1024x682.jpg\" class=\"attachment-large size-large\" alt=\"Red de voluntariado de Medell\u00edn\" loading=\"lazy\" aria-describedby=\"gallery-1-486785\" srcset=\"https:\/\/www.medellin.gov.co\/es\/wp-content\/uploads\/2025\/12\/voluntariado_Medellin-4-1024x682.jpg 1024w, https:\/\/www.medellin.gov.co\/es\/wp-content\/uploads\/2025\/12\/voluntariado_Medellin-4-300x200.jpg 300w, https:\/\/www.medellin.gov.co\/es\/wp-content\/uploads\/2025\/12\/voluntariado_Medellin-4-150x100.jpg 150w, https:\/\/www.medellin.gov.co\/es\/wp-content\/uploads\/2025\/12\/voluntariado_Medellin-4-768x512.jpg 768w, https:\/\/www.medellin.gov.co\/es\/wp-content\/uploads\/2025\/12\/voluntariado_Medellin-4.jpg 1276w\" sizes=\"(max-width: 1024px) 100vw, 1024px\" \/><\/a>\n\t\t\t<\/dt>\n\t\t\t\t<dd class='wp-caption-text gallery-caption' id='gallery-1-486785'>\n\t\t\t\tRed de voluntariado de Medell\u00edn\n\t\t\t\t<\/dd><\/dl><br style=\"clear: both\" \/>\n\t\t<\/div>\n\n<p>Este fue uno de los a\u00f1os m\u00e1s significativos de la historia reciente de este movimiento. Al cierre de noviembre, el programa Apasionados por Medell\u00edn registr\u00f3<\/p>\n<p>200 acciones territoriales, un logro que evidencia eficiencia, articulaci\u00f3n y compromiso con las comunidades.<\/p>\n<div id=\"attachment_486781\" style=\"width: 1286px\" class=\"wp-caption alignnone\"><img aria-describedby=\"caption-attachment-486781\" loading=\"lazy\" class=\"wp-image-486781 size-full\" title=\"Red de voluntariado de Medell\u00edn\" src=\"https:\/\/www.medellin.gov.co\/es\/wp-content\/uploads\/2025\/12\/voluntariado_Medellin-2.jpg\" alt=\"Red de voluntariado de Medell\u00edn\" width=\"1276\" height=\"850\" srcset=\"https:\/\/www.medellin.gov.co\/es\/wp-content\/uploads\/2025\/12\/voluntariado_Medellin-2.jpg 1276w, https:\/\/www.medellin.gov.co\/es\/wp-content\/uploads\/2025\/12\/voluntariado_Medellin-2-300x200.jpg 300w, https:\/\/www.medellin.gov.co\/es\/wp-content\/uploads\/2025\/12\/voluntariado_Medellin-2-1024x682.jpg 1024w, https:\/\/www.medellin.gov.co\/es\/wp-content\/uploads\/2025\/12\/voluntariado_Medellin-2-150x100.jpg 150w, https:\/\/www.medellin.gov.co\/es\/wp-content\/uploads\/2025\/12\/voluntariado_Medellin-2-768x512.jpg 768w\" sizes=\"(max-width: 1276px) 100vw, 1276px\" \/><p id=\"caption-attachment-486781\" class=\"wp-caption-text\">Red de voluntariado de Medell\u00edn<\/p><\/div>\n<p><em style=\"font-size: 16px;\">\u201cEste a\u00f1o demostramos que el voluntariado es esa fuerza humana capaz de transformar realidades y de sostener el orgullo que sentimos por Medell\u00edn. Cada intervenci\u00f3n en los territorios, cada jornada comunitaria y cada alianza con organizaciones sociales reafirma que cuando trabajamos juntos podemos llegar a m\u00e1s personas, con m\u00e1s calidad y con un sentido profundo de corresponsabilidad\u00bb, <\/em><span style=\"font-size: 16px;\">indic\u00f3 la subsecretaria de Ciudadan\u00eda Cultural, Natalia Londo\u00f1o.<\/span>Las intervenciones se dirigieron a ni\u00f1as, ni\u00f1os, adolescentes, j\u00f3venes, adultos, personas mayores, habitantes de calle, migrantes, comunidades LGBTIQ+ y personas con discapacidad, consolidando un enfoque territorial inclusivo y diferencial.<\/p>\n\n\t\t<style type=\"text\/css\">\n\t\t\t#gallery-2 {\n\t\t\t\tmargin: auto;\n\t\t\t}\n\t\t\t#gallery-2 .gallery-item {\n\t\t\t\tfloat: left;\n\t\t\t\tmargin-top: 10px;\n\t\t\t\ttext-align: center;\n\t\t\t\twidth: 50%;\n\t\t\t}\n\t\t\t#gallery-2 img {\n\t\t\t\tborder: 2px solid #cfcfcf;\n\t\t\t}\n\t\t\t#gallery-2 .gallery-caption {\n\t\t\t\tmargin-left: 0;\n\t\t\t}\n\t\t\t\/* see gallery_shortcode() in wp-includes\/media.php *\/\n\t\t<\/style>\n\t\t<div id='gallery-2' class='gallery galleryid-486778 gallery-columns-2 gallery-size-large'><dl class='gallery-item'>\n\t\t\t<dt class='gallery-icon landscape'>\n\t\t\t\t<a href='https:\/\/www.medellin.gov.co\/es\/sala-de-prensa\/noticias\/la-red-de-voluntariado-de-medellin-impulso-la-solidaridad-y-el-orgullo-ciudadano-durante-2025\/voluntariado_medellin-5\/'><img width=\"1024\" height=\"682\" src=\"https:\/\/www.medellin.gov.co\/es\/wp-content\/uploads\/2025\/12\/voluntariado_Medellin-5-1024x682.jpg\" class=\"attachment-large size-large\" alt=\"Red de voluntariado de Medell\u00edn\" loading=\"lazy\" aria-describedby=\"gallery-2-486787\" srcset=\"https:\/\/www.medellin.gov.co\/es\/wp-content\/uploads\/2025\/12\/voluntariado_Medellin-5-1024x682.jpg 1024w, https:\/\/www.medellin.gov.co\/es\/wp-content\/uploads\/2025\/12\/voluntariado_Medellin-5-300x200.jpg 300w, https:\/\/www.medellin.gov.co\/es\/wp-content\/uploads\/2025\/12\/voluntariado_Medellin-5-150x100.jpg 150w, https:\/\/www.medellin.gov.co\/es\/wp-content\/uploads\/2025\/12\/voluntariado_Medellin-5-768x512.jpg 768w, https:\/\/www.medellin.gov.co\/es\/wp-content\/uploads\/2025\/12\/voluntariado_Medellin-5.jpg 1276w\" sizes=\"(max-width: 1024px) 100vw, 1024px\" \/><\/a>\n\t\t\t<\/dt>\n\t\t\t\t<dd class='wp-caption-text gallery-caption' id='gallery-2-486787'>\n\t\t\t\tRed de voluntariado de Medell\u00edn\n\t\t\t\t<\/dd><\/dl><dl class='gallery-item'>\n\t\t\t<dt class='gallery-icon landscape'>\n\t\t\t\t<a href='https:\/\/www.medellin.gov.co\/es\/sala-de-prensa\/noticias\/la-red-de-voluntariado-de-medellin-impulso-la-solidaridad-y-el-orgullo-ciudadano-durante-2025\/voluntariado_medellin-6\/'><img width=\"1024\" height=\"682\" src=\"https:\/\/www.medellin.gov.co\/es\/wp-content\/uploads\/2025\/12\/voluntariado_Medellin-6-1024x682.jpg\" class=\"attachment-large size-large\" alt=\"Red de voluntariado de Medell\u00edn\" loading=\"lazy\" aria-describedby=\"gallery-2-486789\" srcset=\"https:\/\/www.medellin.gov.co\/es\/wp-content\/uploads\/2025\/12\/voluntariado_Medellin-6-1024x682.jpg 1024w, https:\/\/www.medellin.gov.co\/es\/wp-content\/uploads\/2025\/12\/voluntariado_Medellin-6-300x200.jpg 300w, https:\/\/www.medellin.gov.co\/es\/wp-content\/uploads\/2025\/12\/voluntariado_Medellin-6-150x100.jpg 150w, https:\/\/www.medellin.gov.co\/es\/wp-content\/uploads\/2025\/12\/voluntariado_Medellin-6-768x512.jpg 768w, https:\/\/www.medellin.gov.co\/es\/wp-content\/uploads\/2025\/12\/voluntariado_Medellin-6.jpg 1276w\" sizes=\"(max-width: 1024px) 100vw, 1024px\" \/><\/a>\n\t\t\t<\/dt>\n\t\t\t\t<dd class='wp-caption-text gallery-caption' id='gallery-2-486789'>\n\t\t\t\tRed de voluntariado de Medell\u00edn\n\t\t\t\t<\/dd><\/dl><br style=\"clear: both\" \/>\n\t\t<\/div>\n\n<p>Asimismo, se logr\u00f3 la uni\u00f3n con 50 organizaciones de voluntariado, fortaleciendo el tejido social y promoviendo una cultura solidaria que se vive desde lo colectivo. Los voluntarios participaron con acciones ejemplares en grandes eventos de ciudad como la Feria de las Flores, la Fiesta del Libro y la Cultura y el Festival Internacional Altavoz, entre otros.<\/p>\n<p>En la Semana del Voluntariado, realizada en tres momentos de 2025, se llevaron a cabo hitos como: el circuito 1.000 Acciones por Medell\u00edn, la Feria de Organizaciones y la Gala de Reconocimiento.<\/p>\n<div id=\"attachment_486791\" style=\"width: 1286px\" class=\"wp-caption alignnone\"><img aria-describedby=\"caption-attachment-486791\" loading=\"lazy\" class=\"wp-image-486791 size-full\" title=\"Red de voluntariado de Medell\u00edn\" src=\"https:\/\/www.medellin.gov.co\/es\/wp-content\/uploads\/2025\/12\/voluntariado_Medellin-7.jpg\" alt=\"Red de voluntariado de Medell\u00edn\" width=\"1276\" height=\"850\" srcset=\"https:\/\/www.medellin.gov.co\/es\/wp-content\/uploads\/2025\/12\/voluntariado_Medellin-7.jpg 1276w, https:\/\/www.medellin.gov.co\/es\/wp-content\/uploads\/2025\/12\/voluntariado_Medellin-7-300x200.jpg 300w, https:\/\/www.medellin.gov.co\/es\/wp-content\/uploads\/2025\/12\/voluntariado_Medellin-7-1024x682.jpg 1024w, https:\/\/www.medellin.gov.co\/es\/wp-content\/uploads\/2025\/12\/voluntariado_Medellin-7-150x100.jpg 150w, https:\/\/www.medellin.gov.co\/es\/wp-content\/uploads\/2025\/12\/voluntariado_Medellin-7-768x512.jpg 768w\" sizes=\"(max-width: 1276px) 100vw, 1276px\" \/><p id=\"caption-attachment-486791\" class=\"wp-caption-text\">Red de voluntariado de Medell\u00edn<\/p><\/div>\n<p>Apasionados por Medell\u00edn cierra el a\u00f1o con una agenda especial de acciones solidarias que incluye la participaci\u00f3n en las jornadas de pega de stickers de la campa\u00f1a \u201cMedell\u00edn es antip\u00f3lvora\u201d, la celebraci\u00f3n de la Navidad en el Hospital Concejo de Medell\u00edn y un recorrido de alumbrados para personas con discapacidad visual.<\/p>\n<div id=\"attachment_486794\" style=\"width: 1286px\" class=\"wp-caption alignnone\"><img aria-describedby=\"caption-attachment-486794\" loading=\"lazy\" class=\"wp-image-486794 size-full\" title=\"Red de voluntariado de Medell\u00edn\" src=\"https:\/\/www.medellin.gov.co\/es\/wp-content\/uploads\/2025\/12\/voluntariado_Medellin-8.jpg\" alt=\"Red de voluntariado de Medell\u00edn\" width=\"1276\" height=\"850\" srcset=\"https:\/\/www.medellin.gov.co\/es\/wp-content\/uploads\/2025\/12\/voluntariado_Medellin-8.jpg 1276w, https:\/\/www.medellin.gov.co\/es\/wp-content\/uploads\/2025\/12\/voluntariado_Medellin-8-300x200.jpg 300w, https:\/\/www.medellin.gov.co\/es\/wp-content\/uploads\/2025\/12\/voluntariado_Medellin-8-1024x682.jpg 1024w, https:\/\/www.medellin.gov.co\/es\/wp-content\/uploads\/2025\/12\/voluntariado_Medellin-8-150x100.jpg 150w, https:\/\/www.medellin.gov.co\/es\/wp-content\/uploads\/2025\/12\/voluntariado_Medellin-8-768x512.jpg 768w\" sizes=\"(max-width: 1276px) 100vw, 1276px\" \/><p id=\"caption-attachment-486794\" class=\"wp-caption-text\">Red de voluntariado de Medell\u00edn<\/p><\/div>\n<p>Con estos resultados, la Administraci\u00f3n Distrital reafirma que la solidaridad es una fuerza transformadora capaz de llegar a cada rinc\u00f3n de la ciudad.<\/p>\n","protected":false},"excerpt":{"rendered":"<p>En la Semana del Voluntariado se realiz\u00f3 el circuito 000 Acciones por Medell\u00edn, la Feria de Organizaciones y la Gala de Reconocimiento. M\u00e1s de 500 voluntarios activos se unieron este a\u00f1o, triplicando la fuerza solidaria &#8230;<\/p>\n","protected":false},"author":17,"featured_media":486795,"comment_status":"open","ping_status":"open","sticky":false,"template":"","format":"standard","meta":[],"categories":[31],"tags":[444],"formato_nota":[],"programas_tax":[],"acf":[],"_links":{"self":[{"href":"https:\/\/www.medellin.gov.co\/es\/wp-json\/wp\/v2\/posts\/486778"}],"collection":[{"href":"https:\/\/www.medellin.gov.co\/es\/wp-json\/wp\/v2\/posts"}],"about":[{"href":"https:\/\/www.medellin.gov.co\/es\/wp-json\/wp\/v2\/types\/post"}],"author":[{"embeddable":true,"href":"https:\/\/www.medellin.gov.co\/es\/wp-json\/wp\/v2\/users\/17"}],"replies":[{"embeddable":true,"href":"https:\/\/www.medellin.gov.co\/es\/wp-json\/wp\/v2\/comments?post=486778"}],"version-history":[{"count":1,"href":"https:\/\/www.medellin.gov.co\/es\/wp-json\/wp\/v2\/posts\/486778\/revisions"}],"predecessor-version":[{"id":486800,"href":"https:\/\/www.medellin.gov.co\/es\/wp-json\/wp\/v2\/posts\/486778\/revisions\/486800"}],"wp:featuredmedia":[{"embeddable":true,"href":"https:\/\/www.medellin.gov.co\/es\/wp-json\/wp\/v2\/media\/486795"}],"wp:attachment":[{"href":"https:\/\/www.medellin.gov.co\/es\/wp-json\/wp\/v2\/media?parent=486778"}],"wp:term":[{"taxonomy":"category","embeddable":true,"href":"https:\/\/www.medellin.gov.co\/es\/wp-json\/wp\/v2\/categories?post=486778"},{"taxonomy":"post_tag","embeddable":true,"href":"https:\/\/www.medellin.gov.co\/es\/wp-json\/wp\/v2\/tags?post=486778"},{"taxonomy":"formato_nota","embeddable":true,"href":"https:\/\/www.medellin.gov.co\/es\/wp-json\/wp\/v2\/formato_nota?post=486778"},{"taxonomy":"programas_tax","embeddable":true,"href":"https:\/\/www.medellin.gov.co\/es\/wp-json\/wp\/v2\/programas_tax?post=486778"}],"curies":[{"name":"wp","href":"https:\/\/api.w.org\/{rel}","templated":true}]}}