{"id":489734,"date":"2025-12-27T10:25:13","date_gmt":"2025-12-27T15:25:13","guid":{"rendered":"https:\/\/www.medellin.gov.co\/es\/?p=489734"},"modified":"2025-12-27T10:25:13","modified_gmt":"2025-12-27T15:25:13","slug":"mas-de-12-000-personas-en-medellin-se-benefician-por-procesos-pedagogicos-financiados-con-presupuesto-participativo","status":"publish","type":"post","link":"https:\/\/www.medellin.gov.co\/es\/sala-de-prensa\/noticias\/mas-de-12-000-personas-en-medellin-se-benefician-por-procesos-pedagogicos-financiados-con-presupuesto-participativo\/","title":{"rendered":"M\u00e1s de 12.000 personas en Medell\u00edn se benefician por procesos pedag\u00f3gicos financiados con Presupuesto Participativo"},"content":{"rendered":"<ul>\n<li>348 ciudadanos participaron en los procesos formativos de la Universidad de Antioquia, con recursos priorizados por el Programa Planeaci\u00f3n del Desarrollo Local y Presupuesto Participativo.<\/li>\n<li>Las acciones de multiplicaci\u00f3n pedag\u00f3gica realizadas fortalecen la cultura ambiental en ocho comunas y corregimientos.<\/li>\n<\/ul>\n<!--[if lt IE 9]><script>document.createElement('audio');<\/script><![endif]-->\n\t<div class=\"wp-playlist wp-audio-playlist wp-playlist-light\">\n\t\t\t<div class=\"wp-playlist-current-item\"><\/div>\n\t\t<audio controls=\"controls\" preload=\"none\" width=\"640\"\n\t\t\t><\/audio>\n\t<div class=\"wp-playlist-next\"><\/div>\n\t<div class=\"wp-playlist-prev\"><\/div>\n\t<noscript>\n\t<ol>\n\t\t<li><a href='https:\/\/www.medellin.gov.co\/es\/wp-content\/uploads\/2025\/12\/Declaraciones-de-la-secretaria-de-Medio-Ambiente_-Marcela-Ruiz-Saldarriaga.mp3'>Declaraciones-de-la-secretaria-de-Medio-Ambiente_-Marcela-Ruiz-Saldarriaga<\/a><\/li>\t<\/ol>\n\t<\/noscript>\n\t<script type=\"application\/json\" class=\"wp-playlist-script\">{\"type\":\"audio\",\"tracklist\":true,\"tracknumbers\":true,\"images\":true,\"artists\":true,\"tracks\":[{\"src\":\"https:\\\/\\\/www.medellin.gov.co\\\/es\\\/wp-content\\\/uploads\\\/2025\\\/12\\\/Declaraciones-de-la-secretaria-de-Medio-Ambiente_-Marcela-Ruiz-Saldarriaga.mp3\",\"type\":\"audio\\\/mpeg\",\"title\":\"Declaraciones-de-la-secretaria-de-Medio-Ambiente_-Marcela-Ruiz-Saldarriaga\",\"caption\":\"\",\"description\":\"\\u00abDeclaraciones-de-la-secretaria-de-Medio-Ambiente_-Marcela-Ruiz-Saldarriaga\\u00bb.\",\"meta\":{\"length_formatted\":\"0:38\"},\"image\":{\"src\":\"https:\\\/\\\/www.medellin.gov.co\\\/es\\\/wp-includes\\\/images\\\/media\\\/audio.png\",\"width\":48,\"height\":64},\"thumb\":{\"src\":\"https:\\\/\\\/www.medellin.gov.co\\\/es\\\/wp-includes\\\/images\\\/media\\\/audio.png\",\"width\":48,\"height\":64}}]}<\/script>\n<\/div>\n\t\n<p>Con recursos priorizados por el Programa Planeaci\u00f3n del Desarrollo Local y Presupuesto Participativo de la Secretar\u00eda del Medio Ambiente, Medell\u00edn impulsa procesos formativos para fortalecer la cultura y educaci\u00f3n ambiental en 14 comunas y en los cinco corregimientos.<\/p>\n<p>348 ciudadanos se encontraron en procesos formativos que incluyeron tres apuestas principales que buscan la generaci\u00f3n de capacidades en el territorio para la educaci\u00f3n y gesti\u00f3n ambiental: Diplomado en \u00abGesti\u00f3n Ambiental Participativa\u00bb, curso PROCEDA para la Transformaci\u00f3n del Territorio desde la Apropiaci\u00f3n del Espacio P\u00fablico y el curso para semilleros ambientales \u00abEmergencia Clim\u00e1tica: exploro, act\u00fao y me transformo\u00bb.<\/p>\n\n\t\t<style type=\"text\/css\">\n\t\t\t#gallery-1 {\n\t\t\t\tmargin: auto;\n\t\t\t}\n\t\t\t#gallery-1 .gallery-item {\n\t\t\t\tfloat: left;\n\t\t\t\tmargin-top: 10px;\n\t\t\t\ttext-align: center;\n\t\t\t\twidth: 50%;\n\t\t\t}\n\t\t\t#gallery-1 img {\n\t\t\t\tborder: 2px solid #cfcfcf;\n\t\t\t}\n\t\t\t#gallery-1 .gallery-caption {\n\t\t\t\tmargin-left: 0;\n\t\t\t}\n\t\t\t\/* see gallery_shortcode() in wp-includes\/media.php *\/\n\t\t<\/style>\n\t\t<div id='gallery-1' class='gallery galleryid-489734 gallery-columns-2 gallery-size-full'><dl class='gallery-item'>\n\t\t\t<dt class='gallery-icon landscape'>\n\t\t\t\t<a href='https:\/\/www.medellin.gov.co\/es\/sala-de-prensa\/noticias\/mas-de-12-000-personas-en-medellin-se-benefician-por-procesos-pedagogicos-financiados-con-presupuesto-participativo\/imagen-procesos-pedagogicos-financiados-con-presupuesto-participativo-6\/'><img width=\"1280\" height=\"960\" src=\"https:\/\/www.medellin.gov.co\/es\/wp-content\/uploads\/2025\/12\/Imagen-procesos-pedagogicos-financiados-con-Presupuesto-Participativo-6.jpeg\" class=\"attachment-full size-full\" alt=\"Imagen procesos pedag\u00f3gicos financiados con Presupuesto Participativo (1)\" loading=\"lazy\" srcset=\"https:\/\/www.medellin.gov.co\/es\/wp-content\/uploads\/2025\/12\/Imagen-procesos-pedagogicos-financiados-con-Presupuesto-Participativo-6.jpeg 1280w, https:\/\/www.medellin.gov.co\/es\/wp-content\/uploads\/2025\/12\/Imagen-procesos-pedagogicos-financiados-con-Presupuesto-Participativo-6-300x225.jpeg 300w, https:\/\/www.medellin.gov.co\/es\/wp-content\/uploads\/2025\/12\/Imagen-procesos-pedagogicos-financiados-con-Presupuesto-Participativo-6-1024x768.jpeg 1024w, https:\/\/www.medellin.gov.co\/es\/wp-content\/uploads\/2025\/12\/Imagen-procesos-pedagogicos-financiados-con-Presupuesto-Participativo-6-150x113.jpeg 150w, https:\/\/www.medellin.gov.co\/es\/wp-content\/uploads\/2025\/12\/Imagen-procesos-pedagogicos-financiados-con-Presupuesto-Participativo-6-768x576.jpeg 768w\" sizes=\"(max-width: 1280px) 100vw, 1280px\" \/><\/a>\n\t\t\t<\/dt><\/dl><dl class='gallery-item'>\n\t\t\t<dt class='gallery-icon landscape'>\n\t\t\t\t<a href='https:\/\/www.medellin.gov.co\/es\/sala-de-prensa\/noticias\/mas-de-12-000-personas-en-medellin-se-benefician-por-procesos-pedagogicos-financiados-con-presupuesto-participativo\/imagen-procesos-pedagogicos-financiados-con-presupuesto-participativo-3\/'><img width=\"1280\" height=\"960\" src=\"https:\/\/www.medellin.gov.co\/es\/wp-content\/uploads\/2025\/12\/Imagen-procesos-pedagogicos-financiados-con-Presupuesto-Participativo-3.jpeg\" class=\"attachment-full size-full\" alt=\"Imagen procesos pedag\u00f3gicos financiados con Presupuesto Participativo (1)\" loading=\"lazy\" srcset=\"https:\/\/www.medellin.gov.co\/es\/wp-content\/uploads\/2025\/12\/Imagen-procesos-pedagogicos-financiados-con-Presupuesto-Participativo-3.jpeg 1280w, https:\/\/www.medellin.gov.co\/es\/wp-content\/uploads\/2025\/12\/Imagen-procesos-pedagogicos-financiados-con-Presupuesto-Participativo-3-300x225.jpeg 300w, https:\/\/www.medellin.gov.co\/es\/wp-content\/uploads\/2025\/12\/Imagen-procesos-pedagogicos-financiados-con-Presupuesto-Participativo-3-1024x768.jpeg 1024w, https:\/\/www.medellin.gov.co\/es\/wp-content\/uploads\/2025\/12\/Imagen-procesos-pedagogicos-financiados-con-Presupuesto-Participativo-3-150x113.jpeg 150w, https:\/\/www.medellin.gov.co\/es\/wp-content\/uploads\/2025\/12\/Imagen-procesos-pedagogicos-financiados-con-Presupuesto-Participativo-3-768x576.jpeg 768w\" sizes=\"(max-width: 1280px) 100vw, 1280px\" \/><\/a>\n\t\t\t<\/dt><\/dl><br style=\"clear: both\" \/>\n\t\t<\/div>\n\n<p>La secretaria de Medio Ambiente, Marcela Ruiz Saldarriaga, indic\u00f3 que la dependencia act\u00faa como articuladora que conecta estos ejercicios pedag\u00f3gicos con los instrumentos de planificaci\u00f3n y gesti\u00f3n del territorio. \u201cLos procesos formativos buscan convertir a los participantes en sujetos activos y no pasivos de su propio desarrollo, inst\u00e1ndolos a transformar sus territorios y realidades comunitarias\u201d.<\/p>\n<p>Cada uno de los participantes realiz\u00f3 una acci\u00f3n pedag\u00f3gica de multiplicaci\u00f3n de lo aprendido, para 35 personas en promedio, alcanzando a m\u00e1s de 12.180 ciudadanos. De esta manera se asegura que la capacidad para la gesti\u00f3n ambiental y la sostenibilidad se difunda desde las bases comunitarias, con un efecto duradero y sostenible.<\/p>\n<p>Las acciones de multiplicaci\u00f3n pedag\u00f3gica abordaron retos ambientales: manejo y transformaci\u00f3n de residuos s\u00f3lidos desde la econom\u00eda circular; espacio p\u00fablico como epicentro de problem\u00e1ticas ambientales, articulado al proyecto estrat\u00e9gico Tacita de Plata; tenencia responsable de animales de compa\u00f1\u00eda; calidad del agua, gesti\u00f3n del ruido y calidad del aire y biodiversidad.<\/p>\n<p><img loading=\"lazy\" class=\"alignnone wp-image-489744 size-large\" title=\"Ni\u00f1os en procesos pedag\u00f3gicos Medio Ambiente\" src=\"https:\/\/www.medellin.gov.co\/es\/wp-content\/uploads\/2025\/12\/Imagen-procesos-pedagogicos-financiados-con-Presupuesto-Participativo-4-1024x683.jpeg\" alt=\"Imagen procesos pedag\u00f3gicos financiados con Presupuesto Participativo (1)\" width=\"1024\" height=\"683\" srcset=\"https:\/\/www.medellin.gov.co\/es\/wp-content\/uploads\/2025\/12\/Imagen-procesos-pedagogicos-financiados-con-Presupuesto-Participativo-4-1024x683.jpeg 1024w, https:\/\/www.medellin.gov.co\/es\/wp-content\/uploads\/2025\/12\/Imagen-procesos-pedagogicos-financiados-con-Presupuesto-Participativo-4-300x200.jpeg 300w, https:\/\/www.medellin.gov.co\/es\/wp-content\/uploads\/2025\/12\/Imagen-procesos-pedagogicos-financiados-con-Presupuesto-Participativo-4-150x100.jpeg 150w, https:\/\/www.medellin.gov.co\/es\/wp-content\/uploads\/2025\/12\/Imagen-procesos-pedagogicos-financiados-con-Presupuesto-Participativo-4-768x512.jpeg 768w, https:\/\/www.medellin.gov.co\/es\/wp-content\/uploads\/2025\/12\/Imagen-procesos-pedagogicos-financiados-con-Presupuesto-Participativo-4-1536x1024.jpeg 1536w, https:\/\/www.medellin.gov.co\/es\/wp-content\/uploads\/2025\/12\/Imagen-procesos-pedagogicos-financiados-con-Presupuesto-Participativo-4.jpeg 1599w\" sizes=\"(max-width: 1024px) 100vw, 1024px\" \/><\/p>\n<p>Entre las iniciativas desarrolladas por los l\u00edderes ambientales, se destacan la custodia de semillas nativas, avistamiento de aves, siembra de huertas y jardines para la atracci\u00f3n de especies polinizadoras, recorridos territoriales para identificar problem\u00e1ticas y potencialidades ambientales alrededor de las fuentes h\u00eddricas, jornadas de limpieza en las zonas verdes y apropiaci\u00f3n del espacio p\u00fablico, promoci\u00f3n y entrega de pa\u00f1ales ecol\u00f3gicos, vinculaci\u00f3n de comerciantes promoviendo pr\u00e1cticas ambientales desde su actividad productiva, talleres te\u00f3ricopr\u00e1cticos sobre plantas medicinales ancestrales, compostaje, separaci\u00f3n y aprovechamiento de residuos, macroinvertebrados, seguridad y autonom\u00eda alimentaria.<\/p>\n<p>As\u00ed mismo, se implementaron estrategias de comunicaci\u00f3n como cortometrajes, obras de teatro y cines foros; y se desarrollaron campa\u00f1as educativas sobre tenencia responsable de animales de compa\u00f1\u00eda.<\/p>\n","protected":false},"excerpt":{"rendered":"<p>348 ciudadanos participaron en los procesos formativos de la Universidad de Antioquia, con recursos priorizados por el Programa Planeaci\u00f3n del Desarrollo Local y Presupuesto Participativo. Las acciones de multiplicaci\u00f3n pedag\u00f3gica realizadas fortalecen la cultura ambiental &#8230;<\/p>\n","protected":false},"author":97,"featured_media":489736,"comment_status":"open","ping_status":"open","sticky":false,"template":"","format":"standard","meta":[],"categories":[13],"tags":[436,450,427],"formato_nota":[],"programas_tax":[],"acf":[],"_links":{"self":[{"href":"https:\/\/www.medellin.gov.co\/es\/wp-json\/wp\/v2\/posts\/489734"}],"collection":[{"href":"https:\/\/www.medellin.gov.co\/es\/wp-json\/wp\/v2\/posts"}],"about":[{"href":"https:\/\/www.medellin.gov.co\/es\/wp-json\/wp\/v2\/types\/post"}],"author":[{"embeddable":true,"href":"https:\/\/www.medellin.gov.co\/es\/wp-json\/wp\/v2\/users\/97"}],"replies":[{"embeddable":true,"href":"https:\/\/www.medellin.gov.co\/es\/wp-json\/wp\/v2\/comments?post=489734"}],"version-history":[{"count":1,"href":"https:\/\/www.medellin.gov.co\/es\/wp-json\/wp\/v2\/posts\/489734\/revisions"}],"predecessor-version":[{"id":489754,"href":"https:\/\/www.medellin.gov.co\/es\/wp-json\/wp\/v2\/posts\/489734\/revisions\/489754"}],"wp:featuredmedia":[{"embeddable":true,"href":"https:\/\/www.medellin.gov.co\/es\/wp-json\/wp\/v2\/media\/489736"}],"wp:attachment":[{"href":"https:\/\/www.medellin.gov.co\/es\/wp-json\/wp\/v2\/media?parent=489734"}],"wp:term":[{"taxonomy":"category","embeddable":true,"href":"https:\/\/www.medellin.gov.co\/es\/wp-json\/wp\/v2\/categories?post=489734"},{"taxonomy":"post_tag","embeddable":true,"href":"https:\/\/www.medellin.gov.co\/es\/wp-json\/wp\/v2\/tags?post=489734"},{"taxonomy":"formato_nota","embeddable":true,"href":"https:\/\/www.medellin.gov.co\/es\/wp-json\/wp\/v2\/formato_nota?post=489734"},{"taxonomy":"programas_tax","embeddable":true,"href":"https:\/\/www.medellin.gov.co\/es\/wp-json\/wp\/v2\/programas_tax?post=489734"}],"curies":[{"name":"wp","href":"https:\/\/api.w.org\/{rel}","templated":true}]}}