{"id":490047,"date":"2025-12-29T15:26:49","date_gmt":"2025-12-29T20:26:49","guid":{"rendered":"https:\/\/www.medellin.gov.co\/es\/?p=490047"},"modified":"2025-12-29T15:26:49","modified_gmt":"2025-12-29T20:26:49","slug":"el-museo-casa-de-la-memoria-de-medellin-una-alternativa-cultural-para-disfrutar-en-vacaciones","status":"publish","type":"post","link":"https:\/\/www.medellin.gov.co\/es\/sala-de-prensa\/noticias\/el-museo-casa-de-la-memoria-de-medellin-una-alternativa-cultural-para-disfrutar-en-vacaciones\/","title":{"rendered":"El Museo Casa de la Memoria de Medell\u00edn, una alternativa cultural para disfrutar en vacaciones"},"content":{"rendered":"<ul>\n<li>Durante Navidad y A\u00f1o Nuevo, el museo tendr\u00e1 horarios especiales de atenci\u00f3n al p\u00fablico.<\/li>\n<\/ul>\n<!--[if lt IE 9]><script>document.createElement('audio');<\/script><![endif]-->\n\t<div class=\"wp-playlist wp-audio-playlist wp-playlist-light\">\n\t\t\t<div class=\"wp-playlist-current-item\"><\/div>\n\t\t<audio controls=\"controls\" preload=\"none\" width=\"640\"\n\t\t\t><\/audio>\n\t<div class=\"wp-playlist-next\"><\/div>\n\t<div class=\"wp-playlist-prev\"><\/div>\n\t<noscript>\n\t<ol>\n\t\t<li><a href='https:\/\/www.medellin.gov.co\/es\/wp-content\/uploads\/2025\/12\/Declaraciones-director-del-Museo-Casa-de-la-Memoria-Luis-Eduardo-Vieco-Maya.mp3'>Declaraciones director del Museo Casa de la Memoria, Luis Eduardo Vieco Maya<\/a><\/li><li><a href='https:\/\/www.medellin.gov.co\/es\/wp-content\/uploads\/2025\/12\/Declaraciones-Cristina-Galeano-visitante-frecuente-del-museo.mp3'>Declaraciones Cristina Galeano, visitante frecuente del museo<\/a><\/li>\t<\/ol>\n\t<\/noscript>\n\t<script type=\"application\/json\" class=\"wp-playlist-script\">{\"type\":\"audio\",\"tracklist\":true,\"tracknumbers\":true,\"images\":true,\"artists\":true,\"tracks\":[{\"src\":\"https:\\\/\\\/www.medellin.gov.co\\\/es\\\/wp-content\\\/uploads\\\/2025\\\/12\\\/Declaraciones-director-del-Museo-Casa-de-la-Memoria-Luis-Eduardo-Vieco-Maya.mp3\",\"type\":\"audio\\\/mpeg\",\"title\":\"Declaraciones director del Museo Casa de la Memoria, Luis Eduardo Vieco Maya\",\"caption\":\"\",\"description\":\"\\u00abDeclaraciones director del Museo Casa de la Memoria, Luis Eduardo Vieco Maya\\u00bb. G\\u00e9nero: Blues.\",\"meta\":{\"genre\":\"Blues\",\"length_formatted\":\"0:47\"},\"image\":{\"src\":\"https:\\\/\\\/www.medellin.gov.co\\\/es\\\/wp-includes\\\/images\\\/media\\\/audio.png\",\"width\":48,\"height\":64},\"thumb\":{\"src\":\"https:\\\/\\\/www.medellin.gov.co\\\/es\\\/wp-includes\\\/images\\\/media\\\/audio.png\",\"width\":48,\"height\":64}},{\"src\":\"https:\\\/\\\/www.medellin.gov.co\\\/es\\\/wp-content\\\/uploads\\\/2025\\\/12\\\/Declaraciones-Cristina-Galeano-visitante-frecuente-del-museo.mp3\",\"type\":\"audio\\\/mpeg\",\"title\":\"Declaraciones Cristina Galeano, visitante frecuente del museo\",\"caption\":\"\",\"description\":\"\\u00abDeclaraciones Cristina Galeano, visitante frecuente del museo\\u00bb. G\\u00e9nero: Blues.\",\"meta\":{\"genre\":\"Blues\",\"length_formatted\":\"1:17\"},\"image\":{\"src\":\"https:\\\/\\\/www.medellin.gov.co\\\/es\\\/wp-includes\\\/images\\\/media\\\/audio.png\",\"width\":48,\"height\":64},\"thumb\":{\"src\":\"https:\\\/\\\/www.medellin.gov.co\\\/es\\\/wp-includes\\\/images\\\/media\\\/audio.png\",\"width\":48,\"height\":64}}]}<\/script>\n<\/div>\n\t\n<p>Durante esta temporada de fin de a\u00f1o y comienzo de 2026, turistas locales y extranjeros podr\u00e1n explorar cuatro exposiciones en el <a href=\"https:\/\/www.museocasadelamemoria.gov.co\/\" target=\"_blank\" rel=\"noopener\">Museo Casa de la Memoria<\/a> alrededor de temas sobre la historia del conflicto armado colombiano e iniciativas de paz en el pa\u00eds.<\/p>\n<p><img loading=\"lazy\" class=\"alignnone wp-image-490054 size-full\" title=\"Museo Casa de la Memoria\" src=\"https:\/\/www.medellin.gov.co\/es\/wp-content\/uploads\/2025\/12\/Imagen-Museo-Casa-de-la-Memoria-2.jpg\" alt=\"Imagen Museo Casa de la Memoria (2)\" width=\"1275\" height=\"850\" srcset=\"https:\/\/www.medellin.gov.co\/es\/wp-content\/uploads\/2025\/12\/Imagen-Museo-Casa-de-la-Memoria-2.jpg 1275w, https:\/\/www.medellin.gov.co\/es\/wp-content\/uploads\/2025\/12\/Imagen-Museo-Casa-de-la-Memoria-2-300x200.jpg 300w, https:\/\/www.medellin.gov.co\/es\/wp-content\/uploads\/2025\/12\/Imagen-Museo-Casa-de-la-Memoria-2-1024x683.jpg 1024w, https:\/\/www.medellin.gov.co\/es\/wp-content\/uploads\/2025\/12\/Imagen-Museo-Casa-de-la-Memoria-2-150x100.jpg 150w, https:\/\/www.medellin.gov.co\/es\/wp-content\/uploads\/2025\/12\/Imagen-Museo-Casa-de-la-Memoria-2-768x512.jpg 768w\" sizes=\"(max-width: 1275px) 100vw, 1275px\" \/><\/p>\n<p>Las muestras son: \u201cMedell\u00edn: memorias de violencia y resistencia\u201d, una exposici\u00f3n con 16 experiencias interactivas con testimonios, l\u00edneas de tiempo, fotograf\u00edas e historias de la violencia en el pa\u00eds; \u201cRemendar el alma\u201d, que visibiliza los relatos de reparaci\u00f3n frente a violencias de g\u00e9nero, sexuales o del conflicto armado;<\/p>\n<p>\u201cMemorias vivas de nuestro territorio\u201d, que documenta y nombra, a trav\u00e9s de fotograf\u00edas y relatos, a v\u00edctimas en el cementerio Las Mercedes, de Dabeiba (Antioquia); y \u201cRecetario para la memoria\u201d, una exposici\u00f3n que recuerda a los desaparecidos a trav\u00e9s de la cocina.<\/p>\n<p><img loading=\"lazy\" class=\"alignnone wp-image-490052 size-full\" title=\"Museo Casa de la Memoria\" src=\"https:\/\/www.medellin.gov.co\/es\/wp-content\/uploads\/2025\/12\/Imagen-Museo-Casa-de-la-Memoria-3.jpg\" alt=\"Imagen Museo Casa de la Memoria (3)\" width=\"1275\" height=\"850\" srcset=\"https:\/\/www.medellin.gov.co\/es\/wp-content\/uploads\/2025\/12\/Imagen-Museo-Casa-de-la-Memoria-3.jpg 1275w, https:\/\/www.medellin.gov.co\/es\/wp-content\/uploads\/2025\/12\/Imagen-Museo-Casa-de-la-Memoria-3-300x200.jpg 300w, https:\/\/www.medellin.gov.co\/es\/wp-content\/uploads\/2025\/12\/Imagen-Museo-Casa-de-la-Memoria-3-1024x683.jpg 1024w, https:\/\/www.medellin.gov.co\/es\/wp-content\/uploads\/2025\/12\/Imagen-Museo-Casa-de-la-Memoria-3-150x100.jpg 150w, https:\/\/www.medellin.gov.co\/es\/wp-content\/uploads\/2025\/12\/Imagen-Museo-Casa-de-la-Memoria-3-768x512.jpg 768w\" sizes=\"(max-width: 1275px) 100vw, 1275px\" \/><\/p>\n<p>\u201cEn estas vacaciones, queremos invitar a toda la comunidad para que visite el Museo Casa la Memoria, un espacio de reflexi\u00f3n en el cual nos encontramos con las memorias del conflicto armado colombiano. El museo tendr\u00e1 sus puertas abiertas durante toda esta temporada, as\u00ed que no cerramos. Por esa raz\u00f3n, queremos que nos visiten, que conozcan cada una de las salas, cada una de las nuevas exposiciones\u201d, dijo el director del Museo Casa de la Memoria, Luis Eduardo Vieco Maya.<\/p>\n<p>El museo tendr\u00e1 horarios especiales durante las festividades. El 24 de diciembre abrir\u00e1 de 9:00 a. m. y hasta mediod\u00eda., mientras que el 25 de diciembre permanecer\u00e1 cerrado. Para fin de a\u00f1o, el 31 de diciembre tambi\u00e9n abrir\u00e1 de 9:00 a. m. y hasta mediod\u00eda, y el 1 de enero de 2026 estar\u00e1 cerrado. A partir del 2 de enero, el museo retomar\u00e1 su horario habitual: martes a viernes de 9:00 a. m. a 6:00 p. m. y fines de semana y festivos de 10:00 a. m. a 4:00 p. m. El primer d\u00eda h\u00e1bil de cada semana permanece cerrado por labores de mantenimiento.<\/p>\n<p><img loading=\"lazy\" class=\"alignnone wp-image-490050 size-full\" title=\"Museo Casa de la Memoria\" src=\"https:\/\/www.medellin.gov.co\/es\/wp-content\/uploads\/2025\/12\/Imagen-Museo-Casa-de-la-Memoria-4.jpg\" alt=\"Imagen Museo Casa de la Memoria (4)\" width=\"1276\" height=\"850\" srcset=\"https:\/\/www.medellin.gov.co\/es\/wp-content\/uploads\/2025\/12\/Imagen-Museo-Casa-de-la-Memoria-4.jpg 1276w, https:\/\/www.medellin.gov.co\/es\/wp-content\/uploads\/2025\/12\/Imagen-Museo-Casa-de-la-Memoria-4-300x200.jpg 300w, https:\/\/www.medellin.gov.co\/es\/wp-content\/uploads\/2025\/12\/Imagen-Museo-Casa-de-la-Memoria-4-1024x682.jpg 1024w, https:\/\/www.medellin.gov.co\/es\/wp-content\/uploads\/2025\/12\/Imagen-Museo-Casa-de-la-Memoria-4-150x100.jpg 150w, https:\/\/www.medellin.gov.co\/es\/wp-content\/uploads\/2025\/12\/Imagen-Museo-Casa-de-la-Memoria-4-768x512.jpg 768w\" sizes=\"(max-width: 1276px) 100vw, 1276px\" \/><\/p>\n<p>\u201cHe venido muchas veces porque hacen diferentes exposiciones sobre v\u00edctimas del conflicto y me parece muy importante la visita de padres de familia con los hijos y j\u00f3venes, porque se va viendo la situaci\u00f3n desde varios contextos Y como todos somos tan diferentes. De una u otra manera nos sirve para entender que la educaci\u00f3n es muy importante\u201d, manifest\u00f3 Cristina Galeano, visitante frecuente del museo.<\/p>\n<p>El Museo Casa de la Memoria est\u00e1 ubicado en la calle 51 # 36-66, a dos cuadras de la estaci\u00f3n Bicentenario del tranv\u00eda de Ayacucho. Es una oportunidad \u00fanica para reflexionar y conectarse con la memoria hist\u00f3rica de Medell\u00edn durante estas vacaciones.<\/p>\n","protected":false},"excerpt":{"rendered":"<p>Durante Navidad y A\u00f1o Nuevo, el museo tendr\u00e1 horarios especiales de atenci\u00f3n al p\u00fablico. Durante esta temporada de fin de a\u00f1o y comienzo de 2026, turistas locales y extranjeros podr\u00e1n explorar cuatro exposiciones en el &#8230;<\/p>\n","protected":false},"author":95,"featured_media":490056,"comment_status":"open","ping_status":"open","sticky":false,"template":"","format":"standard","meta":[],"categories":[17],"tags":[455],"formato_nota":[],"programas_tax":[],"acf":[],"_links":{"self":[{"href":"https:\/\/www.medellin.gov.co\/es\/wp-json\/wp\/v2\/posts\/490047"}],"collection":[{"href":"https:\/\/www.medellin.gov.co\/es\/wp-json\/wp\/v2\/posts"}],"about":[{"href":"https:\/\/www.medellin.gov.co\/es\/wp-json\/wp\/v2\/types\/post"}],"author":[{"embeddable":true,"href":"https:\/\/www.medellin.gov.co\/es\/wp-json\/wp\/v2\/users\/95"}],"replies":[{"embeddable":true,"href":"https:\/\/www.medellin.gov.co\/es\/wp-json\/wp\/v2\/comments?post=490047"}],"version-history":[{"count":1,"href":"https:\/\/www.medellin.gov.co\/es\/wp-json\/wp\/v2\/posts\/490047\/revisions"}],"predecessor-version":[{"id":490062,"href":"https:\/\/www.medellin.gov.co\/es\/wp-json\/wp\/v2\/posts\/490047\/revisions\/490062"}],"wp:featuredmedia":[{"embeddable":true,"href":"https:\/\/www.medellin.gov.co\/es\/wp-json\/wp\/v2\/media\/490056"}],"wp:attachment":[{"href":"https:\/\/www.medellin.gov.co\/es\/wp-json\/wp\/v2\/media?parent=490047"}],"wp:term":[{"taxonomy":"category","embeddable":true,"href":"https:\/\/www.medellin.gov.co\/es\/wp-json\/wp\/v2\/categories?post=490047"},{"taxonomy":"post_tag","embeddable":true,"href":"https:\/\/www.medellin.gov.co\/es\/wp-json\/wp\/v2\/tags?post=490047"},{"taxonomy":"formato_nota","embeddable":true,"href":"https:\/\/www.medellin.gov.co\/es\/wp-json\/wp\/v2\/formato_nota?post=490047"},{"taxonomy":"programas_tax","embeddable":true,"href":"https:\/\/www.medellin.gov.co\/es\/wp-json\/wp\/v2\/programas_tax?post=490047"}],"curies":[{"name":"wp","href":"https:\/\/api.w.org\/{rel}","templated":true}]}}