{"id":490193,"date":"2025-12-30T12:56:17","date_gmt":"2025-12-30T17:56:17","guid":{"rendered":"https:\/\/www.medellin.gov.co\/es\/?p=490193"},"modified":"2025-12-30T12:56:17","modified_gmt":"2025-12-30T17:56:17","slug":"tejiendo-hogares-formo-a-120-000-familias-de-medellin-con-herramientas-para-prevenir-las-violencias","status":"publish","type":"post","link":"https:\/\/www.medellin.gov.co\/es\/sala-de-prensa\/noticias\/tejiendo-hogares-formo-a-120-000-familias-de-medellin-con-herramientas-para-prevenir-las-violencias\/","title":{"rendered":"Tejiendo Hogares form\u00f3 a 120.000 familias de Medell\u00edn con herramientas para prevenir las violencias"},"content":{"rendered":"<ul>\n<li>Esta estrategia incluye la Gran Escuela para la Familia, en la que participaron este a\u00f1o 2.334 madres, padres y cuidadores.<\/li>\n<li>Adem\u00e1s, 1.052 colaboradores de las empresas de aseo de las instituciones educativas p\u00fablicas recibieron formaci\u00f3n para gestionar emociones y proteger a los estudiantes.<\/li>\n<\/ul>\n<!--[if lt IE 9]><script>document.createElement('audio');<\/script><![endif]-->\n\t<div class=\"wp-playlist wp-audio-playlist wp-playlist-light\">\n\t\t\t<div class=\"wp-playlist-current-item\"><\/div>\n\t\t<audio controls=\"controls\" preload=\"none\" width=\"640\"\n\t\t\t><\/audio>\n\t<div class=\"wp-playlist-next\"><\/div>\n\t<div class=\"wp-playlist-prev\"><\/div>\n\t<noscript>\n\t<ol>\n\t\t<li><a href='https:\/\/www.medellin.gov.co\/es\/wp-content\/uploads\/2025\/12\/Declaraciones-primera-dama-Margarita-Maria-Gomez-Marin.mp3'>Declaraciones primera dama, Margarita Mar\u00eda G\u00f3mez Mar\u00edn<\/a><\/li><li><a href='https:\/\/www.medellin.gov.co\/es\/wp-content\/uploads\/2025\/12\/Declaraciones-beneficiario-de-la-estrategia-Juan-David-Londono.mp3'>Declaraciones beneficiario de la estrategia, Juan David Londo\u00f1o<\/a><\/li>\t<\/ol>\n\t<\/noscript>\n\t<script type=\"application\/json\" class=\"wp-playlist-script\">{\"type\":\"audio\",\"tracklist\":true,\"tracknumbers\":true,\"images\":true,\"artists\":true,\"tracks\":[{\"src\":\"https:\\\/\\\/www.medellin.gov.co\\\/es\\\/wp-content\\\/uploads\\\/2025\\\/12\\\/Declaraciones-primera-dama-Margarita-Maria-Gomez-Marin.mp3\",\"type\":\"audio\\\/mpeg\",\"title\":\"Declaraciones primera dama, Margarita Mar\\u00eda G\\u00f3mez Mar\\u00edn\",\"caption\":\"\",\"description\":\"\\u00abDeclaraciones primera dama, Margarita Mar\\u00eda G\\u00f3mez Mar\\u00edn\\u00bb. G\\u00e9nero: Blues.\",\"meta\":{\"genre\":\"Blues\",\"length_formatted\":\"0:46\"},\"image\":{\"src\":\"https:\\\/\\\/www.medellin.gov.co\\\/es\\\/wp-includes\\\/images\\\/media\\\/audio.png\",\"width\":48,\"height\":64},\"thumb\":{\"src\":\"https:\\\/\\\/www.medellin.gov.co\\\/es\\\/wp-includes\\\/images\\\/media\\\/audio.png\",\"width\":48,\"height\":64}},{\"src\":\"https:\\\/\\\/www.medellin.gov.co\\\/es\\\/wp-content\\\/uploads\\\/2025\\\/12\\\/Declaraciones-beneficiario-de-la-estrategia-Juan-David-Londono.mp3\",\"type\":\"audio\\\/mpeg\",\"title\":\"Declaraciones beneficiario de la estrategia, Juan David Londo\\u00f1o\",\"caption\":\"\",\"description\":\"\\u00abDeclaraciones beneficiario de la estrategia, Juan David Londo\\u00f1o\\u00bb. G\\u00e9nero: Blues.\",\"meta\":{\"genre\":\"Blues\",\"length_formatted\":\"0:54\"},\"image\":{\"src\":\"https:\\\/\\\/www.medellin.gov.co\\\/es\\\/wp-includes\\\/images\\\/media\\\/audio.png\",\"width\":48,\"height\":64},\"thumb\":{\"src\":\"https:\\\/\\\/www.medellin.gov.co\\\/es\\\/wp-includes\\\/images\\\/media\\\/audio.png\",\"width\":48,\"height\":64}}]}<\/script>\n<\/div>\n\t\n<p>Talleres vivenciales, acompa\u00f1amiento personalizado y espacios de formaci\u00f3n fueron algunas actividades con las que Tejiendo Hogares, estrategia del Despacho de la Primera Dama, lleg\u00f3 a m\u00e1s familias de Medell\u00edn en 2025, con el fin de entregarles herramientas para fortalecer los v\u00ednculos, promover el bienestar emocional y prevenir las violencias en entornos escolares y comunitarios.<\/p>\n<p><img loading=\"lazy\" class=\"alignnone wp-image-490201 size-full\" title=\"Tejiendo Hogares\" src=\"https:\/\/www.medellin.gov.co\/es\/wp-content\/uploads\/2025\/12\/Imagen-Tejiendo-Hogares-1.jpg\" alt=\"Imagen Tejiendo Hogares (1)\" width=\"1276\" height=\"850\" srcset=\"https:\/\/www.medellin.gov.co\/es\/wp-content\/uploads\/2025\/12\/Imagen-Tejiendo-Hogares-1.jpg 1276w, https:\/\/www.medellin.gov.co\/es\/wp-content\/uploads\/2025\/12\/Imagen-Tejiendo-Hogares-1-300x200.jpg 300w, https:\/\/www.medellin.gov.co\/es\/wp-content\/uploads\/2025\/12\/Imagen-Tejiendo-Hogares-1-1024x682.jpg 1024w, https:\/\/www.medellin.gov.co\/es\/wp-content\/uploads\/2025\/12\/Imagen-Tejiendo-Hogares-1-150x100.jpg 150w, https:\/\/www.medellin.gov.co\/es\/wp-content\/uploads\/2025\/12\/Imagen-Tejiendo-Hogares-1-768x512.jpg 768w\" sizes=\"(max-width: 1276px) 100vw, 1276px\" \/><\/p>\n<p>As\u00ed, durante 2025, 120.000 familias fueron acompa\u00f1adas con acciones pr\u00e1cticas para mejorar la convivencia, gestionar emociones y proteger a sus ni\u00f1as, ni\u00f1os y adolescentes. La integralidad de la iniciativa radica en que las actividades llegaron a distintos espacios, como instituciones educativas, empresas y barrios.<\/p>\n<p>\u00abA trav\u00e9s de nuestros espacios formativos, madres, padres, cuidadores y docentes han recibido herramientas pr\u00e1cticas para comunicarse mejor, poner l\u00edmites con amor y construir v\u00ednculos m\u00e1s sanos dentro de sus hogares\u201d, se\u00f1al\u00f3 la primera dama, Margarita Mar\u00eda G\u00f3mez Mar\u00edn.<\/p>\n<p><img loading=\"lazy\" class=\"alignnone wp-image-490197 size-full\" title=\"Tejiendo Hogares \" src=\"https:\/\/www.medellin.gov.co\/es\/wp-content\/uploads\/2025\/12\/Imagen-Tejiendo-Hogares-2.jpg\" alt=\"Imagen Tejiendo Hogares (2)\" width=\"1276\" height=\"850\" srcset=\"https:\/\/www.medellin.gov.co\/es\/wp-content\/uploads\/2025\/12\/Imagen-Tejiendo-Hogares-2.jpg 1276w, https:\/\/www.medellin.gov.co\/es\/wp-content\/uploads\/2025\/12\/Imagen-Tejiendo-Hogares-2-300x200.jpg 300w, https:\/\/www.medellin.gov.co\/es\/wp-content\/uploads\/2025\/12\/Imagen-Tejiendo-Hogares-2-1024x682.jpg 1024w, https:\/\/www.medellin.gov.co\/es\/wp-content\/uploads\/2025\/12\/Imagen-Tejiendo-Hogares-2-150x100.jpg 150w, https:\/\/www.medellin.gov.co\/es\/wp-content\/uploads\/2025\/12\/Imagen-Tejiendo-Hogares-2-768x512.jpg 768w\" sizes=\"(max-width: 1276px) 100vw, 1276px\" \/><\/p>\n<p>Uno de los principales avances fue la participaci\u00f3n activa de 2.334 madres, padres y cuidadores en la Gran Escuela para la Familia, realizada en 31 escenarios de las 16 comunas y los cinco corregimientos. El proceso incluy\u00f3 talleres vivenciales sobre l\u00edmites con afecto, comunicaci\u00f3n asertiva, manejo emocional, crianza en la era digital y prevenci\u00f3n de violencias, lo que contribuye a construir relaciones m\u00e1s respetuosas y protectoras en los hogares.<\/p>\n<p>En el \u00e1mbito escolar, Medell\u00edn avanz\u00f3 en la implementaci\u00f3n del piloto de Escuelas Emocionalmente Inteligentes en 18 instituciones educativas, un ejercicio que respalda y materializa la <a href=\"https:\/\/www.alcaldiabogota.gov.co\/sisjur\/normas\/Norma1.jsp?i=160018\" target=\"_blank\" rel=\"noopener\">Ley 2383 de 2025<\/a>, que establece la educaci\u00f3n socioemocional como una necesidad fundamental. Este plan se ha convertido en un referente local, al sentar las bases para que las escuelas integren el desarrollo emocional en su quehacer cotidiano.<\/p>\n<p>Asimismo, 1.052 colaboradores de las empresas de aseo de las instituciones educativas p\u00fablicas recibieron la formaci\u00f3n Servicio con Sentido, que les brind\u00f3 herramientas para gestionar emociones, fortalecer v\u00ednculos con estudiantes y docentes, y actuar oportunamente ante situaciones de maltrato o riesgo. Este proceso resalta el rol protector que cumplen quienes trabajan a diario en los colegios, al tiempo que promueve el cuidado, la empat\u00eda y el respeto en toda la comunidad educativa.<\/p>\n<p><img loading=\"lazy\" class=\"alignnone wp-image-490196 size-full\" title=\"Tejiendo Hogares\" src=\"https:\/\/www.medellin.gov.co\/es\/wp-content\/uploads\/2025\/12\/Imagen-Tejiendo-Hogares-4.jpg\" alt=\"Imagen Tejiendo Hogares (4)\" width=\"1276\" height=\"850\" srcset=\"https:\/\/www.medellin.gov.co\/es\/wp-content\/uploads\/2025\/12\/Imagen-Tejiendo-Hogares-4.jpg 1276w, https:\/\/www.medellin.gov.co\/es\/wp-content\/uploads\/2025\/12\/Imagen-Tejiendo-Hogares-4-300x200.jpg 300w, https:\/\/www.medellin.gov.co\/es\/wp-content\/uploads\/2025\/12\/Imagen-Tejiendo-Hogares-4-1024x682.jpg 1024w, https:\/\/www.medellin.gov.co\/es\/wp-content\/uploads\/2025\/12\/Imagen-Tejiendo-Hogares-4-150x100.jpg 150w, https:\/\/www.medellin.gov.co\/es\/wp-content\/uploads\/2025\/12\/Imagen-Tejiendo-Hogares-4-768x512.jpg 768w\" sizes=\"(max-width: 1276px) 100vw, 1276px\" \/><\/p>\n<p>\u201cYa he participado en varios talleres de Tejiendo Hogares. Nos han ayudado much\u00edsimo a fortalecernos como familia, porque lo principal es el n\u00facleo que tenemos las personas y sentirnos apoyados all\u00ed. Sentir ese amor de familia es lo que nos ha permitido mejorar mucho\u201d, expres\u00f3 el beneficiario de la estrategia, Juan David Londo\u00f1o.<\/p>\n<p>Por su parte, 86 coordinadores de Clubes Juveniles se certificaron en Liderazgo con Prop\u00f3sito, una iniciativa conjunta entre Tejiendo Hogares y la Secretar\u00eda de la Juventud, que fortalece la gesti\u00f3n emocional, el liderazgo comunitario y la construcci\u00f3n de entornos seguros para adolescentes y j\u00f3venes en los territorios.<\/p>\n","protected":false},"excerpt":{"rendered":"<p>Esta estrategia incluye la Gran Escuela para la Familia, en la que participaron este a\u00f1o 2.334 madres, padres y cuidadores. Adem\u00e1s, 1.052 colaboradores de las empresas de aseo de las instituciones educativas p\u00fablicas recibieron formaci\u00f3n &#8230;<\/p>\n","protected":false},"author":95,"featured_media":490199,"comment_status":"open","ping_status":"open","sticky":false,"template":"","format":"standard","meta":[],"categories":[285],"tags":[455],"formato_nota":[],"programas_tax":[],"acf":[],"_links":{"self":[{"href":"https:\/\/www.medellin.gov.co\/es\/wp-json\/wp\/v2\/posts\/490193"}],"collection":[{"href":"https:\/\/www.medellin.gov.co\/es\/wp-json\/wp\/v2\/posts"}],"about":[{"href":"https:\/\/www.medellin.gov.co\/es\/wp-json\/wp\/v2\/types\/post"}],"author":[{"embeddable":true,"href":"https:\/\/www.medellin.gov.co\/es\/wp-json\/wp\/v2\/users\/95"}],"replies":[{"embeddable":true,"href":"https:\/\/www.medellin.gov.co\/es\/wp-json\/wp\/v2\/comments?post=490193"}],"version-history":[{"count":1,"href":"https:\/\/www.medellin.gov.co\/es\/wp-json\/wp\/v2\/posts\/490193\/revisions"}],"predecessor-version":[{"id":490206,"href":"https:\/\/www.medellin.gov.co\/es\/wp-json\/wp\/v2\/posts\/490193\/revisions\/490206"}],"wp:featuredmedia":[{"embeddable":true,"href":"https:\/\/www.medellin.gov.co\/es\/wp-json\/wp\/v2\/media\/490199"}],"wp:attachment":[{"href":"https:\/\/www.medellin.gov.co\/es\/wp-json\/wp\/v2\/media?parent=490193"}],"wp:term":[{"taxonomy":"category","embeddable":true,"href":"https:\/\/www.medellin.gov.co\/es\/wp-json\/wp\/v2\/categories?post=490193"},{"taxonomy":"post_tag","embeddable":true,"href":"https:\/\/www.medellin.gov.co\/es\/wp-json\/wp\/v2\/tags?post=490193"},{"taxonomy":"formato_nota","embeddable":true,"href":"https:\/\/www.medellin.gov.co\/es\/wp-json\/wp\/v2\/formato_nota?post=490193"},{"taxonomy":"programas_tax","embeddable":true,"href":"https:\/\/www.medellin.gov.co\/es\/wp-json\/wp\/v2\/programas_tax?post=490193"}],"curies":[{"name":"wp","href":"https:\/\/api.w.org\/{rel}","templated":true}]}}