{"id":490208,"date":"2025-12-30T13:05:07","date_gmt":"2025-12-30T18:05:07","guid":{"rendered":"https:\/\/www.medellin.gov.co\/es\/?p=490208"},"modified":"2025-12-30T13:05:07","modified_gmt":"2025-12-30T18:05:07","slug":"medellin-avanza-en-la-recuperacion-de-quebradas-y-la-proteccion-de-mas-de-3-000-hectareas-de-ecosistemas-estrategicos","status":"publish","type":"post","link":"https:\/\/www.medellin.gov.co\/es\/sala-de-prensa\/noticias\/medellin-avanza-en-la-recuperacion-de-quebradas-y-la-proteccion-de-mas-de-3-000-hectareas-de-ecosistemas-estrategicos\/","title":{"rendered":"Medell\u00edn avanza en la recuperaci\u00f3n de quebradas y la protecci\u00f3n de m\u00e1s de 3.000 hect\u00e1reas de ecosistemas estrat\u00e9gicos"},"content":{"rendered":"<ul>\n<li>En el \u00faltimo a\u00f1o, se intervinieron 104 puntos cr\u00edticos en quebradas y se retiraron m\u00e1s de 13.000 metros c\u00fabicos de sedimentos y residuos.<\/li>\n<li>Tambi\u00e9n, se alcanz\u00f3 el 50 % de avance en la actualizaci\u00f3n del protocolo de la red h\u00eddrica.<\/li>\n<\/ul>\n<!--[if lt IE 9]><script>document.createElement('audio');<\/script><![endif]-->\n\t<div class=\"wp-playlist wp-audio-playlist wp-playlist-light\">\n\t\t\t<div class=\"wp-playlist-current-item\"><\/div>\n\t\t<audio controls=\"controls\" preload=\"none\" width=\"640\"\n\t\t\t><\/audio>\n\t<div class=\"wp-playlist-next\"><\/div>\n\t<div class=\"wp-playlist-prev\"><\/div>\n\t<noscript>\n\t<ol>\n\t\t<li><a href='https:\/\/www.medellin.gov.co\/es\/wp-content\/uploads\/2025\/12\/Declaraciones-subsecretario-de-Recursos-Naturales-Sergio-Orozco.mp3'>Declaraciones subsecretario de Recursos Naturales, Sergio Orozco<\/a><\/li>\t<\/ol>\n\t<\/noscript>\n\t<script type=\"application\/json\" class=\"wp-playlist-script\">{\"type\":\"audio\",\"tracklist\":true,\"tracknumbers\":true,\"images\":true,\"artists\":true,\"tracks\":[{\"src\":\"https:\\\/\\\/www.medellin.gov.co\\\/es\\\/wp-content\\\/uploads\\\/2025\\\/12\\\/Declaraciones-subsecretario-de-Recursos-Naturales-Sergio-Orozco.mp3\",\"type\":\"audio\\\/mpeg\",\"title\":\"Declaraciones subsecretario de Recursos Naturales, Sergio Orozco\",\"caption\":\"\",\"description\":\"\\u00abDeclaraciones subsecretario de Recursos Naturales, Sergio Orozco\\u00bb. G\\u00e9nero: Blues.\",\"meta\":{\"genre\":\"Blues\",\"length_formatted\":\"1:17\"},\"image\":{\"src\":\"https:\\\/\\\/www.medellin.gov.co\\\/es\\\/wp-includes\\\/images\\\/media\\\/audio.png\",\"width\":48,\"height\":64},\"thumb\":{\"src\":\"https:\\\/\\\/www.medellin.gov.co\\\/es\\\/wp-includes\\\/images\\\/media\\\/audio.png\",\"width\":48,\"height\":64}}]}<\/script>\n<\/div>\n\t\n<p>La Administraci\u00f3n Distrital contin\u00faa en la senda de optimizar la gesti\u00f3n del agua, recuperar quebradas y proteger ecosistemas estrat\u00e9gicos de la ciudad. Con intervenciones en cauces, reservas naturales, cerros tutelares y cuencas abastecedoras, Medell\u00edn fortalece una agenda ambiental enfocada en la seguridad h\u00eddrica, la biodiversidad y la infraestructura verde.<\/p>\n\n\t\t<style type=\"text\/css\">\n\t\t\t#gallery-1 {\n\t\t\t\tmargin: auto;\n\t\t\t}\n\t\t\t#gallery-1 .gallery-item {\n\t\t\t\tfloat: left;\n\t\t\t\tmargin-top: 10px;\n\t\t\t\ttext-align: center;\n\t\t\t\twidth: 50%;\n\t\t\t}\n\t\t\t#gallery-1 img {\n\t\t\t\tborder: 2px solid #cfcfcf;\n\t\t\t}\n\t\t\t#gallery-1 .gallery-caption {\n\t\t\t\tmargin-left: 0;\n\t\t\t}\n\t\t\t\/* see gallery_shortcode() in wp-includes\/media.php *\/\n\t\t<\/style>\n\t\t<div id='gallery-1' class='gallery galleryid-490208 gallery-columns-2 gallery-size-full'><dl class='gallery-item'>\n\t\t\t<dt class='gallery-icon landscape'>\n\t\t\t\t<a href='https:\/\/www.medellin.gov.co\/es\/sala-de-prensa\/noticias\/medellin-avanza-en-la-recuperacion-de-quebradas-y-la-proteccion-de-mas-de-3-000-hectareas-de-ecosistemas-estrategicos\/imagen-medellin-avanza-en-la-recuperacion-de-quebradas-y-ecosistemas-2\/'><img width=\"1133\" height=\"850\" src=\"https:\/\/www.medellin.gov.co\/es\/wp-content\/uploads\/2025\/12\/Imagen-Medellin-avanza-en-la-recuperacion-de-quebradas-y-ecosistemas-2.jpg\" class=\"attachment-full size-full\" alt=\"Imagen Medell\u00edn avanza en la recuperaci\u00f3n de quebradas y ecosistemas (2)\" loading=\"lazy\" srcset=\"https:\/\/www.medellin.gov.co\/es\/wp-content\/uploads\/2025\/12\/Imagen-Medellin-avanza-en-la-recuperacion-de-quebradas-y-ecosistemas-2.jpg 1133w, https:\/\/www.medellin.gov.co\/es\/wp-content\/uploads\/2025\/12\/Imagen-Medellin-avanza-en-la-recuperacion-de-quebradas-y-ecosistemas-2-300x225.jpg 300w, https:\/\/www.medellin.gov.co\/es\/wp-content\/uploads\/2025\/12\/Imagen-Medellin-avanza-en-la-recuperacion-de-quebradas-y-ecosistemas-2-1024x768.jpg 1024w, https:\/\/www.medellin.gov.co\/es\/wp-content\/uploads\/2025\/12\/Imagen-Medellin-avanza-en-la-recuperacion-de-quebradas-y-ecosistemas-2-150x113.jpg 150w, https:\/\/www.medellin.gov.co\/es\/wp-content\/uploads\/2025\/12\/Imagen-Medellin-avanza-en-la-recuperacion-de-quebradas-y-ecosistemas-2-768x576.jpg 768w\" sizes=\"(max-width: 1133px) 100vw, 1133px\" \/><\/a>\n\t\t\t<\/dt><\/dl><dl class='gallery-item'>\n\t\t\t<dt class='gallery-icon landscape'>\n\t\t\t\t<a href='https:\/\/www.medellin.gov.co\/es\/sala-de-prensa\/noticias\/medellin-avanza-en-la-recuperacion-de-quebradas-y-la-proteccion-de-mas-de-3-000-hectareas-de-ecosistemas-estrategicos\/imagen-medellin-avanza-en-la-recuperacion-de-quebradas-y-ecosistemas-3\/'><img width=\"1133\" height=\"850\" src=\"https:\/\/www.medellin.gov.co\/es\/wp-content\/uploads\/2025\/12\/Imagen-Medellin-avanza-en-la-recuperacion-de-quebradas-y-ecosistemas-3.jpg\" class=\"attachment-full size-full\" alt=\"Imagen Medell\u00edn avanza en la recuperaci\u00f3n de quebradas y ecosistemas (3)\" loading=\"lazy\" srcset=\"https:\/\/www.medellin.gov.co\/es\/wp-content\/uploads\/2025\/12\/Imagen-Medellin-avanza-en-la-recuperacion-de-quebradas-y-ecosistemas-3.jpg 1133w, https:\/\/www.medellin.gov.co\/es\/wp-content\/uploads\/2025\/12\/Imagen-Medellin-avanza-en-la-recuperacion-de-quebradas-y-ecosistemas-3-300x225.jpg 300w, https:\/\/www.medellin.gov.co\/es\/wp-content\/uploads\/2025\/12\/Imagen-Medellin-avanza-en-la-recuperacion-de-quebradas-y-ecosistemas-3-1024x768.jpg 1024w, https:\/\/www.medellin.gov.co\/es\/wp-content\/uploads\/2025\/12\/Imagen-Medellin-avanza-en-la-recuperacion-de-quebradas-y-ecosistemas-3-150x113.jpg 150w, https:\/\/www.medellin.gov.co\/es\/wp-content\/uploads\/2025\/12\/Imagen-Medellin-avanza-en-la-recuperacion-de-quebradas-y-ecosistemas-3-768x576.jpg 768w\" sizes=\"(max-width: 1133px) 100vw, 1133px\" \/><\/a>\n\t\t\t<\/dt><\/dl><br style=\"clear: both\" \/>\n\t\t<\/div>\n\n<p>En cuanto a red h\u00eddrica, en el \u00faltimo a\u00f1o se realizaron trabajos de mantenimiento y recuperaci\u00f3n en 104 puntos cr\u00edticos, equivalentes a 4.256 metros, y se retiraron 10.916 metros c\u00fabicos de sedimentos y 2.155 de residuos. Adem\u00e1s, Medell\u00edn y el \u00c1rea Metropolitana suscribieron un convenio cercano a $60.000 millones para ejecutar 21 proyectos y asegurar el mantenimiento de, aproximadamente, 197 puntos prioritarios en toda la ciudad.<\/p>\n<p>El equipo de guardaquebradas realiz\u00f3 la limpieza de 1.000 puntos en 59 quebradas, sensibiliz\u00f3 a 26.272 personas y mejor\u00f3 134.647 metros cuadrados de zonas de retiro con actividades paisaj\u00edsticas. Estas acciones han permitido consolidar m\u00e1s de 120 empleos verdes y fortalecer el modelo integral de cuidado del agua.<\/p>\n<p>En gesti\u00f3n de biodiversidad, la Alcald\u00eda de Medell\u00edn cuenta con 45.000 registros de especies en la plataforma del Sistema de Informaci\u00f3n Biol\u00f3gica de Colombia, ha desarrollado m\u00e1s de 100 fichas de especies amenazadas y adelanta monitoreos permanentes en cerros tutelares y corredores verdes. Entre las acciones destacadas se encuentran la restauraci\u00f3n de 2.2 hect\u00e1reas en cerros tutelares, el mantenimiento de 57.000 metros lineales de senderos y la investigaci\u00f3n cient\u00edfica asociada a la biodiversidad.<\/p>\n<p><img loading=\"lazy\" class=\"alignnone wp-image-490221 size-full\" title=\"Recuperaci\u00f3n de quebradas y ecosistemas\" src=\"https:\/\/www.medellin.gov.co\/es\/wp-content\/uploads\/2025\/12\/Imagen-Medellin-avanza-en-la-recuperacion-de-quebradas-y-ecosistemas-1.jpg\" alt=\"Imagen Medell\u00edn avanza en la recuperaci\u00f3n de quebradas y ecosistemas (1)\" width=\"981\" height=\"850\" srcset=\"https:\/\/www.medellin.gov.co\/es\/wp-content\/uploads\/2025\/12\/Imagen-Medellin-avanza-en-la-recuperacion-de-quebradas-y-ecosistemas-1.jpg 981w, https:\/\/www.medellin.gov.co\/es\/wp-content\/uploads\/2025\/12\/Imagen-Medellin-avanza-en-la-recuperacion-de-quebradas-y-ecosistemas-1-300x260.jpg 300w, https:\/\/www.medellin.gov.co\/es\/wp-content\/uploads\/2025\/12\/Imagen-Medellin-avanza-en-la-recuperacion-de-quebradas-y-ecosistemas-1-150x130.jpg 150w, https:\/\/www.medellin.gov.co\/es\/wp-content\/uploads\/2025\/12\/Imagen-Medellin-avanza-en-la-recuperacion-de-quebradas-y-ecosistemas-1-768x665.jpg 768w\" sizes=\"(max-width: 981px) 100vw, 981px\" \/><\/p>\n<p>En infraestructura verde, Medell\u00edn implementa soluciones basadas en la naturaleza mediante su Plan de Renaturalizaci\u00f3n, que incluye corredores verdes, ecoparques de quebradas y restauraci\u00f3n forestal. Se han adquirido 114 predios que suman 3.112 hect\u00e1reas en zonas estrat\u00e9gicas de los corregimientos, de las cuales en el \u00faltimo a\u00f1o se han comprado 106 y de estas se han reforestado 15, que se encontraban en pastos al momento de la adquisici\u00f3n.<\/p>\n<p>El subsecretario de Recursos Naturales, Sergio Orozco, destac\u00f3 que \u201cestos resultados reflejan un compromiso real con la protecci\u00f3n del agua y la biodiversidad. Estamos recuperando quebradas, fortaleciendo nuestros ecosistemas y trabajando con las comunidades para que Medell\u00edn siga avanzando hacia un modelo ambiental sostenible y responsable\u201d.<\/p>\n\n\t\t<style type=\"text\/css\">\n\t\t\t#gallery-2 {\n\t\t\t\tmargin: auto;\n\t\t\t}\n\t\t\t#gallery-2 .gallery-item {\n\t\t\t\tfloat: left;\n\t\t\t\tmargin-top: 10px;\n\t\t\t\ttext-align: center;\n\t\t\t\twidth: 50%;\n\t\t\t}\n\t\t\t#gallery-2 img {\n\t\t\t\tborder: 2px solid #cfcfcf;\n\t\t\t}\n\t\t\t#gallery-2 .gallery-caption {\n\t\t\t\tmargin-left: 0;\n\t\t\t}\n\t\t\t\/* see gallery_shortcode() in wp-includes\/media.php *\/\n\t\t<\/style>\n\t\t<div id='gallery-2' class='gallery galleryid-490208 gallery-columns-2 gallery-size-full'><dl class='gallery-item'>\n\t\t\t<dt class='gallery-icon landscape'>\n\t\t\t\t<a href='https:\/\/www.medellin.gov.co\/es\/sala-de-prensa\/noticias\/medellin-avanza-en-la-recuperacion-de-quebradas-y-la-proteccion-de-mas-de-3-000-hectareas-de-ecosistemas-estrategicos\/imagen-medellin-avanza-en-la-recuperacion-de-quebradas-y-ecosistemas-6\/'><img width=\"1133\" height=\"850\" src=\"https:\/\/www.medellin.gov.co\/es\/wp-content\/uploads\/2025\/12\/Imagen-Medellin-avanza-en-la-recuperacion-de-quebradas-y-ecosistemas-6.jpg\" class=\"attachment-full size-full\" alt=\"Imagen Medell\u00edn avanza en la recuperaci\u00f3n de quebradas y ecosistemas (6)\" loading=\"lazy\" srcset=\"https:\/\/www.medellin.gov.co\/es\/wp-content\/uploads\/2025\/12\/Imagen-Medellin-avanza-en-la-recuperacion-de-quebradas-y-ecosistemas-6.jpg 1133w, https:\/\/www.medellin.gov.co\/es\/wp-content\/uploads\/2025\/12\/Imagen-Medellin-avanza-en-la-recuperacion-de-quebradas-y-ecosistemas-6-300x225.jpg 300w, https:\/\/www.medellin.gov.co\/es\/wp-content\/uploads\/2025\/12\/Imagen-Medellin-avanza-en-la-recuperacion-de-quebradas-y-ecosistemas-6-1024x768.jpg 1024w, https:\/\/www.medellin.gov.co\/es\/wp-content\/uploads\/2025\/12\/Imagen-Medellin-avanza-en-la-recuperacion-de-quebradas-y-ecosistemas-6-150x113.jpg 150w, https:\/\/www.medellin.gov.co\/es\/wp-content\/uploads\/2025\/12\/Imagen-Medellin-avanza-en-la-recuperacion-de-quebradas-y-ecosistemas-6-768x576.jpg 768w\" sizes=\"(max-width: 1133px) 100vw, 1133px\" \/><\/a>\n\t\t\t<\/dt><\/dl><dl class='gallery-item'>\n\t\t\t<dt class='gallery-icon landscape'>\n\t\t\t\t<a href='https:\/\/www.medellin.gov.co\/es\/sala-de-prensa\/noticias\/medellin-avanza-en-la-recuperacion-de-quebradas-y-la-proteccion-de-mas-de-3-000-hectareas-de-ecosistemas-estrategicos\/imagen-medellin-avanza-en-la-recuperacion-de-quebradas-y-ecosistemas-4\/'><img width=\"1133\" height=\"850\" src=\"https:\/\/www.medellin.gov.co\/es\/wp-content\/uploads\/2025\/12\/Imagen-Medellin-avanza-en-la-recuperacion-de-quebradas-y-ecosistemas-4.jpg\" class=\"attachment-full size-full\" alt=\"Imagen Medell\u00edn avanza en la recuperaci\u00f3n de quebradas y ecosistemas (4)\" loading=\"lazy\" srcset=\"https:\/\/www.medellin.gov.co\/es\/wp-content\/uploads\/2025\/12\/Imagen-Medellin-avanza-en-la-recuperacion-de-quebradas-y-ecosistemas-4.jpg 1133w, https:\/\/www.medellin.gov.co\/es\/wp-content\/uploads\/2025\/12\/Imagen-Medellin-avanza-en-la-recuperacion-de-quebradas-y-ecosistemas-4-300x225.jpg 300w, https:\/\/www.medellin.gov.co\/es\/wp-content\/uploads\/2025\/12\/Imagen-Medellin-avanza-en-la-recuperacion-de-quebradas-y-ecosistemas-4-1024x768.jpg 1024w, https:\/\/www.medellin.gov.co\/es\/wp-content\/uploads\/2025\/12\/Imagen-Medellin-avanza-en-la-recuperacion-de-quebradas-y-ecosistemas-4-150x113.jpg 150w, https:\/\/www.medellin.gov.co\/es\/wp-content\/uploads\/2025\/12\/Imagen-Medellin-avanza-en-la-recuperacion-de-quebradas-y-ecosistemas-4-768x576.jpg 768w\" sizes=\"(max-width: 1133px) 100vw, 1133px\" \/><\/a>\n\t\t\t<\/dt><\/dl><br style=\"clear: both\" \/>\n\t\t<\/div>\n\n<p>El <a href=\"https:\/\/www.minambiente.gov.co\/negocios-verdes\/programa-nacional-de-pagos-por-servicios-ambientales\/\" target=\"_blank\" rel=\"noopener\">programa Pago por Servicios Ambientales H\u00eddricos<\/a> suma 49 acuerdos hist\u00f3ricos con 870 hect\u00e1reas protegidas, 16 acuerdos nuevos en 2025 y una proyecci\u00f3n de 8 acuerdos adicionales, para un total de 73 acuerdos, que protegen 1.003 hect\u00e1reas en total, con una inversi\u00f3n de $7.604 millones.<\/p>\n<p>Con estas acciones, Medell\u00edn reafirma su compromiso con el cuidado del agua, la protecci\u00f3n de la biodiversidad y la sostenibilidad, fortaleciendo la relaci\u00f3n entre la ciudad, sus ecosistemas y las comunidades que los habitan.<\/p>\n","protected":false},"excerpt":{"rendered":"<p>En el \u00faltimo a\u00f1o, se intervinieron 104 puntos cr\u00edticos en quebradas y se retiraron m\u00e1s de 13.000 metros c\u00fabicos de sedimentos y residuos. Tambi\u00e9n, se alcanz\u00f3 el 50 % de avance en la actualizaci\u00f3n del &#8230;<\/p>\n","protected":false},"author":95,"featured_media":490217,"comment_status":"open","ping_status":"open","sticky":false,"template":"","format":"standard","meta":[],"categories":[13],"tags":[436],"formato_nota":[],"programas_tax":[],"acf":[],"_links":{"self":[{"href":"https:\/\/www.medellin.gov.co\/es\/wp-json\/wp\/v2\/posts\/490208"}],"collection":[{"href":"https:\/\/www.medellin.gov.co\/es\/wp-json\/wp\/v2\/posts"}],"about":[{"href":"https:\/\/www.medellin.gov.co\/es\/wp-json\/wp\/v2\/types\/post"}],"author":[{"embeddable":true,"href":"https:\/\/www.medellin.gov.co\/es\/wp-json\/wp\/v2\/users\/95"}],"replies":[{"embeddable":true,"href":"https:\/\/www.medellin.gov.co\/es\/wp-json\/wp\/v2\/comments?post=490208"}],"version-history":[{"count":1,"href":"https:\/\/www.medellin.gov.co\/es\/wp-json\/wp\/v2\/posts\/490208\/revisions"}],"predecessor-version":[{"id":490227,"href":"https:\/\/www.medellin.gov.co\/es\/wp-json\/wp\/v2\/posts\/490208\/revisions\/490227"}],"wp:featuredmedia":[{"embeddable":true,"href":"https:\/\/www.medellin.gov.co\/es\/wp-json\/wp\/v2\/media\/490217"}],"wp:attachment":[{"href":"https:\/\/www.medellin.gov.co\/es\/wp-json\/wp\/v2\/media?parent=490208"}],"wp:term":[{"taxonomy":"category","embeddable":true,"href":"https:\/\/www.medellin.gov.co\/es\/wp-json\/wp\/v2\/categories?post=490208"},{"taxonomy":"post_tag","embeddable":true,"href":"https:\/\/www.medellin.gov.co\/es\/wp-json\/wp\/v2\/tags?post=490208"},{"taxonomy":"formato_nota","embeddable":true,"href":"https:\/\/www.medellin.gov.co\/es\/wp-json\/wp\/v2\/formato_nota?post=490208"},{"taxonomy":"programas_tax","embeddable":true,"href":"https:\/\/www.medellin.gov.co\/es\/wp-json\/wp\/v2\/programas_tax?post=490208"}],"curies":[{"name":"wp","href":"https:\/\/api.w.org\/{rel}","templated":true}]}}