{"id":490244,"date":"2025-12-30T16:25:43","date_gmt":"2025-12-30T21:25:43","guid":{"rendered":"https:\/\/www.medellin.gov.co\/es\/?p=490244"},"modified":"2025-12-30T16:25:43","modified_gmt":"2025-12-30T21:25:43","slug":"crece-el-acceso-a-la-educacion-en-medellin-otros-2-340-estudiantes-ingresaron-a-estrategias-de-extraedad","status":"publish","type":"post","link":"https:\/\/www.medellin.gov.co\/es\/sala-de-prensa\/noticias\/crece-el-acceso-a-la-educacion-en-medellin-otros-2-340-estudiantes-ingresaron-a-estrategias-de-extraedad\/","title":{"rendered":"Crece el acceso a la educaci\u00f3n en Medell\u00edn: otros 2.340 estudiantes ingresaron a estrategias de extraedad"},"content":{"rendered":"<ul>\n<li>Este es uno de los hitos de 2025 en modelos educativos flexibles. Tambi\u00e9n se destaca el acompa\u00f1amiento pedag\u00f3gico y socioemocional a 12.000 estudiantes.<\/li>\n<li>Asimismo, 845 j\u00f3venes terminaron el bachillerato en un solo a\u00f1o y muchos de ellos siguen su camino a la educaci\u00f3n superior. Para 2026, la Alcald\u00eda de Medell\u00edn proyecta ampliar esta estrategia.<\/li>\n<\/ul>\n<!--[if lt IE 9]><script>document.createElement('audio');<\/script><![endif]-->\n\t<div class=\"wp-playlist wp-audio-playlist wp-playlist-light\">\n\t\t\t<div class=\"wp-playlist-current-item\"><\/div>\n\t\t<audio controls=\"controls\" preload=\"none\" width=\"640\"\n\t\t\t><\/audio>\n\t<div class=\"wp-playlist-next\"><\/div>\n\t<div class=\"wp-playlist-prev\"><\/div>\n\t<noscript>\n\t<ol>\n\t\t<li><a href='https:\/\/www.medellin.gov.co\/es\/wp-content\/uploads\/2025\/12\/Declaraciones-de-la-secretaria-de-Educacion_-Carolina-Franco.mp3'>Declaraciones-de-la-secretaria-de-Educaci\u00f3n_-Carolina-Franco<\/a><\/li>\t<\/ol>\n\t<\/noscript>\n\t<script type=\"application\/json\" class=\"wp-playlist-script\">{\"type\":\"audio\",\"tracklist\":true,\"tracknumbers\":true,\"images\":true,\"artists\":true,\"tracks\":[{\"src\":\"https:\\\/\\\/www.medellin.gov.co\\\/es\\\/wp-content\\\/uploads\\\/2025\\\/12\\\/Declaraciones-de-la-secretaria-de-Educacion_-Carolina-Franco.mp3\",\"type\":\"audio\\\/mpeg\",\"title\":\"Declaraciones-de-la-secretaria-de-Educaci\\u00f3n_-Carolina-Franco\",\"caption\":\"\",\"description\":\"\\u00abDeclaraciones-de-la-secretaria-de-Educaci\\u00f3n_-Carolina-Franco\\u00bb.\",\"meta\":{\"length_formatted\":\"0:47\"},\"image\":{\"src\":\"https:\\\/\\\/www.medellin.gov.co\\\/es\\\/wp-includes\\\/images\\\/media\\\/audio.png\",\"width\":48,\"height\":64},\"thumb\":{\"src\":\"https:\\\/\\\/www.medellin.gov.co\\\/es\\\/wp-includes\\\/images\\\/media\\\/audio.png\",\"width\":48,\"height\":64}}]}<\/script>\n<\/div>\n\t\n<p>La accesibilidad en la educaci\u00f3n sigue consolid\u00e1ndose en Medell\u00edn para que m\u00e1s j\u00f3venes puedan culminar sus estudios y construir proyectos de vida. Durante 2025, en la ciudad se registr\u00f3 un aumento de los estudiantes que ingresaron a programas dise\u00f1ados para atender la extraedad, es decir, aquellos casos en los que la edad es m\u00e1s alta que la habitual para cursar un grado determinado.<\/p>\n<p>Fueron 2.340 estudiantes m\u00e1s en estos programas, atendidos por medio de estrategias que fortalecen la oferta de Modelos Flexibles, que les permiten avanzar m\u00e1s r\u00e1pido y con m\u00e9todos ajustados a sus necesidades.<\/p>\n\n\t\t<style type=\"text\/css\">\n\t\t\t#gallery-1 {\n\t\t\t\tmargin: auto;\n\t\t\t}\n\t\t\t#gallery-1 .gallery-item {\n\t\t\t\tfloat: left;\n\t\t\t\tmargin-top: 10px;\n\t\t\t\ttext-align: center;\n\t\t\t\twidth: 50%;\n\t\t\t}\n\t\t\t#gallery-1 img {\n\t\t\t\tborder: 2px solid #cfcfcf;\n\t\t\t}\n\t\t\t#gallery-1 .gallery-caption {\n\t\t\t\tmargin-left: 0;\n\t\t\t}\n\t\t\t\/* see gallery_shortcode() in wp-includes\/media.php *\/\n\t\t<\/style>\n\t\t<div id='gallery-1' class='gallery galleryid-490244 gallery-columns-2 gallery-size-full'><dl class='gallery-item'>\n\t\t\t<dt class='gallery-icon landscape'>\n\t\t\t\t<a href='https:\/\/www.medellin.gov.co\/es\/sala-de-prensa\/noticias\/crece-el-acceso-a-la-educacion-en-medellin-otros-2-340-estudiantes-ingresaron-a-estrategias-de-extraedad\/imagen-acceso-a-la-educacion-en-medellin-3\/'><img width=\"1600\" height=\"1066\" src=\"https:\/\/www.medellin.gov.co\/es\/wp-content\/uploads\/2025\/12\/Imagen-acceso-a-la-educacion-en-Medellin-3.jpeg\" class=\"attachment-full size-full\" alt=\"Imagen acceso a la educaci\u00f3n en Medell\u00edn (4)\" loading=\"lazy\" srcset=\"https:\/\/www.medellin.gov.co\/es\/wp-content\/uploads\/2025\/12\/Imagen-acceso-a-la-educacion-en-Medellin-3.jpeg 1600w, https:\/\/www.medellin.gov.co\/es\/wp-content\/uploads\/2025\/12\/Imagen-acceso-a-la-educacion-en-Medellin-3-300x200.jpeg 300w, https:\/\/www.medellin.gov.co\/es\/wp-content\/uploads\/2025\/12\/Imagen-acceso-a-la-educacion-en-Medellin-3-1024x682.jpeg 1024w, https:\/\/www.medellin.gov.co\/es\/wp-content\/uploads\/2025\/12\/Imagen-acceso-a-la-educacion-en-Medellin-3-150x100.jpeg 150w, https:\/\/www.medellin.gov.co\/es\/wp-content\/uploads\/2025\/12\/Imagen-acceso-a-la-educacion-en-Medellin-3-768x512.jpeg 768w, https:\/\/www.medellin.gov.co\/es\/wp-content\/uploads\/2025\/12\/Imagen-acceso-a-la-educacion-en-Medellin-3-1536x1023.jpeg 1536w\" sizes=\"(max-width: 1600px) 100vw, 1600px\" \/><\/a>\n\t\t\t<\/dt><\/dl><dl class='gallery-item'>\n\t\t\t<dt class='gallery-icon landscape'>\n\t\t\t\t<a href='https:\/\/www.medellin.gov.co\/es\/sala-de-prensa\/noticias\/crece-el-acceso-a-la-educacion-en-medellin-otros-2-340-estudiantes-ingresaron-a-estrategias-de-extraedad\/imagen-acceso-a-la-educacion-en-medellin-2\/'><img width=\"1600\" height=\"1066\" src=\"https:\/\/www.medellin.gov.co\/es\/wp-content\/uploads\/2025\/12\/Imagen-acceso-a-la-educacion-en-Medellin-2.jpeg\" class=\"attachment-full size-full\" alt=\"Imagen acceso a la educaci\u00f3n en Medell\u00edn (4)\" loading=\"lazy\" srcset=\"https:\/\/www.medellin.gov.co\/es\/wp-content\/uploads\/2025\/12\/Imagen-acceso-a-la-educacion-en-Medellin-2.jpeg 1600w, https:\/\/www.medellin.gov.co\/es\/wp-content\/uploads\/2025\/12\/Imagen-acceso-a-la-educacion-en-Medellin-2-300x200.jpeg 300w, https:\/\/www.medellin.gov.co\/es\/wp-content\/uploads\/2025\/12\/Imagen-acceso-a-la-educacion-en-Medellin-2-1024x682.jpeg 1024w, https:\/\/www.medellin.gov.co\/es\/wp-content\/uploads\/2025\/12\/Imagen-acceso-a-la-educacion-en-Medellin-2-150x100.jpeg 150w, https:\/\/www.medellin.gov.co\/es\/wp-content\/uploads\/2025\/12\/Imagen-acceso-a-la-educacion-en-Medellin-2-768x512.jpeg 768w, https:\/\/www.medellin.gov.co\/es\/wp-content\/uploads\/2025\/12\/Imagen-acceso-a-la-educacion-en-Medellin-2-1536x1023.jpeg 1536w\" sizes=\"(max-width: 1600px) 100vw, 1600px\" \/><\/a>\n\t\t\t<\/dt><\/dl><br style=\"clear: both\" \/>\n\t\t<\/div>\n\n<p><em>\u201cCerca de 12.000 estudiantes recibieron acompa\u00f1amiento pedag\u00f3gico y socioemocional. Gracias a esta estrategia, en 2025, 845 j\u00f3venes terminaron su bachillerato en un solo a\u00f1o y muchos siguen su camino hacia la educaci\u00f3n superior. Esto cierra las brechas, adem\u00e1s, le apunta al rezago escolar. Vamos a continuar ampliando esta oferta, cualificando a nuestros maestros y creando oportunidades para que, desde el sector p\u00fablico, todas las, ni\u00f1as, ni\u00f1os y j\u00f3venes consoliden sus proyectos de vida\u201d, <\/em>explic\u00f3 la secretaria de Educaci\u00f3n, Carolina Franco Giraldo.<\/p>\n<p>Br\u00fajula y Aceleraci\u00f3n del Aprendizaje son dos de las estrategias del modelo flexible y est\u00e1n enfocadas, especialmente, en b\u00e1sica primaria, para ayudar a fortalecer competencias y avanzar de grado mediante actividades din\u00e1micas y acompa\u00f1amiento constante. Este a\u00f1o, por ejemplo, 5.071 estudiantes se beneficiaron con visitas de apoyo pedag\u00f3gico, orientaci\u00f3n en metodolog\u00edas activas y seguimiento en sus procesos de aprendizaje.<\/p>\n<p>Asimismo, los Modelos Pensar est\u00e1n dise\u00f1ados para estudiantes de b\u00e1sica y media que requieren un proceso educativo m\u00e1s flexible, seg\u00fan los grupos de edades en los que se encuentren. A trav\u00e9s de estos se atendieron 6.045 j\u00f3venes y se cualificaron 800 maestros en aprendizaje basado en proyectos. Adem\u00e1s, se reforz\u00f3 el trabajo acad\u00e9mico mediante el micrositio Pensar y acompa\u00f1amientos en aula.<\/p>\n<p>Uno de los logros m\u00e1s significativos fue la implementaci\u00f3n del Modelo Pensar 3, gracias al cual 845 j\u00f3venes se graduaron de educaci\u00f3n media, muchos de ellos en riesgo de abandonar la escuela. Para apoyar este proceso, la Alcald\u00eda invirti\u00f3 $1.500 millones en textos escolares, formaci\u00f3n docente, acompa\u00f1amiento socioemocional, simulacros Saber y visitas de seguimiento a los 34 grupos del programa.<\/p>\n<p><img loading=\"lazy\" class=\"alignnone wp-image-490253 size-large\" title=\"Aula de clase\" src=\"https:\/\/www.medellin.gov.co\/es\/wp-content\/uploads\/2025\/12\/Imagen-acceso-a-la-educacion-en-Medellin-4-1024x682.jpeg\" alt=\"Imagen acceso a la educaci\u00f3n en Medell\u00edn (4)\" width=\"1024\" height=\"682\" srcset=\"https:\/\/www.medellin.gov.co\/es\/wp-content\/uploads\/2025\/12\/Imagen-acceso-a-la-educacion-en-Medellin-4-1024x682.jpeg 1024w, https:\/\/www.medellin.gov.co\/es\/wp-content\/uploads\/2025\/12\/Imagen-acceso-a-la-educacion-en-Medellin-4-300x200.jpeg 300w, https:\/\/www.medellin.gov.co\/es\/wp-content\/uploads\/2025\/12\/Imagen-acceso-a-la-educacion-en-Medellin-4-150x100.jpeg 150w, https:\/\/www.medellin.gov.co\/es\/wp-content\/uploads\/2025\/12\/Imagen-acceso-a-la-educacion-en-Medellin-4-768x512.jpeg 768w, https:\/\/www.medellin.gov.co\/es\/wp-content\/uploads\/2025\/12\/Imagen-acceso-a-la-educacion-en-Medellin-4-1536x1023.jpeg 1536w, https:\/\/www.medellin.gov.co\/es\/wp-content\/uploads\/2025\/12\/Imagen-acceso-a-la-educacion-en-Medellin-4.jpeg 1600w\" sizes=\"(max-width: 1024px) 100vw, 1024px\" \/><\/p>\n<p>En articulaci\u00f3n con el Sistema de Responsabilidad Penal Adolescente (SRPA), la Secretar\u00eda de Educaci\u00f3n acompa\u00f1\u00f3 a j\u00f3venes con y sin privaci\u00f3n de libertad para garantizar su permanencia educativa. Esto incluy\u00f3 la cualificaci\u00f3n de docentes del Centro de Internamiento Preventivo y el Centro de Atenci\u00f3n Especializado, trabajo conjunto con el Instituto Colombiano de Bienestar Familiar y acciones preventivas con la Secretar\u00eda de Paz y Derechos Humanos.<\/p>\n<p>Para 2026, la Administraci\u00f3n proyecta cualificar a 300 maestros, ampliar la oferta hasta los ciclos de educaci\u00f3n media, aumentar la matr\u00edcula en al menos 2.000 estudiantes y fortalecer los procesos pedag\u00f3gicos, socioemocionales y territoriales.<\/p>\n","protected":false},"excerpt":{"rendered":"<p>Este es uno de los hitos de 2025 en modelos educativos flexibles. Tambi\u00e9n se destaca el acompa\u00f1amiento pedag\u00f3gico y socioemocional a 12.000 estudiantes. Asimismo, 845 j\u00f3venes terminaron el bachillerato en un solo a\u00f1o y muchos &#8230;<\/p>\n","protected":false},"author":97,"featured_media":490247,"comment_status":"open","ping_status":"open","sticky":false,"template":"","format":"standard","meta":[],"categories":[4],"tags":[431],"formato_nota":[],"programas_tax":[],"acf":[],"_links":{"self":[{"href":"https:\/\/www.medellin.gov.co\/es\/wp-json\/wp\/v2\/posts\/490244"}],"collection":[{"href":"https:\/\/www.medellin.gov.co\/es\/wp-json\/wp\/v2\/posts"}],"about":[{"href":"https:\/\/www.medellin.gov.co\/es\/wp-json\/wp\/v2\/types\/post"}],"author":[{"embeddable":true,"href":"https:\/\/www.medellin.gov.co\/es\/wp-json\/wp\/v2\/users\/97"}],"replies":[{"embeddable":true,"href":"https:\/\/www.medellin.gov.co\/es\/wp-json\/wp\/v2\/comments?post=490244"}],"version-history":[{"count":1,"href":"https:\/\/www.medellin.gov.co\/es\/wp-json\/wp\/v2\/posts\/490244\/revisions"}],"predecessor-version":[{"id":490257,"href":"https:\/\/www.medellin.gov.co\/es\/wp-json\/wp\/v2\/posts\/490244\/revisions\/490257"}],"wp:featuredmedia":[{"embeddable":true,"href":"https:\/\/www.medellin.gov.co\/es\/wp-json\/wp\/v2\/media\/490247"}],"wp:attachment":[{"href":"https:\/\/www.medellin.gov.co\/es\/wp-json\/wp\/v2\/media?parent=490244"}],"wp:term":[{"taxonomy":"category","embeddable":true,"href":"https:\/\/www.medellin.gov.co\/es\/wp-json\/wp\/v2\/categories?post=490244"},{"taxonomy":"post_tag","embeddable":true,"href":"https:\/\/www.medellin.gov.co\/es\/wp-json\/wp\/v2\/tags?post=490244"},{"taxonomy":"formato_nota","embeddable":true,"href":"https:\/\/www.medellin.gov.co\/es\/wp-json\/wp\/v2\/formato_nota?post=490244"},{"taxonomy":"programas_tax","embeddable":true,"href":"https:\/\/www.medellin.gov.co\/es\/wp-json\/wp\/v2\/programas_tax?post=490244"}],"curies":[{"name":"wp","href":"https:\/\/api.w.org\/{rel}","templated":true}]}}