{"id":490297,"date":"2025-12-31T16:17:24","date_gmt":"2025-12-31T21:17:24","guid":{"rendered":"https:\/\/www.medellin.gov.co\/es\/?p=490297"},"modified":"2025-12-31T16:17:24","modified_gmt":"2025-12-31T21:17:24","slug":"el-distrito-medellin-invita-a-celebrar-las-festividades-de-fin-de-ano-con-responsabilidad-y-autocuidado","status":"publish","type":"post","link":"https:\/\/www.medellin.gov.co\/es\/sala-de-prensa\/noticias\/el-distrito-medellin-invita-a-celebrar-las-festividades-de-fin-de-ano-con-responsabilidad-y-autocuidado\/","title":{"rendered":"El Distrito Medell\u00edn invita a celebrar las festividades de fin de a\u00f1o con responsabilidad y autocuidado"},"content":{"rendered":"<ul>\n<li>La Secretar\u00eda de Salud recomienda completar los esquemas de vacunaci\u00f3n antes de viajar, usar repelente y bloqueador solar, consumir agua y alimentos seguros, y cuidar la salud mental para disfrutar de las festividades de manera tranquila y segura.<\/li>\n<\/ul>\n<!--[if lt IE 9]><script>document.createElement('audio');<\/script><![endif]-->\n\t<div class=\"wp-playlist wp-audio-playlist wp-playlist-light\">\n\t\t\t<div class=\"wp-playlist-current-item\"><\/div>\n\t\t<audio controls=\"controls\" preload=\"none\" width=\"640\"\n\t\t\t><\/audio>\n\t<div class=\"wp-playlist-next\"><\/div>\n\t<div class=\"wp-playlist-prev\"><\/div>\n\t<noscript>\n\t<ol>\n\t\t<li><a href='https:\/\/www.medellin.gov.co\/es\/wp-content\/uploads\/2025\/12\/finano_responsabilidad_salud.mp3'>finano_responsabilidad_salud<\/a><\/li>\t<\/ol>\n\t<\/noscript>\n\t<script type=\"application\/json\" class=\"wp-playlist-script\">{\"type\":\"audio\",\"tracklist\":true,\"tracknumbers\":true,\"images\":true,\"artists\":true,\"tracks\":[{\"src\":\"https:\\\/\\\/www.medellin.gov.co\\\/es\\\/wp-content\\\/uploads\\\/2025\\\/12\\\/finano_responsabilidad_salud.mp3\",\"type\":\"audio\\\/mpeg\",\"title\":\"finano_responsabilidad_salud\",\"caption\":\"Declaraciones de la l\\u00edder de Epidemiolog\\u00eda de la Secretar\\u00eda de Salud, Rita Almanza\",\"description\":\"\\u00abFestividades de fin de a\\u00f1o con responsabilidad y autocuidado\\u00bb\",\"meta\":{\"genre\":\"Blues\",\"length_formatted\":\"1:22\"},\"image\":{\"src\":\"https:\\\/\\\/www.medellin.gov.co\\\/es\\\/wp-includes\\\/images\\\/media\\\/audio.png\",\"width\":48,\"height\":64},\"thumb\":{\"src\":\"https:\\\/\\\/www.medellin.gov.co\\\/es\\\/wp-includes\\\/images\\\/media\\\/audio.png\",\"width\":48,\"height\":64}}]}<\/script>\n<\/div>\n\t\n<p>El Distrito de Medell\u00edn invita a la ciudadan\u00eda a vivir las celebraciones de fin de a\u00f1o de manera responsable y segura, reforzando las medidas de autocuidado para prevenir emergencias y proteger la vida.<\/p>\n<p>Entre las principales recomendaciones se encuentra evitar el consumo excesivo de alcohol, ya que su ingesta desmedida puede ocasionar intoxicaciones, accidentes de tr\u00e1nsito y situaciones de violencia.<\/p>\n<div id=\"attachment_490305\" style=\"width: 1143px\" class=\"wp-caption alignnone\"><img aria-describedby=\"caption-attachment-490305\" loading=\"lazy\" class=\"wp-image-490305 size-full\" title=\"A celebrar las festividades con responsabilidad y autocuidado\" src=\"https:\/\/www.medellin.gov.co\/es\/wp-content\/uploads\/2025\/12\/festividades_cudad-2.jpg\" alt=\"A celebrar las festividades con responsabilidad y autocuidado\" width=\"1133\" height=\"850\" srcset=\"https:\/\/www.medellin.gov.co\/es\/wp-content\/uploads\/2025\/12\/festividades_cudad-2.jpg 1133w, https:\/\/www.medellin.gov.co\/es\/wp-content\/uploads\/2025\/12\/festividades_cudad-2-300x225.jpg 300w, https:\/\/www.medellin.gov.co\/es\/wp-content\/uploads\/2025\/12\/festividades_cudad-2-1024x768.jpg 1024w, https:\/\/www.medellin.gov.co\/es\/wp-content\/uploads\/2025\/12\/festividades_cudad-2-150x113.jpg 150w, https:\/\/www.medellin.gov.co\/es\/wp-content\/uploads\/2025\/12\/festividades_cudad-2-768x576.jpg 768w\" sizes=\"(max-width: 1133px) 100vw, 1133px\" \/><p id=\"caption-attachment-490305\" class=\"wp-caption-text\">A celebrar las festividades con responsabilidad y autocuidado<\/p><\/div>\n<p>La l\u00edder de Epidemiolog\u00eda de la Secretar\u00eda de Salud, Rita Almanza, invit\u00f3 a la ciudadan\u00eda a tener en cuenta las siguientes recomendaciones: \u201cEn el Distrito est\u00e1 prohibido el uso, expendio y manipulaci\u00f3n de p\u00f3lvora. Nuestro prop\u00f3sito es que ninguna persona resulte lesionada durante la Navidad y el A\u00f1o Nuevo. Si dentro de tus celebraciones vas a consumir alcohol, c\u00f3mpralo \u00fanicamente en establecimientos debidamente autorizados. Evita adquirirlo en la calle o en lugares desconocidos y mantente alerta ante precios demasiado bajos, ya que pueden indicar la presencia de licor adulterado\u201d.<\/p>\n<p>De igual manera, se invita a cuidar la salud mental, ya que las festividades pueden generar ansiedad, estr\u00e9s o sentimientos de tristeza. Buscar apoyo, compartir en familia y destinar tiempo al descanso son acciones clave para el bienestar emocional.<\/p>\n<p>La Secretar\u00eda de Salud recomienda mantener h\u00e1bitos de vida saludable, evitar excesos alimentarios, realizar actividad f\u00edsica y conservar rutinas de descanso que permitan disfrutar plenamente de las celebraciones. Durante paseos y actividades recreativas, es fundamental reforzar la supervisi\u00f3n de ni\u00f1as, ni\u00f1os y adolescentes en piscinas, r\u00edos y otros cuerpos de agua, con el fin de prevenir ahogamientos.<\/p>\n<div id=\"attachment_490307\" style=\"width: 1143px\" class=\"wp-caption alignnone\"><img aria-describedby=\"caption-attachment-490307\" loading=\"lazy\" class=\"wp-image-490307 size-full\" title=\"A celebrar las festividades con responsabilidad y autocuidado\" src=\"https:\/\/www.medellin.gov.co\/es\/wp-content\/uploads\/2025\/12\/festividades_cudad-3.jpg\" alt=\"A celebrar las festividades con responsabilidad y autocuidado\" width=\"1133\" height=\"850\" srcset=\"https:\/\/www.medellin.gov.co\/es\/wp-content\/uploads\/2025\/12\/festividades_cudad-3.jpg 1133w, https:\/\/www.medellin.gov.co\/es\/wp-content\/uploads\/2025\/12\/festividades_cudad-3-300x225.jpg 300w, https:\/\/www.medellin.gov.co\/es\/wp-content\/uploads\/2025\/12\/festividades_cudad-3-1024x768.jpg 1024w, https:\/\/www.medellin.gov.co\/es\/wp-content\/uploads\/2025\/12\/festividades_cudad-3-150x113.jpg 150w, https:\/\/www.medellin.gov.co\/es\/wp-content\/uploads\/2025\/12\/festividades_cudad-3-768x576.jpg 768w\" sizes=\"(max-width: 1133px) 100vw, 1133px\" \/><p id=\"caption-attachment-490307\" class=\"wp-caption-text\">A celebrar las festividades con responsabilidad y autocuidado<\/p><\/div>\n<p>Asimismo, se recuerda la importancia del lavado frecuente de manos con agua y jab\u00f3n, especialmente antes de comer y despu\u00e9s de usar el ba\u00f1o; y, en su defecto, el uso de gel antibacterial. Esta pr\u00e1ctica ayuda a prevenir infecciones respiratorias y gastrointestinales. Tambi\u00e9n se recomienda consumir \u00fanicamente agua embotellada, evitar hielo de procedencia desconocida y preferir alimentos bien cocidos y servidos calientes, para reducir el riesgo de enfermedades como la diarrea del viajero.<\/p>\n<p>Finalmente, se invita a proteger la piel y a prevenir enfermedades transmitidas por insectos mediante el uso de repelente, ropa adecuada y bloqueador solar, especialmente en zonas con riesgo de dengue, Zika o malaria, y durante actividades al aire libre en horas de alta radiaci\u00f3n.<\/p>\n<p>\u201cSi vas a viajar a zonas tropicales, aseg\u00farate de estar vacunado contra la fiebre amarilla. En estos territorios, la aplicaci\u00f3n de repelente varias veces al d\u00eda es clave para prevenir enfermedades como el dengue u otras transmitidas por mosquitos. Tambi\u00e9n es fundamental consumir agua embotellada, ser moderado con la alimentaci\u00f3n y verificar muy bien los lugares donde ingieres alimentos para evitar intoxicaciones. Finalmente, protege tu piel, el \u00f3rgano m\u00e1s grande del cuerpo, aplicando bloqueador solar varias veces al d\u00eda\u201d, agreg\u00f3 la funcionaria de la Secretar\u00eda de Salud.<\/p>\n","protected":false},"excerpt":{"rendered":"<p>La Secretar\u00eda de Salud recomienda completar los esquemas de vacunaci\u00f3n antes de viajar, usar repelente y bloqueador solar, consumir agua y alimentos seguros, y cuidar la salud mental para disfrutar de las festividades de manera &#8230;<\/p>\n","protected":false},"author":17,"featured_media":490303,"comment_status":"open","ping_status":"open","sticky":false,"template":"","format":"standard","meta":[],"categories":[18],"tags":[452],"formato_nota":[],"programas_tax":[],"acf":[],"_links":{"self":[{"href":"https:\/\/www.medellin.gov.co\/es\/wp-json\/wp\/v2\/posts\/490297"}],"collection":[{"href":"https:\/\/www.medellin.gov.co\/es\/wp-json\/wp\/v2\/posts"}],"about":[{"href":"https:\/\/www.medellin.gov.co\/es\/wp-json\/wp\/v2\/types\/post"}],"author":[{"embeddable":true,"href":"https:\/\/www.medellin.gov.co\/es\/wp-json\/wp\/v2\/users\/17"}],"replies":[{"embeddable":true,"href":"https:\/\/www.medellin.gov.co\/es\/wp-json\/wp\/v2\/comments?post=490297"}],"version-history":[{"count":1,"href":"https:\/\/www.medellin.gov.co\/es\/wp-json\/wp\/v2\/posts\/490297\/revisions"}],"predecessor-version":[{"id":490310,"href":"https:\/\/www.medellin.gov.co\/es\/wp-json\/wp\/v2\/posts\/490297\/revisions\/490310"}],"wp:featuredmedia":[{"embeddable":true,"href":"https:\/\/www.medellin.gov.co\/es\/wp-json\/wp\/v2\/media\/490303"}],"wp:attachment":[{"href":"https:\/\/www.medellin.gov.co\/es\/wp-json\/wp\/v2\/media?parent=490297"}],"wp:term":[{"taxonomy":"category","embeddable":true,"href":"https:\/\/www.medellin.gov.co\/es\/wp-json\/wp\/v2\/categories?post=490297"},{"taxonomy":"post_tag","embeddable":true,"href":"https:\/\/www.medellin.gov.co\/es\/wp-json\/wp\/v2\/tags?post=490297"},{"taxonomy":"formato_nota","embeddable":true,"href":"https:\/\/www.medellin.gov.co\/es\/wp-json\/wp\/v2\/formato_nota?post=490297"},{"taxonomy":"programas_tax","embeddable":true,"href":"https:\/\/www.medellin.gov.co\/es\/wp-json\/wp\/v2\/programas_tax?post=490297"}],"curies":[{"name":"wp","href":"https:\/\/api.w.org\/{rel}","templated":true}]}}