{"id":490329,"date":"2025-12-31T16:41:01","date_gmt":"2025-12-31T21:41:01","guid":{"rendered":"https:\/\/www.medellin.gov.co\/es\/?p=490329"},"modified":"2025-12-31T16:41:01","modified_gmt":"2025-12-31T21:41:01","slug":"alianza-para-la-igualdad-de-genero-en-medellin-se-consolida-con-respaldo-de-mas-de-100-empresas-y-entidades","status":"publish","type":"post","link":"https:\/\/www.medellin.gov.co\/es\/sala-de-prensa\/noticias\/alianza-para-la-igualdad-de-genero-en-medellin-se-consolida-con-respaldo-de-mas-de-100-empresas-y-entidades\/","title":{"rendered":"Alianza para la Igualdad de G\u00e9nero en Medell\u00edn se consolida con respaldo de m\u00e1s de 100 empresas y entidades"},"content":{"rendered":"<ul>\n<li>Formaci\u00f3n digital, protocolos para entornos laborales libres de violencias, acceso a ofertas de empleo y donaciones para la Casa Refugio son algunas de las estrategias que se consolidaron con la articulaci\u00f3n.<\/li>\n<li>M\u00e1s de 30 entidades p\u00fablicas y 40 empresas fueron acompa\u00f1adas en la incorporaci\u00f3n del enfoque de g\u00e9nero en sus actividades misionales.<\/li>\n<\/ul>\n<!--[if lt IE 9]><script>document.createElement('audio');<\/script><![endif]-->\n\t<div class=\"wp-playlist wp-audio-playlist wp-playlist-light\">\n\t\t\t<div class=\"wp-playlist-current-item\"><\/div>\n\t\t<audio controls=\"controls\" preload=\"none\" width=\"640\"\n\t\t\t><\/audio>\n\t<div class=\"wp-playlist-next\"><\/div>\n\t<div class=\"wp-playlist-prev\"><\/div>\n\t<noscript>\n\t<ol>\n\t\t<li><a href='https:\/\/www.medellin.gov.co\/es\/wp-content\/uploads\/2025\/12\/Alianza_igualdad_secMujeres.mp3'>Alianza_igualdad_secMujeres<\/a><\/li>\t<\/ol>\n\t<\/noscript>\n\t<script type=\"application\/json\" class=\"wp-playlist-script\">{\"type\":\"audio\",\"tracklist\":true,\"tracknumbers\":true,\"images\":true,\"artists\":true,\"tracks\":[{\"src\":\"https:\\\/\\\/www.medellin.gov.co\\\/es\\\/wp-content\\\/uploads\\\/2025\\\/12\\\/Alianza_igualdad_secMujeres.mp3\",\"type\":\"audio\\\/mpeg\",\"title\":\"Alianza_igualdad_secMujeres\",\"caption\":\"Declaraciones de la secretaria de las Mujeres, Valeria Molina\",\"description\":\"\\u00abAlianza para la Igualdad de G\\u00e9nero en Medell\\u00edn\\u00bb\",\"meta\":{\"genre\":\"Blues\",\"length_formatted\":\"0:48\"},\"image\":{\"src\":\"https:\\\/\\\/www.medellin.gov.co\\\/es\\\/wp-includes\\\/images\\\/media\\\/audio.png\",\"width\":48,\"height\":64},\"thumb\":{\"src\":\"https:\\\/\\\/www.medellin.gov.co\\\/es\\\/wp-includes\\\/images\\\/media\\\/audio.png\",\"width\":48,\"height\":64}}]}<\/script>\n<\/div>\n\t\n<p>La Alcald\u00eda de Medell\u00edn consolid\u00f3 en 2025 una herramienta decisiva para aportar a la garant\u00eda de los derechos de las mujeres en la ciudad con la Alianza para la Igualdad de G\u00e9nero, una apuesta que transforma sectores hist\u00f3ricamente masculinizados y abre nuevas oportunidades para ellas. Esta articulaci\u00f3n con distintos sectores fortaleci\u00f3 la empleabilidad femenina, ampli\u00f3 los procesos de formaci\u00f3n t\u00e9cnica y profesional y acompa\u00f1\u00f3 a empresas e instituciones en la inclusi\u00f3n del enfoque de g\u00e9nero.<\/p>\n<div id=\"attachment_490342\" style=\"width: 1286px\" class=\"wp-caption alignnone\"><img aria-describedby=\"caption-attachment-490342\" loading=\"lazy\" class=\"wp-image-490342 size-full\" title=\"Alianza para la Igualdad de G\u00e9nero en Medell\u00edn\" src=\"https:\/\/www.medellin.gov.co\/es\/wp-content\/uploads\/2025\/12\/alianzaequidadmujeres-5.jpg\" alt=\"Alianza para la Igualdad de G\u00e9nero en Medell\u00edn\" width=\"1276\" height=\"850\" srcset=\"https:\/\/www.medellin.gov.co\/es\/wp-content\/uploads\/2025\/12\/alianzaequidadmujeres-5.jpg 1276w, https:\/\/www.medellin.gov.co\/es\/wp-content\/uploads\/2025\/12\/alianzaequidadmujeres-5-300x200.jpg 300w, https:\/\/www.medellin.gov.co\/es\/wp-content\/uploads\/2025\/12\/alianzaequidadmujeres-5-1024x682.jpg 1024w, https:\/\/www.medellin.gov.co\/es\/wp-content\/uploads\/2025\/12\/alianzaequidadmujeres-5-150x100.jpg 150w, https:\/\/www.medellin.gov.co\/es\/wp-content\/uploads\/2025\/12\/alianzaequidadmujeres-5-768x512.jpg 768w\" sizes=\"(max-width: 1276px) 100vw, 1276px\" \/><p id=\"caption-attachment-490342\" class=\"wp-caption-text\">Alianza para la Igualdad de G\u00e9nero en Medell\u00edn<\/p><\/div>\n<p>La alianza cuenta con participaci\u00f3n del sector privado, la academia, las organizaciones comunitarias y las entidades p\u00fablicas, para promover la autonom\u00eda econ\u00f3mica de las mujeres, posicionar el Sistema de Cuidado de Medell\u00edn, prevenir y atender las violencias basadas en g\u00e9nero, con el prop\u00f3sito de avanzar hacia entornos laborales m\u00e1s justos y libres de violencias y discriminaci\u00f3n.<\/p>\n<p>\u201cEste a\u00f1o avanzamos como nunca en la construcci\u00f3n de entornos laborales m\u00e1s justos y seguros. Hoy contamos con una alianza s\u00f3lida, con resultados verificables y con la fuerza de m\u00e1s de 100 aliados que creen en la igualdad de g\u00e9nero. Invitamos a m\u00e1s empresas y organizaciones a sumarse: cuando las mujeres avanzan, avanza toda la ciudad\u201d, manifest\u00f3 la <a href=\"https:\/\/www.medellin.gov.co\/es\/secretaria-mujeres\/\">secretaria de las Mujeres<\/a>, Valeria Molina.<\/p>\n\n\t\t<style type=\"text\/css\">\n\t\t\t#gallery-1 {\n\t\t\t\tmargin: auto;\n\t\t\t}\n\t\t\t#gallery-1 .gallery-item {\n\t\t\t\tfloat: left;\n\t\t\t\tmargin-top: 10px;\n\t\t\t\ttext-align: center;\n\t\t\t\twidth: 50%;\n\t\t\t}\n\t\t\t#gallery-1 img {\n\t\t\t\tborder: 2px solid #cfcfcf;\n\t\t\t}\n\t\t\t#gallery-1 .gallery-caption {\n\t\t\t\tmargin-left: 0;\n\t\t\t}\n\t\t\t\/* see gallery_shortcode() in wp-includes\/media.php *\/\n\t\t<\/style>\n\t\t<div id='gallery-1' class='gallery galleryid-490329 gallery-columns-2 gallery-size-large'><dl class='gallery-item'>\n\t\t\t<dt class='gallery-icon landscape'>\n\t\t\t\t<a href='https:\/\/www.medellin.gov.co\/es\/sala-de-prensa\/noticias\/alianza-para-la-igualdad-de-genero-en-medellin-se-consolida-con-respaldo-de-mas-de-100-empresas-y-entidades\/alianzaequidadmujeres-2\/'><img width=\"1024\" height=\"682\" src=\"https:\/\/www.medellin.gov.co\/es\/wp-content\/uploads\/2025\/12\/alianzaequidadmujeres-2-1024x682.jpg\" class=\"attachment-large size-large\" alt=\"Alianza para la Igualdad de G\u00e9nero en Medell\u00edn\" loading=\"lazy\" aria-describedby=\"gallery-1-490336\" srcset=\"https:\/\/www.medellin.gov.co\/es\/wp-content\/uploads\/2025\/12\/alianzaequidadmujeres-2-1024x682.jpg 1024w, https:\/\/www.medellin.gov.co\/es\/wp-content\/uploads\/2025\/12\/alianzaequidadmujeres-2-300x200.jpg 300w, https:\/\/www.medellin.gov.co\/es\/wp-content\/uploads\/2025\/12\/alianzaequidadmujeres-2-150x100.jpg 150w, https:\/\/www.medellin.gov.co\/es\/wp-content\/uploads\/2025\/12\/alianzaequidadmujeres-2-768x512.jpg 768w, https:\/\/www.medellin.gov.co\/es\/wp-content\/uploads\/2025\/12\/alianzaequidadmujeres-2.jpg 1276w\" sizes=\"(max-width: 1024px) 100vw, 1024px\" \/><\/a>\n\t\t\t<\/dt>\n\t\t\t\t<dd class='wp-caption-text gallery-caption' id='gallery-1-490336'>\n\t\t\t\tAlianza para la Igualdad de G\u00e9nero en Medell\u00edn\n\t\t\t\t<\/dd><\/dl><dl class='gallery-item'>\n\t\t\t<dt class='gallery-icon landscape'>\n\t\t\t\t<a href='https:\/\/www.medellin.gov.co\/es\/sala-de-prensa\/noticias\/alianza-para-la-igualdad-de-genero-en-medellin-se-consolida-con-respaldo-de-mas-de-100-empresas-y-entidades\/alianzaequidadmujeres-3\/'><img width=\"1024\" height=\"682\" src=\"https:\/\/www.medellin.gov.co\/es\/wp-content\/uploads\/2025\/12\/alianzaequidadmujeres-3-1024x682.jpg\" class=\"attachment-large size-large\" alt=\"Alianza para la Igualdad de G\u00e9nero en Medell\u00edn\" loading=\"lazy\" aria-describedby=\"gallery-1-490339\" srcset=\"https:\/\/www.medellin.gov.co\/es\/wp-content\/uploads\/2025\/12\/alianzaequidadmujeres-3-1024x682.jpg 1024w, https:\/\/www.medellin.gov.co\/es\/wp-content\/uploads\/2025\/12\/alianzaequidadmujeres-3-300x200.jpg 300w, https:\/\/www.medellin.gov.co\/es\/wp-content\/uploads\/2025\/12\/alianzaequidadmujeres-3-150x100.jpg 150w, https:\/\/www.medellin.gov.co\/es\/wp-content\/uploads\/2025\/12\/alianzaequidadmujeres-3-768x512.jpg 768w, https:\/\/www.medellin.gov.co\/es\/wp-content\/uploads\/2025\/12\/alianzaequidadmujeres-3.jpg 1276w\" sizes=\"(max-width: 1024px) 100vw, 1024px\" \/><\/a>\n\t\t\t<\/dt>\n\t\t\t\t<dd class='wp-caption-text gallery-caption' id='gallery-1-490339'>\n\t\t\t\tAlianza para la Igualdad de G\u00e9nero en Medell\u00edn\n\t\t\t\t<\/dd><\/dl><br style=\"clear: both\" \/>\n\t\t<\/div>\n\n<p>M\u00e1s de 40 empresas realizaron el autodiagn\u00f3stico en incorporaci\u00f3n del enfoque de g\u00e9nero, accedieron a herramientas formativas y desarrollaron estrategias para impulsar la generaci\u00f3n de ingresos, la corresponsabilidad del cuidado, el liderazgo femenino y la prevenci\u00f3n de violencias en entornos laborales. Este trabajo se reflej\u00f3 en hitos como la creaci\u00f3n de la Mesa de Transporte P\u00fablico Colectivo Seguro y Libre de Violencias, la\u00a0instalaci\u00f3n de la Mesa T\u00e9cnica de Educaci\u00f3n Superior del Distrito y el acompa\u00f1amiento a m\u00e1s de 30 entidades p\u00fablicas para incorporar enfoque de g\u00e9nero en sus programas.<br \/>\nAdem\u00e1s, la Alianza fortaleci\u00f3 la formaci\u00f3n laboral de mujeres en sectores como el transporte, la construcci\u00f3n, las tecnolog\u00edas y la hoteler\u00eda; consolid\u00f3 la Casa Refugio mediante donaciones del sector privado; ampli\u00f3 los C\u00edrculos de Cuidado; promovi\u00f3 becas educativas; impuls\u00f3 emprendimientos de mujeres y desarroll\u00f3 brigadas de atenci\u00f3n a personas cuidadoras. Todo esto configura un modelo de ciudad que reconoce el aporte de las mujeres y garantiza oportunidades reales para el ejercicio de su autonom\u00eda.<\/p>\n<p>Otro de los hitos del a\u00f1o fue el Festival Medell\u00edn para Todas, que reuni\u00f3 a m\u00e1s de 100 aliados p\u00fablicos, privados y comunitarios y ofreci\u00f3 m\u00e1s de 6.200 vacantes laborales, 500 oportunidades de educaci\u00f3n superior sin costo, asesor\u00edas en empleabilidad, servicios de salud mental y f\u00edsica, espacios de autocuidado y zonas de emprendimiento femenino.<\/p>\n<div id=\"attachment_490340\" style=\"width: 1286px\" class=\"wp-caption alignnone\"><img aria-describedby=\"caption-attachment-490340\" loading=\"lazy\" class=\"wp-image-490340 size-full\" title=\"Alianza para la Igualdad de G\u00e9nero en Medell\u00edn\" src=\"https:\/\/www.medellin.gov.co\/es\/wp-content\/uploads\/2025\/12\/alianzaequidadmujeres-4.jpg\" alt=\"Alianza para la Igualdad de G\u00e9nero en Medell\u00edn\" width=\"1276\" height=\"850\" srcset=\"https:\/\/www.medellin.gov.co\/es\/wp-content\/uploads\/2025\/12\/alianzaequidadmujeres-4.jpg 1276w, https:\/\/www.medellin.gov.co\/es\/wp-content\/uploads\/2025\/12\/alianzaequidadmujeres-4-300x200.jpg 300w, https:\/\/www.medellin.gov.co\/es\/wp-content\/uploads\/2025\/12\/alianzaequidadmujeres-4-1024x682.jpg 1024w, https:\/\/www.medellin.gov.co\/es\/wp-content\/uploads\/2025\/12\/alianzaequidadmujeres-4-150x100.jpg 150w, https:\/\/www.medellin.gov.co\/es\/wp-content\/uploads\/2025\/12\/alianzaequidadmujeres-4-768x512.jpg 768w\" sizes=\"(max-width: 1276px) 100vw, 1276px\" \/><p id=\"caption-attachment-490340\" class=\"wp-caption-text\">Alianza para la Igualdad de G\u00e9nero en Medell\u00edn<\/p><\/div>\n<p>Los avances tambi\u00e9n se vieron reflejados en la consolidaci\u00f3n del Observatorio de Igualdad de G\u00e9nero para las Mujeres de Medell\u00edn, la construcci\u00f3n de protocolos de prevenci\u00f3n y atenci\u00f3n de violencias basadas en g\u00e9nero en empresas y universidades, la articulaci\u00f3n con instituciones de educaci\u00f3n superior para garantizar rutas seguras y la promoci\u00f3n de liderazgos femeninos en \u00e1reas STEM, transporte y otros sectores clave de la econom\u00eda, as\u00ed como el acceso cursos especializados y alfabetizaci\u00f3n digital.<\/p>\n","protected":false},"excerpt":{"rendered":"<p>Formaci\u00f3n digital, protocolos para entornos laborales libres de violencias, acceso a ofertas de empleo y donaciones para la Casa Refugio son algunas de las estrategias que se consolidaron con la articulaci\u00f3n. M\u00e1s de 30 entidades &#8230;<\/p>\n","protected":false},"author":17,"featured_media":490333,"comment_status":"open","ping_status":"open","sticky":false,"template":"","format":"standard","meta":[],"categories":[15],"tags":[455],"formato_nota":[],"programas_tax":[],"acf":[],"_links":{"self":[{"href":"https:\/\/www.medellin.gov.co\/es\/wp-json\/wp\/v2\/posts\/490329"}],"collection":[{"href":"https:\/\/www.medellin.gov.co\/es\/wp-json\/wp\/v2\/posts"}],"about":[{"href":"https:\/\/www.medellin.gov.co\/es\/wp-json\/wp\/v2\/types\/post"}],"author":[{"embeddable":true,"href":"https:\/\/www.medellin.gov.co\/es\/wp-json\/wp\/v2\/users\/17"}],"replies":[{"embeddable":true,"href":"https:\/\/www.medellin.gov.co\/es\/wp-json\/wp\/v2\/comments?post=490329"}],"version-history":[{"count":1,"href":"https:\/\/www.medellin.gov.co\/es\/wp-json\/wp\/v2\/posts\/490329\/revisions"}],"predecessor-version":[{"id":490343,"href":"https:\/\/www.medellin.gov.co\/es\/wp-json\/wp\/v2\/posts\/490329\/revisions\/490343"}],"wp:featuredmedia":[{"embeddable":true,"href":"https:\/\/www.medellin.gov.co\/es\/wp-json\/wp\/v2\/media\/490333"}],"wp:attachment":[{"href":"https:\/\/www.medellin.gov.co\/es\/wp-json\/wp\/v2\/media?parent=490329"}],"wp:term":[{"taxonomy":"category","embeddable":true,"href":"https:\/\/www.medellin.gov.co\/es\/wp-json\/wp\/v2\/categories?post=490329"},{"taxonomy":"post_tag","embeddable":true,"href":"https:\/\/www.medellin.gov.co\/es\/wp-json\/wp\/v2\/tags?post=490329"},{"taxonomy":"formato_nota","embeddable":true,"href":"https:\/\/www.medellin.gov.co\/es\/wp-json\/wp\/v2\/formato_nota?post=490329"},{"taxonomy":"programas_tax","embeddable":true,"href":"https:\/\/www.medellin.gov.co\/es\/wp-json\/wp\/v2\/programas_tax?post=490329"}],"curies":[{"name":"wp","href":"https:\/\/api.w.org\/{rel}","templated":true}]}}