{"id":490362,"date":"2025-12-31T14:45:35","date_gmt":"2025-12-31T19:45:35","guid":{"rendered":"https:\/\/www.medellin.gov.co\/es\/?p=490362"},"modified":"2026-01-01T22:20:09","modified_gmt":"2026-01-02T03:20:09","slug":"en-la-institucion-educativa-san-pablo-de-medellin-los-ninos-aprenden-con-una-pizca-de-matematica-y-mucha-creatividad","status":"publish","type":"post","link":"https:\/\/www.medellin.gov.co\/es\/sala-de-prensa\/noticias\/en-la-institucion-educativa-san-pablo-de-medellin-los-ninos-aprenden-con-una-pizca-de-matematica-y-mucha-creatividad\/","title":{"rendered":"En la Instituci\u00f3n Educativa San Pablo de Medell\u00edn, los ni\u00f1os aprenden con una pizca de matem\u00e1tica y mucha creatividad"},"content":{"rendered":"<blockquote><p><em>Aprender matem\u00e1ticas a partir de la relaci\u00f3n con la cocina es la estrategia que dise\u00f1\u00f3 la docente Sandra Ram\u00edrez en la <a href=\"https:\/\/www.iesanpablo.edu.co\/\" target=\"_blank\" rel=\"noopener\">Instituci\u00f3n Educativa San Pablo, secci\u00f3n Medell\u00edn<\/a>, para contrarrestar el desinter\u00e9s y la reprobaci\u00f3n de esta asignatura en sus alumnos.<\/em><\/p><\/blockquote>\n<p>\u201cCon una pizca de matem\u00e1tica\u201d es una estrategia did\u00e1ctica y met\u00f3dica que naci\u00f3 en 2019 como iniciativa de la docente Sandra Ram\u00edrez, una mujer disciplinada, estudiosa y con una capacidad extraordinaria para aprender de manera aut\u00f3noma, que encontr\u00f3 en la cocina la receta para contrarrestar el desinter\u00e9s y la reprobaci\u00f3n de las matem\u00e1ticas en sus alumnos.<\/p>\n<p><a href=\"https:\/\/www.medellin.gov.co\/es\/wp-content\/uploads\/2026\/01\/Imagen-de-la-docente-Sandra-Ramirez-creadora-de-la-estrategia-Con-una-pizca-de-matematica.jpg\" target=\"_blank\" rel=\"noopener\"><img loading=\"lazy\" class=\"alignnone wp-image-490424 size-full\" title=\"Sandra Ram\u00edrez creadora de la estrategia Con una pizca de matem\u00e1tica\" src=\"https:\/\/www.medellin.gov.co\/es\/wp-content\/uploads\/2026\/01\/Imagen-de-la-docente-Sandra-Ramirez-creadora-de-la-estrategia-Con-una-pizca-de-matematica.jpg\" alt=\"Imagen de la docente Sandra Ram\u00edrez creadora de la estrategia Con una pizca de matem\u00e1tica\" width=\"1140\" height=\"760\" srcset=\"https:\/\/www.medellin.gov.co\/es\/wp-content\/uploads\/2026\/01\/Imagen-de-la-docente-Sandra-Ramirez-creadora-de-la-estrategia-Con-una-pizca-de-matematica.jpg 1140w, https:\/\/www.medellin.gov.co\/es\/wp-content\/uploads\/2026\/01\/Imagen-de-la-docente-Sandra-Ramirez-creadora-de-la-estrategia-Con-una-pizca-de-matematica-300x200.jpg 300w, https:\/\/www.medellin.gov.co\/es\/wp-content\/uploads\/2026\/01\/Imagen-de-la-docente-Sandra-Ramirez-creadora-de-la-estrategia-Con-una-pizca-de-matematica-1024x683.jpg 1024w, https:\/\/www.medellin.gov.co\/es\/wp-content\/uploads\/2026\/01\/Imagen-de-la-docente-Sandra-Ramirez-creadora-de-la-estrategia-Con-una-pizca-de-matematica-150x100.jpg 150w, https:\/\/www.medellin.gov.co\/es\/wp-content\/uploads\/2026\/01\/Imagen-de-la-docente-Sandra-Ramirez-creadora-de-la-estrategia-Con-una-pizca-de-matematica-768x512.jpg 768w\" sizes=\"(max-width: 1140px) 100vw, 1140px\" \/><\/a><\/p>\n<p><em>\u201cLa experiencia \u2018Con una pizca de matem\u00e1tica\u2019 tiene como objetivo principal que los alumnos comprendan y apliquen conceptos matem\u00e1ticos mediante actividades de cocina y magia, promoviendo su inter\u00e9s y participaci\u00f3n. Se crean espacios te\u00f3ricos y pr\u00e1cticos, donde transforman sus cuadernos en recetarios m\u00e1gicos, integrando aprendizajes relacionados con proporciones, medidas, c\u00e1lculo y l\u00f3gica, vinculados a la lectura del libro <\/em>\u2018Una pizca de magia\u2019<em> que dio origen al nombre de la estrategia.<\/em><em>\u00a0<\/em><\/p>\n<p><em>Peri\u00f3dicamente se realizan concursos, en los que los 160 estudiantes de los cinco grados, en grupos de trabajo caracterizados, presentan platos creativos aplicando los aprendizajes matem\u00e1ticos. En ese espacio se valora la creatividad, la organizaci\u00f3n, el trabajo colaborativo, el conocimiento, la presentaci\u00f3n y el sabor\u201d, <\/em>explica Sandra Ram\u00edrez.<strong>\u00a0<\/strong><\/p>\n<p><div class=\"iframe-container\"><iframe title=\"YouTube video player\" src=\"https:\/\/www.youtube.com\/embed\/R93iQs9Ah1k?si=sK9vHjP5AMGI4J-6\" width=\"100%\" height=\"350\" frameborder=\"0\" allowfullscreen=\"allowfullscreen\"><span data-mce-type=\"bookmark\" style=\"display: inline-block; width: 0px; overflow: hidden; line-height: 0;\" class=\"mce_SELRES_start\">\ufeff<\/span><\/iframe><\/div><\/p>\n<h4><strong>La previa<\/strong><\/h4>\n<p>El concurso, como en un <em>reality<\/em> (g\u00e9nero de televisi\u00f3n de telerrealidad), tiene toda una producci\u00f3n previa que implica: materiales para la actividad, repaso de los aprendizajes trabajados durante el periodo acad\u00e9mico y porte de un uniforme distintivo del equipo. Adem\u00e1s, tiene un detr\u00e1s de c\u00e1maras en el que la familia de cada alumno desempe\u00f1a un rol fundamental.<\/p>\n\n\t\t<style type=\"text\/css\">\n\t\t\t#gallery-1 {\n\t\t\t\tmargin: auto;\n\t\t\t}\n\t\t\t#gallery-1 .gallery-item {\n\t\t\t\tfloat: left;\n\t\t\t\tmargin-top: 10px;\n\t\t\t\ttext-align: center;\n\t\t\t\twidth: 33%;\n\t\t\t}\n\t\t\t#gallery-1 img {\n\t\t\t\tborder: 2px solid #cfcfcf;\n\t\t\t}\n\t\t\t#gallery-1 .gallery-caption {\n\t\t\t\tmargin-left: 0;\n\t\t\t}\n\t\t\t\/* see gallery_shortcode() in wp-includes\/media.php *\/\n\t\t<\/style>\n\t\t<div id='gallery-1' class='gallery galleryid-490362 gallery-columns-3 gallery-size-full'><dl class='gallery-item'>\n\t\t\t<dt class='gallery-icon landscape'>\n\t\t\t\t<a href='https:\/\/www.medellin.gov.co\/es\/sala-de-prensa\/noticias\/en-la-institucion-educativa-san-pablo-de-medellin-los-ninos-aprenden-con-una-pizca-de-matematica-y-mucha-creatividad\/imagen-de-equipo-de-ninas-participantes-en-concurso-con-una-pizca-de-matematica\/'><img width=\"1140\" height=\"760\" src=\"https:\/\/www.medellin.gov.co\/es\/wp-content\/uploads\/2026\/01\/Imagen-de-equipo-de-ninas-participantes-en-concurso-Con-una-pizca-de-matematica.jpg\" class=\"attachment-full size-full\" alt=\"Imagen de equipo de ni\u00f1as participantes en concurso Con una pizca de matem\u00e1tica\" loading=\"lazy\" srcset=\"https:\/\/www.medellin.gov.co\/es\/wp-content\/uploads\/2026\/01\/Imagen-de-equipo-de-ninas-participantes-en-concurso-Con-una-pizca-de-matematica.jpg 1140w, https:\/\/www.medellin.gov.co\/es\/wp-content\/uploads\/2026\/01\/Imagen-de-equipo-de-ninas-participantes-en-concurso-Con-una-pizca-de-matematica-300x200.jpg 300w, https:\/\/www.medellin.gov.co\/es\/wp-content\/uploads\/2026\/01\/Imagen-de-equipo-de-ninas-participantes-en-concurso-Con-una-pizca-de-matematica-1024x683.jpg 1024w, https:\/\/www.medellin.gov.co\/es\/wp-content\/uploads\/2026\/01\/Imagen-de-equipo-de-ninas-participantes-en-concurso-Con-una-pizca-de-matematica-150x100.jpg 150w, https:\/\/www.medellin.gov.co\/es\/wp-content\/uploads\/2026\/01\/Imagen-de-equipo-de-ninas-participantes-en-concurso-Con-una-pizca-de-matematica-768x512.jpg 768w\" sizes=\"(max-width: 1140px) 100vw, 1140px\" \/><\/a>\n\t\t\t<\/dt><\/dl><dl class='gallery-item'>\n\t\t\t<dt class='gallery-icon landscape'>\n\t\t\t\t<a href='https:\/\/www.medellin.gov.co\/es\/sala-de-prensa\/noticias\/en-la-institucion-educativa-san-pablo-de-medellin-los-ninos-aprenden-con-una-pizca-de-matematica-y-mucha-creatividad\/imagen-de-equipo-participantes-con-una-pizca-de-matematica\/'><img width=\"1140\" height=\"760\" src=\"https:\/\/www.medellin.gov.co\/es\/wp-content\/uploads\/2026\/01\/Imagen-de-equipo-participantes-Con-una-pizca-de-matematica.jpg\" class=\"attachment-full size-full\" alt=\"Imagen de equipo participantes Con una pizca de matem\u00e1tica\" loading=\"lazy\" srcset=\"https:\/\/www.medellin.gov.co\/es\/wp-content\/uploads\/2026\/01\/Imagen-de-equipo-participantes-Con-una-pizca-de-matematica.jpg 1140w, https:\/\/www.medellin.gov.co\/es\/wp-content\/uploads\/2026\/01\/Imagen-de-equipo-participantes-Con-una-pizca-de-matematica-300x200.jpg 300w, https:\/\/www.medellin.gov.co\/es\/wp-content\/uploads\/2026\/01\/Imagen-de-equipo-participantes-Con-una-pizca-de-matematica-1024x683.jpg 1024w, https:\/\/www.medellin.gov.co\/es\/wp-content\/uploads\/2026\/01\/Imagen-de-equipo-participantes-Con-una-pizca-de-matematica-150x100.jpg 150w, https:\/\/www.medellin.gov.co\/es\/wp-content\/uploads\/2026\/01\/Imagen-de-equipo-participantes-Con-una-pizca-de-matematica-768x512.jpg 768w\" sizes=\"(max-width: 1140px) 100vw, 1140px\" \/><\/a>\n\t\t\t<\/dt><\/dl><dl class='gallery-item'>\n\t\t\t<dt class='gallery-icon landscape'>\n\t\t\t\t<a href='https:\/\/www.medellin.gov.co\/es\/sala-de-prensa\/noticias\/en-la-institucion-educativa-san-pablo-de-medellin-los-ninos-aprenden-con-una-pizca-de-matematica-y-mucha-creatividad\/imagen-de-equipo-de-ninas-participantes-en-consurso-con-una-pizca-de-matematica-1\/'><img width=\"1140\" height=\"760\" src=\"https:\/\/www.medellin.gov.co\/es\/wp-content\/uploads\/2026\/01\/Imagen-de-equipo-de-ninas-participantes-en-consurso-Con-una-pizca-de-matematica-1.jpg\" class=\"attachment-full size-full\" alt=\"Imagen de equipo de ni\u00f1as participantes en consurso Con una pizca de matem\u00e1tica 1\" loading=\"lazy\" srcset=\"https:\/\/www.medellin.gov.co\/es\/wp-content\/uploads\/2026\/01\/Imagen-de-equipo-de-ninas-participantes-en-consurso-Con-una-pizca-de-matematica-1.jpg 1140w, https:\/\/www.medellin.gov.co\/es\/wp-content\/uploads\/2026\/01\/Imagen-de-equipo-de-ninas-participantes-en-consurso-Con-una-pizca-de-matematica-1-300x200.jpg 300w, https:\/\/www.medellin.gov.co\/es\/wp-content\/uploads\/2026\/01\/Imagen-de-equipo-de-ninas-participantes-en-consurso-Con-una-pizca-de-matematica-1-1024x683.jpg 1024w, https:\/\/www.medellin.gov.co\/es\/wp-content\/uploads\/2026\/01\/Imagen-de-equipo-de-ninas-participantes-en-consurso-Con-una-pizca-de-matematica-1-150x100.jpg 150w, https:\/\/www.medellin.gov.co\/es\/wp-content\/uploads\/2026\/01\/Imagen-de-equipo-de-ninas-participantes-en-consurso-Con-una-pizca-de-matematica-1-768x512.jpg 768w\" sizes=\"(max-width: 1140px) 100vw, 1140px\" \/><\/a>\n\t\t\t<\/dt><\/dl><br style=\"clear: both\" \/>\n\t\t<\/div>\n\n<p><em>\u201cLos ni\u00f1os por s\u00ed solos no pueden adquirir los ingredientes ni el vestuario ni hacer las recetas en casa; entonces las familias lo que hacen es articularse y acompa\u00f1arlos en todo el proceso. Ha sido muy bonito, porque eso ha ayudado a que los padres se integren y los estudiantes no est\u00e9n solos en el aprendizaje de las matem\u00e1ticas\u201d<\/em>, subraya la docente.<\/p>\n<h4><strong>Plato protagonista: el pastel<\/strong><\/h4>\n<p>En la tercera temporada del concurso, el protagonista fue el pastel. A partir de \u00e9l, alumnos de la Instituci\u00f3n Educativa San Pablo, ubicada en la comuna uno (Popular) de Medell\u00edn, pusieron a prueba lo aprendido en temas de fracciones, per\u00edmetro, \u00e1rea y elaboraci\u00f3n de tablas y gr\u00e1ficas estad\u00edsticas.<\/p>\n<p>El d\u00eda del encuentro, la primera tarea fue ambientar su espacio. Unos corr\u00edan de un lado a otro tratando de solucionar los imprevistos de \u00faltimo momento, otros afinaban peque\u00f1os detalles para que su estaci\u00f3n de trabajo estuviera impecablemente presentada y unos pocos \u2013 m\u00e1s aventajados \u2013 reposaban sentados a la espera de la se\u00f1al de inicio.<\/p>\n\n\t\t<style type=\"text\/css\">\n\t\t\t#gallery-2 {\n\t\t\t\tmargin: auto;\n\t\t\t}\n\t\t\t#gallery-2 .gallery-item {\n\t\t\t\tfloat: left;\n\t\t\t\tmargin-top: 10px;\n\t\t\t\ttext-align: center;\n\t\t\t\twidth: 33%;\n\t\t\t}\n\t\t\t#gallery-2 img {\n\t\t\t\tborder: 2px solid #cfcfcf;\n\t\t\t}\n\t\t\t#gallery-2 .gallery-caption {\n\t\t\t\tmargin-left: 0;\n\t\t\t}\n\t\t\t\/* see gallery_shortcode() in wp-includes\/media.php *\/\n\t\t<\/style>\n\t\t<div id='gallery-2' class='gallery galleryid-490362 gallery-columns-3 gallery-size-full'><dl class='gallery-item'>\n\t\t\t<dt class='gallery-icon landscape'>\n\t\t\t\t<a href='https:\/\/www.medellin.gov.co\/es\/sala-de-prensa\/noticias\/en-la-institucion-educativa-san-pablo-de-medellin-los-ninos-aprenden-con-una-pizca-de-matematica-y-mucha-creatividad\/imagen-de-equipo-de-pareja-de-ninos-participantes-en-concurso-con-una-pizca-de-matematica\/'><img width=\"1140\" height=\"760\" src=\"https:\/\/www.medellin.gov.co\/es\/wp-content\/uploads\/2026\/01\/Imagen-de-equipo-de-pareja-de-ninos-participantes-en-concurso-Con-una-pizca-de-matematica.jpg\" class=\"attachment-full size-full\" alt=\"Imagen de equipo de pareja de ni\u00f1os participantes en concurso Con una pizca de matem\u00e1tica\" loading=\"lazy\" srcset=\"https:\/\/www.medellin.gov.co\/es\/wp-content\/uploads\/2026\/01\/Imagen-de-equipo-de-pareja-de-ninos-participantes-en-concurso-Con-una-pizca-de-matematica.jpg 1140w, https:\/\/www.medellin.gov.co\/es\/wp-content\/uploads\/2026\/01\/Imagen-de-equipo-de-pareja-de-ninos-participantes-en-concurso-Con-una-pizca-de-matematica-300x200.jpg 300w, https:\/\/www.medellin.gov.co\/es\/wp-content\/uploads\/2026\/01\/Imagen-de-equipo-de-pareja-de-ninos-participantes-en-concurso-Con-una-pizca-de-matematica-1024x683.jpg 1024w, https:\/\/www.medellin.gov.co\/es\/wp-content\/uploads\/2026\/01\/Imagen-de-equipo-de-pareja-de-ninos-participantes-en-concurso-Con-una-pizca-de-matematica-150x100.jpg 150w, https:\/\/www.medellin.gov.co\/es\/wp-content\/uploads\/2026\/01\/Imagen-de-equipo-de-pareja-de-ninos-participantes-en-concurso-Con-una-pizca-de-matematica-768x512.jpg 768w\" sizes=\"(max-width: 1140px) 100vw, 1140px\" \/><\/a>\n\t\t\t<\/dt><\/dl><dl class='gallery-item'>\n\t\t\t<dt class='gallery-icon landscape'>\n\t\t\t\t<a href='https:\/\/www.medellin.gov.co\/es\/sala-de-prensa\/noticias\/en-la-institucion-educativa-san-pablo-de-medellin-los-ninos-aprenden-con-una-pizca-de-matematica-y-mucha-creatividad\/imagen-de-equipo-ninas-decorando-pastel-en-concurso-con-una-pizca-de-matematica\/'><img width=\"1140\" height=\"760\" src=\"https:\/\/www.medellin.gov.co\/es\/wp-content\/uploads\/2026\/01\/Imagen-de-equipo-ninas-decorando-pastel-en-concurso-Con-una-pizca-de-matematica.jpg\" class=\"attachment-full size-full\" alt=\"Imagen de equipo ni\u00f1as decorando pastel en concurso Con una pizca de matem\u00e1tica\" loading=\"lazy\" srcset=\"https:\/\/www.medellin.gov.co\/es\/wp-content\/uploads\/2026\/01\/Imagen-de-equipo-ninas-decorando-pastel-en-concurso-Con-una-pizca-de-matematica.jpg 1140w, https:\/\/www.medellin.gov.co\/es\/wp-content\/uploads\/2026\/01\/Imagen-de-equipo-ninas-decorando-pastel-en-concurso-Con-una-pizca-de-matematica-300x200.jpg 300w, https:\/\/www.medellin.gov.co\/es\/wp-content\/uploads\/2026\/01\/Imagen-de-equipo-ninas-decorando-pastel-en-concurso-Con-una-pizca-de-matematica-1024x683.jpg 1024w, https:\/\/www.medellin.gov.co\/es\/wp-content\/uploads\/2026\/01\/Imagen-de-equipo-ninas-decorando-pastel-en-concurso-Con-una-pizca-de-matematica-150x100.jpg 150w, https:\/\/www.medellin.gov.co\/es\/wp-content\/uploads\/2026\/01\/Imagen-de-equipo-ninas-decorando-pastel-en-concurso-Con-una-pizca-de-matematica-768x512.jpg 768w\" sizes=\"(max-width: 1140px) 100vw, 1140px\" \/><\/a>\n\t\t\t<\/dt><\/dl><dl class='gallery-item'>\n\t\t\t<dt class='gallery-icon landscape'>\n\t\t\t\t<a href='https:\/\/www.medellin.gov.co\/es\/sala-de-prensa\/noticias\/en-la-institucion-educativa-san-pablo-de-medellin-los-ninos-aprenden-con-una-pizca-de-matematica-y-mucha-creatividad\/imagen-de-equipo-participante-en-concurso-con-una-pizca-de-matematica\/'><img width=\"1140\" height=\"760\" src=\"https:\/\/www.medellin.gov.co\/es\/wp-content\/uploads\/2026\/01\/Imagen-de-equipo-participante-en-concurso-Con-una-pizca-de-matematica.jpg\" class=\"attachment-full size-full\" alt=\"Imagen de equipo participante en concurso Con una pizca de matem\u00e1tica\" loading=\"lazy\" srcset=\"https:\/\/www.medellin.gov.co\/es\/wp-content\/uploads\/2026\/01\/Imagen-de-equipo-participante-en-concurso-Con-una-pizca-de-matematica.jpg 1140w, https:\/\/www.medellin.gov.co\/es\/wp-content\/uploads\/2026\/01\/Imagen-de-equipo-participante-en-concurso-Con-una-pizca-de-matematica-300x200.jpg 300w, https:\/\/www.medellin.gov.co\/es\/wp-content\/uploads\/2026\/01\/Imagen-de-equipo-participante-en-concurso-Con-una-pizca-de-matematica-1024x683.jpg 1024w, https:\/\/www.medellin.gov.co\/es\/wp-content\/uploads\/2026\/01\/Imagen-de-equipo-participante-en-concurso-Con-una-pizca-de-matematica-150x100.jpg 150w, https:\/\/www.medellin.gov.co\/es\/wp-content\/uploads\/2026\/01\/Imagen-de-equipo-participante-en-concurso-Con-una-pizca-de-matematica-768x512.jpg 768w\" sizes=\"(max-width: 1140px) 100vw, 1140px\" \/><\/a>\n\t\t\t<\/dt><\/dl><br style=\"clear: both\" \/>\n\t\t<\/div>\n\n<p>El momento hab\u00eda llegado: el pastel \u2013 que ven\u00eda horneado desde casa \u2013, en un extremo de la mesa; los ingredientes para decorarlo, en el otro, y los concursantes expectantes mientras la voz pausada y jovial de la profesora Sandra Ram\u00edrez proporcionaba calma en medio de la algarab\u00eda y daba luz verde para que, en 20 minutos, los equipos hicieran gala de su destreza y creatividad embelleciendo su pastel.<strong>\u00a0<\/strong><\/p>\n<h4><strong>De la pr\u00e1ctica a la teor\u00eda<\/strong><\/h4>\n<p>Manos arriba, todos los pasteles decorados, esp\u00e1tulas, cremas, dulces, frutas y bases giratorias entraron en pausa porque era el momento de resolver el reto matem\u00e1tico.<\/p>\n<p><a href=\"https:\/\/www.medellin.gov.co\/es\/wp-content\/uploads\/2026\/01\/Imagen-de-todos-los-ninos-participantes-de-concurso-Con-una-pizca-de-matematica-alzando-las-manos.jpg\" target=\"_blank\" rel=\"noopener\"><img loading=\"lazy\" class=\"alignnone wp-image-490408 size-full\" title=\"ni\u00f1os participantes de concurso Con una pizca de matem\u00e1tica alzando las manos\" src=\"https:\/\/www.medellin.gov.co\/es\/wp-content\/uploads\/2026\/01\/Imagen-de-todos-los-ninos-participantes-de-concurso-Con-una-pizca-de-matematica-alzando-las-manos.jpg\" alt=\"Imagen de todos los ni\u00f1os participantes de concurso Con una pizca de matem\u00e1tica alzando las manos\" width=\"1140\" height=\"760\" srcset=\"https:\/\/www.medellin.gov.co\/es\/wp-content\/uploads\/2026\/01\/Imagen-de-todos-los-ninos-participantes-de-concurso-Con-una-pizca-de-matematica-alzando-las-manos.jpg 1140w, https:\/\/www.medellin.gov.co\/es\/wp-content\/uploads\/2026\/01\/Imagen-de-todos-los-ninos-participantes-de-concurso-Con-una-pizca-de-matematica-alzando-las-manos-300x200.jpg 300w, https:\/\/www.medellin.gov.co\/es\/wp-content\/uploads\/2026\/01\/Imagen-de-todos-los-ninos-participantes-de-concurso-Con-una-pizca-de-matematica-alzando-las-manos-1024x683.jpg 1024w, https:\/\/www.medellin.gov.co\/es\/wp-content\/uploads\/2026\/01\/Imagen-de-todos-los-ninos-participantes-de-concurso-Con-una-pizca-de-matematica-alzando-las-manos-150x100.jpg 150w, https:\/\/www.medellin.gov.co\/es\/wp-content\/uploads\/2026\/01\/Imagen-de-todos-los-ninos-participantes-de-concurso-Con-una-pizca-de-matematica-alzando-las-manos-768x512.jpg 768w\" sizes=\"(max-width: 1140px) 100vw, 1140px\" \/><\/a><\/p>\n<p>Interactuar con el pastel, medirlo, fraccionarlo mentalmente antes de porcionarlo, analizar la situaci\u00f3n, debatir en equipo para llegar a un consenso y plasmar la respuesta definitiva en el papel fueron las estrategias para dar soluci\u00f3n (en 30 minutos) a la prueba escrita que conten\u00eda una parte num\u00e9rica, otra variacional y una geom\u00e9trica. Esto, con el fin de dar cuenta de todo lo aprendido durante el periodo acad\u00e9mico.<\/p>\n<h4><strong>La valoraci\u00f3n<\/strong><\/h4>\n\n\t\t<style type=\"text\/css\">\n\t\t\t#gallery-3 {\n\t\t\t\tmargin: auto;\n\t\t\t}\n\t\t\t#gallery-3 .gallery-item {\n\t\t\t\tfloat: left;\n\t\t\t\tmargin-top: 10px;\n\t\t\t\ttext-align: center;\n\t\t\t\twidth: 33%;\n\t\t\t}\n\t\t\t#gallery-3 img {\n\t\t\t\tborder: 2px solid #cfcfcf;\n\t\t\t}\n\t\t\t#gallery-3 .gallery-caption {\n\t\t\t\tmargin-left: 0;\n\t\t\t}\n\t\t\t\/* see gallery_shortcode() in wp-includes\/media.php *\/\n\t\t<\/style>\n\t\t<div id='gallery-3' class='gallery galleryid-490362 gallery-columns-3 gallery-size-full'><dl class='gallery-item'>\n\t\t\t<dt class='gallery-icon landscape'>\n\t\t\t\t<a href='https:\/\/www.medellin.gov.co\/es\/sala-de-prensa\/noticias\/en-la-institucion-educativa-san-pablo-de-medellin-los-ninos-aprenden-con-una-pizca-de-matematica-y-mucha-creatividad\/imagen-de-jueza-con-equipo-de-ninas-participantes-en-concurso-con-una-pizca-de-matematica\/'><img width=\"1140\" height=\"760\" src=\"https:\/\/www.medellin.gov.co\/es\/wp-content\/uploads\/2026\/01\/Imagen-de-jueza-con-equipo-de-ninas-participantes-en-concurso-Con-una-pizca-de-matematica.jpg\" class=\"attachment-full size-full\" alt=\"Imagen de jueza con equipo de ni\u00f1as participantes en concurso Con una pizca de matem\u00e1tica\" loading=\"lazy\" srcset=\"https:\/\/www.medellin.gov.co\/es\/wp-content\/uploads\/2026\/01\/Imagen-de-jueza-con-equipo-de-ninas-participantes-en-concurso-Con-una-pizca-de-matematica.jpg 1140w, https:\/\/www.medellin.gov.co\/es\/wp-content\/uploads\/2026\/01\/Imagen-de-jueza-con-equipo-de-ninas-participantes-en-concurso-Con-una-pizca-de-matematica-300x200.jpg 300w, https:\/\/www.medellin.gov.co\/es\/wp-content\/uploads\/2026\/01\/Imagen-de-jueza-con-equipo-de-ninas-participantes-en-concurso-Con-una-pizca-de-matematica-1024x683.jpg 1024w, https:\/\/www.medellin.gov.co\/es\/wp-content\/uploads\/2026\/01\/Imagen-de-jueza-con-equipo-de-ninas-participantes-en-concurso-Con-una-pizca-de-matematica-150x100.jpg 150w, https:\/\/www.medellin.gov.co\/es\/wp-content\/uploads\/2026\/01\/Imagen-de-jueza-con-equipo-de-ninas-participantes-en-concurso-Con-una-pizca-de-matematica-768x512.jpg 768w\" sizes=\"(max-width: 1140px) 100vw, 1140px\" \/><\/a>\n\t\t\t<\/dt><\/dl><dl class='gallery-item'>\n\t\t\t<dt class='gallery-icon landscape'>\n\t\t\t\t<a href='https:\/\/www.medellin.gov.co\/es\/sala-de-prensa\/noticias\/en-la-institucion-educativa-san-pablo-de-medellin-los-ninos-aprenden-con-una-pizca-de-matematica-y-mucha-creatividad\/imagen-de-jueza-con-ninas-participantes-en-concurso-con-una-pizca-de-matematica\/'><img width=\"1140\" height=\"760\" src=\"https:\/\/www.medellin.gov.co\/es\/wp-content\/uploads\/2026\/01\/Imagen-de-jueza-con-ninas-participantes-en-concurso-Con-una-pizca-de-matematica.jpg\" class=\"attachment-full size-full\" alt=\"Imagen de jueza con ni\u00f1as participantes en concurso Con una pizca de matem\u00e1tica\" loading=\"lazy\" srcset=\"https:\/\/www.medellin.gov.co\/es\/wp-content\/uploads\/2026\/01\/Imagen-de-jueza-con-ninas-participantes-en-concurso-Con-una-pizca-de-matematica.jpg 1140w, https:\/\/www.medellin.gov.co\/es\/wp-content\/uploads\/2026\/01\/Imagen-de-jueza-con-ninas-participantes-en-concurso-Con-una-pizca-de-matematica-300x200.jpg 300w, https:\/\/www.medellin.gov.co\/es\/wp-content\/uploads\/2026\/01\/Imagen-de-jueza-con-ninas-participantes-en-concurso-Con-una-pizca-de-matematica-1024x683.jpg 1024w, https:\/\/www.medellin.gov.co\/es\/wp-content\/uploads\/2026\/01\/Imagen-de-jueza-con-ninas-participantes-en-concurso-Con-una-pizca-de-matematica-150x100.jpg 150w, https:\/\/www.medellin.gov.co\/es\/wp-content\/uploads\/2026\/01\/Imagen-de-jueza-con-ninas-participantes-en-concurso-Con-una-pizca-de-matematica-768x512.jpg 768w\" sizes=\"(max-width: 1140px) 100vw, 1140px\" \/><\/a>\n\t\t\t<\/dt><\/dl><dl class='gallery-item'>\n\t\t\t<dt class='gallery-icon landscape'>\n\t\t\t\t<a href='https:\/\/www.medellin.gov.co\/es\/sala-de-prensa\/noticias\/en-la-institucion-educativa-san-pablo-de-medellin-los-ninos-aprenden-con-una-pizca-de-matematica-y-mucha-creatividad\/imagen-de-jueza-con-equipo-participante-en-concurso-con-una-pizca-de-matematica\/'><img width=\"1140\" height=\"760\" src=\"https:\/\/www.medellin.gov.co\/es\/wp-content\/uploads\/2026\/01\/Imagen-de-jueza-con-equipo-participante-en-concurso-Con-una-pizca-de-matematica.jpg\" class=\"attachment-full size-full\" alt=\"Imagen de jueza con equipo participante en concurso Con una pizca de matem\u00e1tica\" loading=\"lazy\" srcset=\"https:\/\/www.medellin.gov.co\/es\/wp-content\/uploads\/2026\/01\/Imagen-de-jueza-con-equipo-participante-en-concurso-Con-una-pizca-de-matematica.jpg 1140w, https:\/\/www.medellin.gov.co\/es\/wp-content\/uploads\/2026\/01\/Imagen-de-jueza-con-equipo-participante-en-concurso-Con-una-pizca-de-matematica-300x200.jpg 300w, https:\/\/www.medellin.gov.co\/es\/wp-content\/uploads\/2026\/01\/Imagen-de-jueza-con-equipo-participante-en-concurso-Con-una-pizca-de-matematica-1024x683.jpg 1024w, https:\/\/www.medellin.gov.co\/es\/wp-content\/uploads\/2026\/01\/Imagen-de-jueza-con-equipo-participante-en-concurso-Con-una-pizca-de-matematica-150x100.jpg 150w, https:\/\/www.medellin.gov.co\/es\/wp-content\/uploads\/2026\/01\/Imagen-de-jueza-con-equipo-participante-en-concurso-Con-una-pizca-de-matematica-768x512.jpg 768w\" sizes=\"(max-width: 1140px) 100vw, 1140px\" \/><\/a>\n\t\t\t<\/dt><\/dl><br style=\"clear: both\" \/>\n\t\t<\/div>\n\n<p>Conquistar con la degustaci\u00f3n a los cuatro jurados: Yeny Olarte Sep\u00falveda, chef de la comunidad; Sara Isabel Guti\u00e9rrez, asesora de la Universidad de Antioquia en alianza con el Centro de Innovaci\u00f3n del Maestro \u2013 MOVA \u2013, y Marta Elsy Gil y Weimar Salazar, coordinadores acad\u00e9micos de la Instituci\u00f3n Educativa San Pablo, fue un reto al que no fue inferior ninguno de los 45 equipos participantes.<\/p>\n<p><em>\u201cTratamos de conformar el jurado con personas que no tengan contacto directo con ning\u00fan estudiante para que sea lo m\u00e1s neutral posible. Ellos mediante una r\u00fabrica de valoraci\u00f3n otorgan un puntaje a cada grupo teniendo en cuenta criterios de presentaci\u00f3n, cooperaci\u00f3n, degustaci\u00f3n y organizaci\u00f3n del espacio.<\/em><em>\u00a0<\/em><\/p>\n\n\t\t<style type=\"text\/css\">\n\t\t\t#gallery-4 {\n\t\t\t\tmargin: auto;\n\t\t\t}\n\t\t\t#gallery-4 .gallery-item {\n\t\t\t\tfloat: left;\n\t\t\t\tmargin-top: 10px;\n\t\t\t\ttext-align: center;\n\t\t\t\twidth: 33%;\n\t\t\t}\n\t\t\t#gallery-4 img {\n\t\t\t\tborder: 2px solid #cfcfcf;\n\t\t\t}\n\t\t\t#gallery-4 .gallery-caption {\n\t\t\t\tmargin-left: 0;\n\t\t\t}\n\t\t\t\/* see gallery_shortcode() in wp-includes\/media.php *\/\n\t\t<\/style>\n\t\t<div id='gallery-4' class='gallery galleryid-490362 gallery-columns-3 gallery-size-full'><dl class='gallery-item'>\n\t\t\t<dt class='gallery-icon landscape'>\n\t\t\t\t<a href='https:\/\/www.medellin.gov.co\/es\/sala-de-prensa\/noticias\/en-la-institucion-educativa-san-pablo-de-medellin-los-ninos-aprenden-con-una-pizca-de-matematica-y-mucha-creatividad\/imagen-de-pareja-de-ninas-resolviendo-puebas-en-concurso-con-una-pizca-de-matematica\/'><img width=\"1140\" height=\"760\" src=\"https:\/\/www.medellin.gov.co\/es\/wp-content\/uploads\/2026\/01\/Imagen-de-pareja-de-ninas-resolviendo-puebas-en-concurso-Con-una-pizca-de-matematica.jpg\" class=\"attachment-full size-full\" alt=\"Imagen de pareja de ni\u00f1as resolviendo puebas en concurso Con una pizca de matem\u00e1tica\" loading=\"lazy\" srcset=\"https:\/\/www.medellin.gov.co\/es\/wp-content\/uploads\/2026\/01\/Imagen-de-pareja-de-ninas-resolviendo-puebas-en-concurso-Con-una-pizca-de-matematica.jpg 1140w, https:\/\/www.medellin.gov.co\/es\/wp-content\/uploads\/2026\/01\/Imagen-de-pareja-de-ninas-resolviendo-puebas-en-concurso-Con-una-pizca-de-matematica-300x200.jpg 300w, https:\/\/www.medellin.gov.co\/es\/wp-content\/uploads\/2026\/01\/Imagen-de-pareja-de-ninas-resolviendo-puebas-en-concurso-Con-una-pizca-de-matematica-1024x683.jpg 1024w, https:\/\/www.medellin.gov.co\/es\/wp-content\/uploads\/2026\/01\/Imagen-de-pareja-de-ninas-resolviendo-puebas-en-concurso-Con-una-pizca-de-matematica-150x100.jpg 150w, https:\/\/www.medellin.gov.co\/es\/wp-content\/uploads\/2026\/01\/Imagen-de-pareja-de-ninas-resolviendo-puebas-en-concurso-Con-una-pizca-de-matematica-768x512.jpg 768w\" sizes=\"(max-width: 1140px) 100vw, 1140px\" \/><\/a>\n\t\t\t<\/dt><\/dl><dl class='gallery-item'>\n\t\t\t<dt class='gallery-icon landscape'>\n\t\t\t\t<a href='https:\/\/www.medellin.gov.co\/es\/sala-de-prensa\/noticias\/en-la-institucion-educativa-san-pablo-de-medellin-los-ninos-aprenden-con-una-pizca-de-matematica-y-mucha-creatividad\/imagen-de-pareja-de-ninos-resolviendo-puebas-en-concurso-con-una-pizca-de-matematica\/'><img width=\"1140\" height=\"760\" src=\"https:\/\/www.medellin.gov.co\/es\/wp-content\/uploads\/2026\/01\/Imagen-de-pareja-de-ninos-resolviendo-puebas-en-concurso-Con-una-pizca-de-matematica.jpg\" class=\"attachment-full size-full\" alt=\"Imagen de pareja de ni\u00f1os resolviendo puebas en concurso Con una pizca de matem\u00e1tica\" loading=\"lazy\" srcset=\"https:\/\/www.medellin.gov.co\/es\/wp-content\/uploads\/2026\/01\/Imagen-de-pareja-de-ninos-resolviendo-puebas-en-concurso-Con-una-pizca-de-matematica.jpg 1140w, https:\/\/www.medellin.gov.co\/es\/wp-content\/uploads\/2026\/01\/Imagen-de-pareja-de-ninos-resolviendo-puebas-en-concurso-Con-una-pizca-de-matematica-300x200.jpg 300w, https:\/\/www.medellin.gov.co\/es\/wp-content\/uploads\/2026\/01\/Imagen-de-pareja-de-ninos-resolviendo-puebas-en-concurso-Con-una-pizca-de-matematica-1024x683.jpg 1024w, https:\/\/www.medellin.gov.co\/es\/wp-content\/uploads\/2026\/01\/Imagen-de-pareja-de-ninos-resolviendo-puebas-en-concurso-Con-una-pizca-de-matematica-150x100.jpg 150w, https:\/\/www.medellin.gov.co\/es\/wp-content\/uploads\/2026\/01\/Imagen-de-pareja-de-ninos-resolviendo-puebas-en-concurso-Con-una-pizca-de-matematica-768x512.jpg 768w\" sizes=\"(max-width: 1140px) 100vw, 1140px\" \/><\/a>\n\t\t\t<\/dt><\/dl><dl class='gallery-item'>\n\t\t\t<dt class='gallery-icon landscape'>\n\t\t\t\t<a href='https:\/\/www.medellin.gov.co\/es\/sala-de-prensa\/noticias\/en-la-institucion-educativa-san-pablo-de-medellin-los-ninos-aprenden-con-una-pizca-de-matematica-y-mucha-creatividad\/imagen-de-pareja-de-ninas-resolviendo-puebas-en-concurso-con-una-pizca-de-matematica-1\/'><img width=\"1140\" height=\"760\" src=\"https:\/\/www.medellin.gov.co\/es\/wp-content\/uploads\/2026\/01\/Imagen-de-pareja-de-ninas-resolviendo-puebas-en-concurso-Con-una-pizca-de-matematica-1.jpg\" class=\"attachment-full size-full\" alt=\"Imagen de pareja de ni\u00f1as resolviendo puebas en concurso Con una pizca de matem\u00e1tica\" loading=\"lazy\" srcset=\"https:\/\/www.medellin.gov.co\/es\/wp-content\/uploads\/2026\/01\/Imagen-de-pareja-de-ninas-resolviendo-puebas-en-concurso-Con-una-pizca-de-matematica-1.jpg 1140w, https:\/\/www.medellin.gov.co\/es\/wp-content\/uploads\/2026\/01\/Imagen-de-pareja-de-ninas-resolviendo-puebas-en-concurso-Con-una-pizca-de-matematica-1-300x200.jpg 300w, https:\/\/www.medellin.gov.co\/es\/wp-content\/uploads\/2026\/01\/Imagen-de-pareja-de-ninas-resolviendo-puebas-en-concurso-Con-una-pizca-de-matematica-1-1024x683.jpg 1024w, https:\/\/www.medellin.gov.co\/es\/wp-content\/uploads\/2026\/01\/Imagen-de-pareja-de-ninas-resolviendo-puebas-en-concurso-Con-una-pizca-de-matematica-1-150x100.jpg 150w, https:\/\/www.medellin.gov.co\/es\/wp-content\/uploads\/2026\/01\/Imagen-de-pareja-de-ninas-resolviendo-puebas-en-concurso-Con-una-pizca-de-matematica-1-768x512.jpg 768w\" sizes=\"(max-width: 1140px) 100vw, 1140px\" \/><\/a>\n\t\t\t<\/dt><\/dl><br style=\"clear: both\" \/>\n\t\t<\/div>\n\n<p><em>Al final se suman todos los puntajes con las evaluaciones de los jurados y la m\u00eda con la prueba de matem\u00e1ticas, se hace un promedio y se eligen los cinco equipos ganadores\u201d<\/em>, indica Sandra Ram\u00edrez.<\/p>\n<h4><strong>Al final todos ganan<\/strong><\/h4>\n<p><a href=\"https:\/\/www.medellin.gov.co\/es\/wp-content\/uploads\/2026\/01\/Imagen-de-ninos-ganadores-de-concurso-Con-una-pizca-de-matematica.jpg\" target=\"_blank\" rel=\"noopener\"><img loading=\"lazy\" class=\"alignnone wp-image-490418 size-full\" title=\"ganadores de concurso Con una pizca de matem\u00e1tica\" src=\"https:\/\/www.medellin.gov.co\/es\/wp-content\/uploads\/2026\/01\/Imagen-de-ninos-ganadores-de-concurso-Con-una-pizca-de-matematica.jpg\" alt=\"Imagen de ni\u00f1os ganadores de concurso Con una pizca de matem\u00e1tica\" width=\"1280\" height=\"591\" srcset=\"https:\/\/www.medellin.gov.co\/es\/wp-content\/uploads\/2026\/01\/Imagen-de-ninos-ganadores-de-concurso-Con-una-pizca-de-matematica.jpg 1280w, https:\/\/www.medellin.gov.co\/es\/wp-content\/uploads\/2026\/01\/Imagen-de-ninos-ganadores-de-concurso-Con-una-pizca-de-matematica-300x139.jpg 300w, https:\/\/www.medellin.gov.co\/es\/wp-content\/uploads\/2026\/01\/Imagen-de-ninos-ganadores-de-concurso-Con-una-pizca-de-matematica-1024x473.jpg 1024w, https:\/\/www.medellin.gov.co\/es\/wp-content\/uploads\/2026\/01\/Imagen-de-ninos-ganadores-de-concurso-Con-una-pizca-de-matematica-150x69.jpg 150w, https:\/\/www.medellin.gov.co\/es\/wp-content\/uploads\/2026\/01\/Imagen-de-ninos-ganadores-de-concurso-Con-una-pizca-de-matematica-768x355.jpg 768w\" sizes=\"(max-width: 1280px) 100vw, 1280px\" \/><\/a><\/p>\n<p>La premiaci\u00f3n se realiz\u00f3 ocho d\u00edas despu\u00e9s del encuentro. Se dio reconocimiento a los mayores puntajes en orden descendente y se entregaron kits escolares a los cinco equipos ganadores:<\/p>\n<ol>\n<li>The Cooking Girls del grado quinto \u2013 4<\/li>\n<li>Los Blue Master del grado quinto \u2013 1<\/li>\n<li>Los Chicos del Sabor del grado quinto \u2013 5<\/li>\n<li>Los Corazones Rotos del grado quinto \u2013 3<\/li>\n<li>Los Chefs Matem\u00e1ticos del grado quinto \u2013 2<\/li>\n<\/ol>\n<p><a href=\"https:\/\/www.medellin.gov.co\/es\/wp-content\/uploads\/2026\/01\/Imagen-de-premios-del-concurso-Con-una-pizca-de-matematica.jpg\" target=\"_blank\" rel=\"noopener\"><img loading=\"lazy\" class=\"alignnone wp-image-490410 size-full\" title=\"premios del concurso Con una pizca de matem\u00e1tica\" src=\"https:\/\/www.medellin.gov.co\/es\/wp-content\/uploads\/2026\/01\/Imagen-de-premios-del-concurso-Con-una-pizca-de-matematica.jpg\" alt=\"Imagen de premios del concurso Con una pizca de matem\u00e1tica\" width=\"1146\" height=\"760\" srcset=\"https:\/\/www.medellin.gov.co\/es\/wp-content\/uploads\/2026\/01\/Imagen-de-premios-del-concurso-Con-una-pizca-de-matematica.jpg 1146w, https:\/\/www.medellin.gov.co\/es\/wp-content\/uploads\/2026\/01\/Imagen-de-premios-del-concurso-Con-una-pizca-de-matematica-300x199.jpg 300w, https:\/\/www.medellin.gov.co\/es\/wp-content\/uploads\/2026\/01\/Imagen-de-premios-del-concurso-Con-una-pizca-de-matematica-1024x679.jpg 1024w, https:\/\/www.medellin.gov.co\/es\/wp-content\/uploads\/2026\/01\/Imagen-de-premios-del-concurso-Con-una-pizca-de-matematica-150x99.jpg 150w, https:\/\/www.medellin.gov.co\/es\/wp-content\/uploads\/2026\/01\/Imagen-de-premios-del-concurso-Con-una-pizca-de-matematica-768x509.jpg 768w\" sizes=\"(max-width: 1146px) 100vw, 1146px\" \/><\/a><\/p>\n<p><em>\u201cMe sent\u00ed muy bien porque cumpl\u00ed mi objetivo. Fue una experiencia muy buena, ten\u00eda muy buenos compa\u00f1eros, aprend\u00ed a desarrollar f\u00f3rmulas matem\u00e1ticas con recetas y a trabajar en equipo\u201d<\/em>, expresa emocionada Mari\u00e1ngel Ibarra, una de las estudiantes ganadoras.<\/p>\n<p>La experiencia significativa \u201cCon una pizca de matem\u00e1tica\u201d va m\u00e1s all\u00e1 del concurso como encuentro final, porque ha logrado articularse con diversas estrategias, acciones, mecanismos e instrumentos para alcanzar los objetivos propuestos.<\/p>\n<h4><strong>Varios beneficios<\/strong><\/h4>\n<p>Desde su implementaci\u00f3n, la comunidad educativa ha alcanzado nuevas comprensiones sobre la ense\u00f1anza y el aprendizaje de las matem\u00e1ticas mediante metodolog\u00edas innovadoras y contextualizadas, promoviendo una pr\u00e1ctica pedag\u00f3gica m\u00e1s interactiva, significativa y reflexiva.<\/p>\n<p>En el plano social ha permitido la integraci\u00f3n familiar y desde el enfoque pol\u00edtico impulsa la inclusi\u00f3n con la multidisciplinariedad en la ense\u00f1anza de las matem\u00e1ticas, impactando positivamente el proceso educativo y fomentando el pensamiento cr\u00edtico y creativo.<\/p>\n<p><a href=\"https:\/\/www.medellin.gov.co\/es\/wp-content\/uploads\/2026\/01\/Imagen-de-todos-los-ninos-participantes-de-concurso-Con-una-pizca-de-matematica.jpg\" target=\"_blank\" rel=\"noopener\"><img loading=\"lazy\" class=\"alignnone wp-image-490441 size-full\" title=\"ni\u00f1os participantes de concurso Con una pizca de matem\u00e1tica\" src=\"https:\/\/www.medellin.gov.co\/es\/wp-content\/uploads\/2026\/01\/Imagen-de-todos-los-ninos-participantes-de-concurso-Con-una-pizca-de-matematica.jpg\" alt=\"Imagen de todos los ni\u00f1os participantes de concurso Con una pizca de matem\u00e1tica\" width=\"1140\" height=\"760\" srcset=\"https:\/\/www.medellin.gov.co\/es\/wp-content\/uploads\/2026\/01\/Imagen-de-todos-los-ninos-participantes-de-concurso-Con-una-pizca-de-matematica.jpg 1140w, https:\/\/www.medellin.gov.co\/es\/wp-content\/uploads\/2026\/01\/Imagen-de-todos-los-ninos-participantes-de-concurso-Con-una-pizca-de-matematica-300x200.jpg 300w, https:\/\/www.medellin.gov.co\/es\/wp-content\/uploads\/2026\/01\/Imagen-de-todos-los-ninos-participantes-de-concurso-Con-una-pizca-de-matematica-1024x683.jpg 1024w, https:\/\/www.medellin.gov.co\/es\/wp-content\/uploads\/2026\/01\/Imagen-de-todos-los-ninos-participantes-de-concurso-Con-una-pizca-de-matematica-150x100.jpg 150w, https:\/\/www.medellin.gov.co\/es\/wp-content\/uploads\/2026\/01\/Imagen-de-todos-los-ninos-participantes-de-concurso-Con-una-pizca-de-matematica-768x512.jpg 768w\" sizes=\"(max-width: 1140px) 100vw, 1140px\" \/><\/a><\/p>\n<p>Gracias a los resultados positivos ha sido divulgada en diferentes escenarios acad\u00e9micos, dentro de la instituci\u00f3n y fuera de ella, en espacios como el 14\u00b0 Congreso de Investigaci\u00f3n Escolar que realiz\u00f3 MOVA y la participaci\u00f3n de los estudiantes en eventos y ferias escolares.<\/p>\n<p><em>\u201cLo m\u00e1s bonito es ver c\u00f3mo los ni\u00f1os se entusiasman con la matem\u00e1tica, c\u00f3mo han cambiado el chip de pensar que es aburrida. Son emocionados cada que hay clase porque es diferente; no es la t\u00edpica clase magistral, sino que tiene que ver con cocina y magia, que es lo que articulamos con el libro. Desde el grado cuarto me est\u00e1n diciendo: \u2018Profe, ya para el pr\u00f3ximo a\u00f1o vamos a ir a cocinar\u2019. Ver la emoci\u00f3n de ellos por el \u00e1rea y que quieren estar en matem\u00e1ticas es, para m\u00ed, lo m\u00e1s significativo de esta experiencia\u201d<\/em>, concluye Sandra Ram\u00edrez.<\/p>\n","protected":false},"excerpt":{"rendered":"<p>Aprender matem\u00e1ticas a partir de la relaci\u00f3n con la cocina es la estrategia que dise\u00f1\u00f3 la docente Sandra Ram\u00edrez en la Instituci\u00f3n Educativa San Pablo, secci\u00f3n Medell\u00edn, para contrarrestar el desinter\u00e9s y la reprobaci\u00f3n de &#8230;<\/p>\n","protected":false},"author":21,"featured_media":490441,"comment_status":"open","ping_status":"open","sticky":false,"template":"","format":"standard","meta":[],"categories":[531,4],"tags":[451,431],"formato_nota":[],"programas_tax":[],"acf":[],"_links":{"self":[{"href":"https:\/\/www.medellin.gov.co\/es\/wp-json\/wp\/v2\/posts\/490362"}],"collection":[{"href":"https:\/\/www.medellin.gov.co\/es\/wp-json\/wp\/v2\/posts"}],"about":[{"href":"https:\/\/www.medellin.gov.co\/es\/wp-json\/wp\/v2\/types\/post"}],"author":[{"embeddable":true,"href":"https:\/\/www.medellin.gov.co\/es\/wp-json\/wp\/v2\/users\/21"}],"replies":[{"embeddable":true,"href":"https:\/\/www.medellin.gov.co\/es\/wp-json\/wp\/v2\/comments?post=490362"}],"version-history":[{"count":2,"href":"https:\/\/www.medellin.gov.co\/es\/wp-json\/wp\/v2\/posts\/490362\/revisions"}],"predecessor-version":[{"id":490461,"href":"https:\/\/www.medellin.gov.co\/es\/wp-json\/wp\/v2\/posts\/490362\/revisions\/490461"}],"wp:featuredmedia":[{"embeddable":true,"href":"https:\/\/www.medellin.gov.co\/es\/wp-json\/wp\/v2\/media\/490441"}],"wp:attachment":[{"href":"https:\/\/www.medellin.gov.co\/es\/wp-json\/wp\/v2\/media?parent=490362"}],"wp:term":[{"taxonomy":"category","embeddable":true,"href":"https:\/\/www.medellin.gov.co\/es\/wp-json\/wp\/v2\/categories?post=490362"},{"taxonomy":"post_tag","embeddable":true,"href":"https:\/\/www.medellin.gov.co\/es\/wp-json\/wp\/v2\/tags?post=490362"},{"taxonomy":"formato_nota","embeddable":true,"href":"https:\/\/www.medellin.gov.co\/es\/wp-json\/wp\/v2\/formato_nota?post=490362"},{"taxonomy":"programas_tax","embeddable":true,"href":"https:\/\/www.medellin.gov.co\/es\/wp-json\/wp\/v2\/programas_tax?post=490362"}],"curies":[{"name":"wp","href":"https:\/\/api.w.org\/{rel}","templated":true}]}}