{"id":490946,"date":"2026-01-07T11:28:37","date_gmt":"2026-01-07T16:28:37","guid":{"rendered":"https:\/\/www.medellin.gov.co\/es\/?p=490946"},"modified":"2026-01-07T11:28:37","modified_gmt":"2026-01-07T16:28:37","slug":"mas-de-5-000-familias-de-medellin-recibieron-orientacion-para-mejorar-sus-vinculos-y-la-salud-mental","status":"publish","type":"post","link":"https:\/\/www.medellin.gov.co\/es\/sala-de-prensa\/noticias\/mas-de-5-000-familias-de-medellin-recibieron-orientacion-para-mejorar-sus-vinculos-y-la-salud-mental\/","title":{"rendered":"M\u00e1s de 5.000 familias de Medell\u00edn recibieron orientaci\u00f3n para mejorar sus v\u00ednculos y la salud mental"},"content":{"rendered":"<ul>\n<li>Un equipo de m\u00e1s de 100 profesionales desarroll\u00f3 distintas actividades en los hogares de las comunas y corregimientos de la ciudad.<\/li>\n<li>M\u00e1s de $9.000 millones fueron invertidos mediante recursos del programa y de Presupuesto Participativo (PP) para esta estrategia.<\/li>\n<\/ul>\n<!--[if lt IE 9]><script>document.createElement('audio');<\/script><![endif]-->\n\t<div class=\"wp-playlist wp-audio-playlist wp-playlist-light\">\n\t\t\t<div class=\"wp-playlist-current-item\"><\/div>\n\t\t<audio controls=\"controls\" preload=\"none\" width=\"640\"\n\t\t\t><\/audio>\n\t<div class=\"wp-playlist-next\"><\/div>\n\t<div class=\"wp-playlist-prev\"><\/div>\n\t<noscript>\n\t<ol>\n\t\t<li><a href='https:\/\/www.medellin.gov.co\/es\/wp-content\/uploads\/2026\/01\/Declaraciones-de-la-subsecretaria-de-Salud-Publica-Luz-Aida-Rendon.mp3'>Declaraciones de la subsecretaria de Salud P\u00fablica, Luz A\u00edda Rend\u00f3n<\/a><\/li>\t<\/ol>\n\t<\/noscript>\n\t<script type=\"application\/json\" class=\"wp-playlist-script\">{\"type\":\"audio\",\"tracklist\":true,\"tracknumbers\":true,\"images\":true,\"artists\":true,\"tracks\":[{\"src\":\"https:\\\/\\\/www.medellin.gov.co\\\/es\\\/wp-content\\\/uploads\\\/2026\\\/01\\\/Declaraciones-de-la-subsecretaria-de-Salud-Publica-Luz-Aida-Rendon.mp3\",\"type\":\"audio\\\/mpeg\",\"title\":\"Declaraciones de la subsecretaria de Salud P\\u00fablica, Luz A\\u00edda Rend\\u00f3n\",\"caption\":\"\",\"description\":\"\\u00abDeclaraciones de la subsecretaria de Salud P\\u00fablica, Luz A\\u00edda Rend\\u00f3n\\u00bb. \",\"meta\":{\"genre\":\"Blues\",\"length_formatted\":\"0:32\"},\"image\":{\"src\":\"https:\\\/\\\/www.medellin.gov.co\\\/es\\\/wp-includes\\\/images\\\/media\\\/audio.png\",\"width\":48,\"height\":64},\"thumb\":{\"src\":\"https:\\\/\\\/www.medellin.gov.co\\\/es\\\/wp-includes\\\/images\\\/media\\\/audio.png\",\"width\":48,\"height\":64}}]}<\/script>\n<\/div>\n\t\n<p>Con m\u00e1s de 20.000 acciones territoriales, la Alcald\u00eda de Medell\u00edn destaca los avances de la estrategia Familias Fuertes y Resilientes, orientada a fortalecer el bienestar emocional de las comunidades. Los beneficiarios recibieron acompa\u00f1amiento integral, con procesos que incluyen promoci\u00f3n de la salud mental, prevenci\u00f3n de problem\u00e1ticas emocionales y fortalecimiento de v\u00ednculos afectivos.<\/p>\n<p>Los componentes de este programa, que a la fecha ha llegado a 5.000 hogares, tiene los componentes Familias se Encuentran para el Cuidado, Familias Fuertes y Resilientes, as\u00ed como encuentros de parejas y otras rutas de acompa\u00f1amiento continuo para promover entornos m\u00e1s protectores y emocionalmente seguros.<\/p>\n<p><a href=\"https:\/\/www.medellin.gov.co\/es\/wp-content\/uploads\/2026\/01\/Imagen-de-ciudadana-participando-en-actividades-ludicas.jpg\" target=\"_blank\" rel=\"noopener\"><img loading=\"lazy\" class=\"alignnone wp-image-490928 size-full\" title=\"ciudadana participando en actividades l\u00fadicas\" src=\"https:\/\/www.medellin.gov.co\/es\/wp-content\/uploads\/2026\/01\/Imagen-de-ciudadana-participando-en-actividades-ludicas.jpg\" alt=\"Imagen de ciudadana participando en actividades l\u00fadicas\" width=\"1013\" height=\"760\" srcset=\"https:\/\/www.medellin.gov.co\/es\/wp-content\/uploads\/2026\/01\/Imagen-de-ciudadana-participando-en-actividades-ludicas.jpg 1013w, https:\/\/www.medellin.gov.co\/es\/wp-content\/uploads\/2026\/01\/Imagen-de-ciudadana-participando-en-actividades-ludicas-300x225.jpg 300w, https:\/\/www.medellin.gov.co\/es\/wp-content\/uploads\/2026\/01\/Imagen-de-ciudadana-participando-en-actividades-ludicas-150x113.jpg 150w, https:\/\/www.medellin.gov.co\/es\/wp-content\/uploads\/2026\/01\/Imagen-de-ciudadana-participando-en-actividades-ludicas-768x576.jpg 768w\" sizes=\"(max-width: 1013px) 100vw, 1013px\" \/><\/a><\/p>\n<p>\u201c<em>Gracias a este esfuerzo, las 5.000 familias acompa\u00f1adas han recibido herramientas para la resoluci\u00f3n de conflictos, el desarrollo de habilidades socioemocionales y la construcci\u00f3n de v\u00ednculos seguros en el entorno familiar<\/em>\u201d, expres\u00f3 la subsecretaria de Salud P\u00fablica, Luz A\u00edda Rend\u00f3n.<\/p>\n<p>La intervenci\u00f3n de esta estrategia se extendi\u00f3 con m\u00e1s de 50 acciones que beneficiaron a m\u00e1s de 2.500 familias en territorio y que culminaron en un gran evento de cierre en el que estuvieron m\u00e1s de 1.000 de ellas, lo cual refuerza la participaci\u00f3n comunitaria y el bienestar colectivo.<\/p>\n<p><a href=\"https:\/\/www.medellin.gov.co\/es\/wp-content\/uploads\/2026\/01\/Imagen-de-funcionaria-atendiendo-a-ciudadana.jpg\" target=\"_blank\" rel=\"noopener\"><img loading=\"lazy\" class=\"alignnone wp-image-490925 size-full\" title=\"funcionaria atendiendo a ciudadana\" src=\"https:\/\/www.medellin.gov.co\/es\/wp-content\/uploads\/2026\/01\/Imagen-de-funcionaria-atendiendo-a-ciudadana.jpg\" alt=\"Imagen de funcionaria atendiendo a ciudadana\" width=\"1280\" height=\"720\" srcset=\"https:\/\/www.medellin.gov.co\/es\/wp-content\/uploads\/2026\/01\/Imagen-de-funcionaria-atendiendo-a-ciudadana.jpg 1280w, https:\/\/www.medellin.gov.co\/es\/wp-content\/uploads\/2026\/01\/Imagen-de-funcionaria-atendiendo-a-ciudadana-300x169.jpg 300w, https:\/\/www.medellin.gov.co\/es\/wp-content\/uploads\/2026\/01\/Imagen-de-funcionaria-atendiendo-a-ciudadana-1024x576.jpg 1024w, https:\/\/www.medellin.gov.co\/es\/wp-content\/uploads\/2026\/01\/Imagen-de-funcionaria-atendiendo-a-ciudadana-150x84.jpg 150w, https:\/\/www.medellin.gov.co\/es\/wp-content\/uploads\/2026\/01\/Imagen-de-funcionaria-atendiendo-a-ciudadana-768x432.jpg 768w\" sizes=\"(max-width: 1280px) 100vw, 1280px\" \/><\/a><\/p>\n<p>Estas acciones sostenidas, que incluyen el trabajo de profesionales sociales en cada uno de los hogares, tienen una inversi\u00f3n que supera los $9.000 millones. As\u00ed,\u00a0la Alcald\u00eda de Medell\u00edn reafirma su compromiso con iniciativas para fortalecer la salud mental en los territorios, ampliar la cobertura y seguir construyendo una ciudad m\u00e1s unida, acompa\u00f1ada y resiliente.<\/p>\n","protected":false},"excerpt":{"rendered":"<p>Un equipo de m\u00e1s de 100 profesionales desarroll\u00f3 distintas actividades en los hogares de las comunas y corregimientos de la ciudad. M\u00e1s de $9.000 millones fueron invertidos mediante recursos del programa y de Presupuesto Participativo &#8230;<\/p>\n","protected":false},"author":21,"featured_media":490930,"comment_status":"open","ping_status":"open","sticky":false,"template":"","format":"standard","meta":[],"categories":[16,18],"tags":[450,427,452],"formato_nota":[],"programas_tax":[],"acf":[],"_links":{"self":[{"href":"https:\/\/www.medellin.gov.co\/es\/wp-json\/wp\/v2\/posts\/490946"}],"collection":[{"href":"https:\/\/www.medellin.gov.co\/es\/wp-json\/wp\/v2\/posts"}],"about":[{"href":"https:\/\/www.medellin.gov.co\/es\/wp-json\/wp\/v2\/types\/post"}],"author":[{"embeddable":true,"href":"https:\/\/www.medellin.gov.co\/es\/wp-json\/wp\/v2\/users\/21"}],"replies":[{"embeddable":true,"href":"https:\/\/www.medellin.gov.co\/es\/wp-json\/wp\/v2\/comments?post=490946"}],"version-history":[{"count":1,"href":"https:\/\/www.medellin.gov.co\/es\/wp-json\/wp\/v2\/posts\/490946\/revisions"}],"predecessor-version":[{"id":490949,"href":"https:\/\/www.medellin.gov.co\/es\/wp-json\/wp\/v2\/posts\/490946\/revisions\/490949"}],"wp:featuredmedia":[{"embeddable":true,"href":"https:\/\/www.medellin.gov.co\/es\/wp-json\/wp\/v2\/media\/490930"}],"wp:attachment":[{"href":"https:\/\/www.medellin.gov.co\/es\/wp-json\/wp\/v2\/media?parent=490946"}],"wp:term":[{"taxonomy":"category","embeddable":true,"href":"https:\/\/www.medellin.gov.co\/es\/wp-json\/wp\/v2\/categories?post=490946"},{"taxonomy":"post_tag","embeddable":true,"href":"https:\/\/www.medellin.gov.co\/es\/wp-json\/wp\/v2\/tags?post=490946"},{"taxonomy":"formato_nota","embeddable":true,"href":"https:\/\/www.medellin.gov.co\/es\/wp-json\/wp\/v2\/formato_nota?post=490946"},{"taxonomy":"programas_tax","embeddable":true,"href":"https:\/\/www.medellin.gov.co\/es\/wp-json\/wp\/v2\/programas_tax?post=490946"}],"curies":[{"name":"wp","href":"https:\/\/api.w.org\/{rel}","templated":true}]}}