{"id":490950,"date":"2026-01-07T13:59:26","date_gmt":"2026-01-07T18:59:26","guid":{"rendered":"https:\/\/www.medellin.gov.co\/es\/?p=490950"},"modified":"2026-01-07T13:59:26","modified_gmt":"2026-01-07T18:59:26","slug":"william-martinez-moreno-un-agente-que-abre-camino-a-la-inclusion-en-la-secretaria-de-movilidad-de-medellin","status":"publish","type":"post","link":"https:\/\/www.medellin.gov.co\/es\/sala-de-prensa\/noticias\/william-martinez-moreno-un-agente-que-abre-camino-a-la-inclusion-en-la-secretaria-de-movilidad-de-medellin\/","title":{"rendered":"William Mart\u00ednez Moreno: un agente que abre camino a la inclusi\u00f3n en la Secretar\u00eda de Movilidad de Medell\u00edn"},"content":{"rendered":"<blockquote><p><em>Cuando William Mart\u00ednez Moreno se pone el uniforme de agente de tr\u00e1nsito, no solo asume una funci\u00f3n p\u00fablica. Tambi\u00e9n encarna un mensaje poderoso para la ciudad: la inclusi\u00f3n no es un discurso, es una pr\u00e1ctica cotidiana que se construye con voluntad, empat\u00eda y oportunidades reales.<\/em><\/p><\/blockquote>\n<p>William tiene 46 a\u00f1os, es padre de tres hijos y comparte su vida con su compa\u00f1era permanente desde un a\u00f1o antes de sufrir una lesi\u00f3n medular que transform\u00f3 su historia. Hace 17 a\u00f1os fue v\u00edctima del conflicto armado, un hecho inesperado que cambi\u00f3 radicalmente su proyecto de vida y lo enfrent\u00f3 a una nueva realidad marcada no solo por las limitaciones f\u00edsicas, sino por barreras sociales mucho m\u00e1s complejas. \u201c<em>A partir de ese entonces ha sido un reto impresionante. M\u00e1s que un reto, una expectativa de vida que uno se traza. Y en medio de esa expectativa, uno encuentra barreras, m\u00e1s barreras humanas que barreras arquitect\u00f3nicas<\/em>\u201d, reflexiona.<\/p>\n<p><a href=\"https:\/\/www.medellin.gov.co\/es\/wp-content\/uploads\/2026\/01\/Imagen-del-agente-de-transito-William-Martinez.jpg\" target=\"_blank\" rel=\"noopener\"><img loading=\"lazy\" class=\"alignnone wp-image-490966 size-full\" title=\"agente de tr\u00e1nsito William Mart\u00ednez\" src=\"https:\/\/www.medellin.gov.co\/es\/wp-content\/uploads\/2026\/01\/Imagen-del-agente-de-transito-William-Martinez.jpg\" alt=\"Imagen del agente de tr\u00e1nsito William Mart\u00ednez\" width=\"1013\" height=\"760\" srcset=\"https:\/\/www.medellin.gov.co\/es\/wp-content\/uploads\/2026\/01\/Imagen-del-agente-de-transito-William-Martinez.jpg 1013w, https:\/\/www.medellin.gov.co\/es\/wp-content\/uploads\/2026\/01\/Imagen-del-agente-de-transito-William-Martinez-300x225.jpg 300w, https:\/\/www.medellin.gov.co\/es\/wp-content\/uploads\/2026\/01\/Imagen-del-agente-de-transito-William-Martinez-150x113.jpg 150w, https:\/\/www.medellin.gov.co\/es\/wp-content\/uploads\/2026\/01\/Imagen-del-agente-de-transito-William-Martinez-768x576.jpg 768w\" sizes=\"(max-width: 1013px) 100vw, 1013px\" \/><\/a><\/p>\n<h4><strong>Su historia<\/strong><\/h4>\n<p>Antes de usar una silla de ruedas, William fue miembro de la fuerza p\u00fablica y <a href=\"https:\/\/www.ejercito.mil.co\/\" target=\"_blank\" rel=\"noopener\">soldado profesional<\/a>. Luego trabaj\u00f3 de manera independiente, como lo ha hecho hist\u00f3ricamente su familia en el comercio. Tras el hecho violento que lo dej\u00f3 con movilidad reducida, descubri\u00f3 de primera mano c\u00f3mo la estigmatizaci\u00f3n, la discriminaci\u00f3n y la desinformaci\u00f3n pueden truncar sue\u00f1os y cerrar puertas, especialmente desde lo p\u00fablico. \u201c<em>Ning\u00fan ser humano est\u00e1 exento de estar en una silla de ruedas, en una cama de hospital, con muletas o con una amputaci\u00f3n. Estamos en un mundo donde solo Dios sabe qu\u00e9 le depara la vida a cada persona\u201d<\/em>, afirma.<\/p>\n<p><a href=\"https:\/\/www.medellin.gov.co\/es\/wp-content\/uploads\/2026\/01\/Imagen-de-William-Martinez-Moreno-en-el-ejercito.jpg\" target=\"_blank\" rel=\"noopener\"><img loading=\"lazy\" class=\"alignnone wp-image-490962 size-full\" title=\" William Mart\u00ednez Moreno en el ejercito\" src=\"https:\/\/www.medellin.gov.co\/es\/wp-content\/uploads\/2026\/01\/Imagen-de-William-Martinez-Moreno-en-el-ejercito.jpg\" alt=\"Imagen de William Mart\u00ednez Moreno en el ejercito\" width=\"1014\" height=\"760\" srcset=\"https:\/\/www.medellin.gov.co\/es\/wp-content\/uploads\/2026\/01\/Imagen-de-William-Martinez-Moreno-en-el-ejercito.jpg 1014w, https:\/\/www.medellin.gov.co\/es\/wp-content\/uploads\/2026\/01\/Imagen-de-William-Martinez-Moreno-en-el-ejercito-300x225.jpg 300w, https:\/\/www.medellin.gov.co\/es\/wp-content\/uploads\/2026\/01\/Imagen-de-William-Martinez-Moreno-en-el-ejercito-150x112.jpg 150w, https:\/\/www.medellin.gov.co\/es\/wp-content\/uploads\/2026\/01\/Imagen-de-William-Martinez-Moreno-en-el-ejercito-768x576.jpg 768w\" sizes=\"(max-width: 1014px) 100vw, 1014px\" \/><\/a><\/p>\n<h4><strong>Abriendo caminos<\/strong><\/h4>\n<p>Lejos de resignarse, William decidi\u00f3 enfocar su vida en demostrar que s\u00ed es posible. A\u00f1os atr\u00e1s, al ver por redes sociales a agentes de tr\u00e1nsito en sillas de ruedas ejerciendo su labor en otros departamentos, se hizo una pregunta que marcar\u00eda su rumbo: si Medell\u00edn se reconoce como una ciudad innovadora e incluyente, \u00bfpor qu\u00e9 no abrir ese camino tambi\u00e9n aqu\u00ed?<\/p>\n<p>Ese cuestionamiento se convirti\u00f3 en prop\u00f3sito. Con sacrificio, persistencia y convicci\u00f3n, William logr\u00f3 convertirse en el primer agente de tr\u00e1nsito en ingresar a la Secretar\u00eda de Movilidad de Medell\u00edn en silla de ruedas, un hito que trasciende lo individual y se proyecta como una puerta de entrada a la inclusi\u00f3n real. <em>\u201cEstar ac\u00e1 hoy, con este uniforme tan hermoso, no ha sido f\u00e1cil. Es una lucha de muchos a\u00f1os, donde fui estigmatizado y discriminado. Pero llegu\u00e9 ac\u00e1 para quedarme y para demostrar que las personas con movilidad reducida s\u00ed podemos\u201d,<\/em> expresa con firmeza.<\/p>\n<p><a href=\"https:\/\/www.medellin.gov.co\/es\/wp-content\/uploads\/2026\/01\/Imagen-de-agente-de-transito-en-silla-de-ruedas-en-reunion.jpg\" target=\"_blank\" rel=\"noopener\"><img loading=\"lazy\" class=\"alignnone wp-image-490964 size-full\" title=\"agente de tr\u00e1nsito en silla de ruedas en reuni\u00f3n\" src=\"https:\/\/www.medellin.gov.co\/es\/wp-content\/uploads\/2026\/01\/Imagen-de-agente-de-transito-en-silla-de-ruedas-en-reunion.jpg\" alt=\"Imagen de agente de tr\u00e1nsito en silla de ruedas en reuni\u00f3n\" width=\"1141\" height=\"760\" srcset=\"https:\/\/www.medellin.gov.co\/es\/wp-content\/uploads\/2026\/01\/Imagen-de-agente-de-transito-en-silla-de-ruedas-en-reunion.jpg 1141w, https:\/\/www.medellin.gov.co\/es\/wp-content\/uploads\/2026\/01\/Imagen-de-agente-de-transito-en-silla-de-ruedas-en-reunion-300x200.jpg 300w, https:\/\/www.medellin.gov.co\/es\/wp-content\/uploads\/2026\/01\/Imagen-de-agente-de-transito-en-silla-de-ruedas-en-reunion-1024x682.jpg 1024w, https:\/\/www.medellin.gov.co\/es\/wp-content\/uploads\/2026\/01\/Imagen-de-agente-de-transito-en-silla-de-ruedas-en-reunion-150x100.jpg 150w, https:\/\/www.medellin.gov.co\/es\/wp-content\/uploads\/2026\/01\/Imagen-de-agente-de-transito-en-silla-de-ruedas-en-reunion-768x512.jpg 768w\" sizes=\"(max-width: 1141px) 100vw, 1141px\" \/><\/a><\/p>\n<p>Para William, ejercer su labor no representa un reto diario, sino una ense\u00f1anza constante. Prepararse, organizarse, cumplir los recorridos y llegar a tiempo a su lugar de trabajo hacen parte de una rutina que, m\u00e1s que limitarlo, lo reafirman en su autonom\u00eda y en su derecho a ser \u00fatil socialmente.<\/p>\n<p>La convivencia con sus compa\u00f1eros ha sido diversa, como ocurre en cualquier entorno humano. Reconoce que no todos reaccionan con la misma empat\u00eda frente a su condici\u00f3n, pero eso no ha debilitado su sentido de pertenencia ni su orgullo de ser parte de la instituci\u00f3n. <em>\u201cYo me siento normal y orgulloso de estar ac\u00e1. Yo llegu\u00e9 aqu\u00ed para contribuir a una mejor movilidad segura, sostenible y al desarrollo soci<\/em>al\u201d, sostiene.<\/p>\n\n\t\t<style type=\"text\/css\">\n\t\t\t#gallery-1 {\n\t\t\t\tmargin: auto;\n\t\t\t}\n\t\t\t#gallery-1 .gallery-item {\n\t\t\t\tfloat: left;\n\t\t\t\tmargin-top: 10px;\n\t\t\t\ttext-align: center;\n\t\t\t\twidth: 50%;\n\t\t\t}\n\t\t\t#gallery-1 img {\n\t\t\t\tborder: 2px solid #cfcfcf;\n\t\t\t}\n\t\t\t#gallery-1 .gallery-caption {\n\t\t\t\tmargin-left: 0;\n\t\t\t}\n\t\t\t\/* see gallery_shortcode() in wp-includes\/media.php *\/\n\t\t<\/style>\n\t\t<div id='gallery-1' class='gallery galleryid-490950 gallery-columns-2 gallery-size-full'><dl class='gallery-item'>\n\t\t\t<dt class='gallery-icon landscape'>\n\t\t\t\t<a href='https:\/\/www.medellin.gov.co\/es\/sala-de-prensa\/noticias\/william-martinez-moreno-un-agente-que-abre-camino-a-la-inclusion-en-la-secretaria-de-movilidad-de-medellin\/imagen-del-agente-de-transito-william-martinez-moreno-en-reunion-con-companeros\/'><img width=\"1141\" height=\"760\" src=\"https:\/\/www.medellin.gov.co\/es\/wp-content\/uploads\/2026\/01\/Imagen-del-agente-de-transito-William-Martinez-Moreno-en-reunion-con-companeros.jpg\" class=\"attachment-full size-full\" alt=\"Imagen del agente de tr\u00e1nsito William Mart\u00ednez Moreno en reuni\u00f3n con compa\u00f1eros\" loading=\"lazy\" srcset=\"https:\/\/www.medellin.gov.co\/es\/wp-content\/uploads\/2026\/01\/Imagen-del-agente-de-transito-William-Martinez-Moreno-en-reunion-con-companeros.jpg 1141w, https:\/\/www.medellin.gov.co\/es\/wp-content\/uploads\/2026\/01\/Imagen-del-agente-de-transito-William-Martinez-Moreno-en-reunion-con-companeros-300x200.jpg 300w, https:\/\/www.medellin.gov.co\/es\/wp-content\/uploads\/2026\/01\/Imagen-del-agente-de-transito-William-Martinez-Moreno-en-reunion-con-companeros-1024x682.jpg 1024w, https:\/\/www.medellin.gov.co\/es\/wp-content\/uploads\/2026\/01\/Imagen-del-agente-de-transito-William-Martinez-Moreno-en-reunion-con-companeros-150x100.jpg 150w, https:\/\/www.medellin.gov.co\/es\/wp-content\/uploads\/2026\/01\/Imagen-del-agente-de-transito-William-Martinez-Moreno-en-reunion-con-companeros-768x512.jpg 768w\" sizes=\"(max-width: 1141px) 100vw, 1141px\" \/><\/a>\n\t\t\t<\/dt><\/dl><dl class='gallery-item'>\n\t\t\t<dt class='gallery-icon landscape'>\n\t\t\t\t<a href='https:\/\/www.medellin.gov.co\/es\/sala-de-prensa\/noticias\/william-martinez-moreno-un-agente-que-abre-camino-a-la-inclusion-en-la-secretaria-de-movilidad-de-medellin\/imagen-del-agente-de-transito-william-martinez-moreno-en-la-oficina\/'><img width=\"1600\" height=\"1066\" src=\"https:\/\/www.medellin.gov.co\/es\/wp-content\/uploads\/2026\/01\/Imagen-del-agente-de-transito-William-Martinez-Moreno-en-la-oficina.jpg\" class=\"attachment-full size-full\" alt=\"Imagen del agente de tr\u00e1nsito William Mart\u00ednez Moreno en la oficina\" loading=\"lazy\" srcset=\"https:\/\/www.medellin.gov.co\/es\/wp-content\/uploads\/2026\/01\/Imagen-del-agente-de-transito-William-Martinez-Moreno-en-la-oficina.jpg 1600w, https:\/\/www.medellin.gov.co\/es\/wp-content\/uploads\/2026\/01\/Imagen-del-agente-de-transito-William-Martinez-Moreno-en-la-oficina-300x200.jpg 300w, https:\/\/www.medellin.gov.co\/es\/wp-content\/uploads\/2026\/01\/Imagen-del-agente-de-transito-William-Martinez-Moreno-en-la-oficina-1024x682.jpg 1024w, https:\/\/www.medellin.gov.co\/es\/wp-content\/uploads\/2026\/01\/Imagen-del-agente-de-transito-William-Martinez-Moreno-en-la-oficina-150x100.jpg 150w, https:\/\/www.medellin.gov.co\/es\/wp-content\/uploads\/2026\/01\/Imagen-del-agente-de-transito-William-Martinez-Moreno-en-la-oficina-768x512.jpg 768w, https:\/\/www.medellin.gov.co\/es\/wp-content\/uploads\/2026\/01\/Imagen-del-agente-de-transito-William-Martinez-Moreno-en-la-oficina-1536x1023.jpg 1536w\" sizes=\"(max-width: 1600px) 100vw, 1600px\" \/><\/a>\n\t\t\t<\/dt><\/dl><br style=\"clear: both\" \/>\n\t\t<\/div>\n\n<h4><strong>Su trabajo social<\/strong><\/h4>\n<p>Ese aporte va m\u00e1s all\u00e1 del rol operativo. William es defensor de derechos humanos, miembro activo de la Human Rights Commission Internacional, diplom\u00e1tico y coordinador nacional de esta organizaci\u00f3n en Colombia. Desde hace a\u00f1os trabaja en procesos sociales, lo que fortalece su mirada humana y pedag\u00f3gica del servicio p\u00fablico.<\/p>\n<p>Para \u00e9l, recuperar el respeto por la autoridad vial pasa por el di\u00e1logo, la amabilidad y la empat\u00eda. Considera que muchas tensiones entre ciudadanos y agentes surgen de abordajes poco humanos y cree firmemente en el poder de la pedagog\u00eda como herramienta transformadora. <em>\u201cDe la forma como nosotros abordemos a un ciudadano, eso mismo vamos a recibir. M\u00e1s que sancionar, necesitamos m\u00e1s di\u00e1logo, m\u00e1s campa\u00f1as pedag\u00f3gicas y m\u00e1s cercan\u00eda<\/em>\u201d, se\u00f1ala.<\/p>\n<p><a href=\"https:\/\/www.medellin.gov.co\/es\/wp-content\/uploads\/2026\/01\/Imagen-del-agente-de-transito-William-Martinez-Moreno-recibiendo-instrucciones.jpg\" target=\"_blank\" rel=\"noopener\"><img loading=\"lazy\" class=\"alignnone wp-image-490968 size-full\" title=\"agentes de tr\u00e1nsito \" src=\"https:\/\/www.medellin.gov.co\/es\/wp-content\/uploads\/2026\/01\/Imagen-del-agente-de-transito-William-Martinez-Moreno-recibiendo-instrucciones.jpg\" alt=\"Imagen del agente de tr\u00e1nsito William Mart\u00ednez Moreno recibiendo instrucciones\" width=\"1013\" height=\"760\" srcset=\"https:\/\/www.medellin.gov.co\/es\/wp-content\/uploads\/2026\/01\/Imagen-del-agente-de-transito-William-Martinez-Moreno-recibiendo-instrucciones.jpg 1013w, https:\/\/www.medellin.gov.co\/es\/wp-content\/uploads\/2026\/01\/Imagen-del-agente-de-transito-William-Martinez-Moreno-recibiendo-instrucciones-300x225.jpg 300w, https:\/\/www.medellin.gov.co\/es\/wp-content\/uploads\/2026\/01\/Imagen-del-agente-de-transito-William-Martinez-Moreno-recibiendo-instrucciones-150x113.jpg 150w, https:\/\/www.medellin.gov.co\/es\/wp-content\/uploads\/2026\/01\/Imagen-del-agente-de-transito-William-Martinez-Moreno-recibiendo-instrucciones-768x576.jpg 768w\" sizes=\"(max-width: 1013px) 100vw, 1013px\" \/><\/a><\/p>\n<h4><strong>Inclusi\u00f3n m\u00e1s all\u00e1 del papel<\/strong><\/h4>\n<p>William sue\u00f1a con una inclusi\u00f3n que no se quede en el papel. Aspira a que los agentes con discapacidad no sean relegados a oficinas, sino visibles ante la ciudadan\u00eda, participando en campa\u00f1as, cierres viales, apoyos institucionales y acciones comunitarias, en igualdad de condiciones con sus compa\u00f1eros. <em>\u201cNo llegu\u00e9 \u00a0para estar escondido. Llegu\u00e9 para aportar, para que la gente vea que s\u00ed se puede y que la inclusi\u00f3n es real\u201d<\/em>, concluye.<\/p>\n<p><a href=\"https:\/\/www.medellin.gov.co\/es\/wp-content\/uploads\/2026\/01\/Imagen-del-agente-de-transito-William-Martinez-Moreno-hablando-con-companero.jpg\"><img loading=\"lazy\" class=\"alignnone size-full wp-image-490969\" src=\"https:\/\/www.medellin.gov.co\/es\/wp-content\/uploads\/2026\/01\/Imagen-del-agente-de-transito-William-Martinez-Moreno-hablando-con-companero.jpg\" alt=\"Imagen del agente de tr\u00e1nsito William Mart\u00ednez Moreno hablando con compa\u00f1ero\" width=\"1141\" height=\"760\" srcset=\"https:\/\/www.medellin.gov.co\/es\/wp-content\/uploads\/2026\/01\/Imagen-del-agente-de-transito-William-Martinez-Moreno-hablando-con-companero.jpg 1141w, https:\/\/www.medellin.gov.co\/es\/wp-content\/uploads\/2026\/01\/Imagen-del-agente-de-transito-William-Martinez-Moreno-hablando-con-companero-300x200.jpg 300w, https:\/\/www.medellin.gov.co\/es\/wp-content\/uploads\/2026\/01\/Imagen-del-agente-de-transito-William-Martinez-Moreno-hablando-con-companero-1024x682.jpg 1024w, https:\/\/www.medellin.gov.co\/es\/wp-content\/uploads\/2026\/01\/Imagen-del-agente-de-transito-William-Martinez-Moreno-hablando-con-companero-150x100.jpg 150w, https:\/\/www.medellin.gov.co\/es\/wp-content\/uploads\/2026\/01\/Imagen-del-agente-de-transito-William-Martinez-Moreno-hablando-con-companero-768x512.jpg 768w\" sizes=\"(max-width: 1141px) 100vw, 1141px\" \/><\/a><\/p>\n<p>Su historia no solo abre camino para otros servidores con movilidad reducida. Tambi\u00e9n interpela a la ciudad sobre el sentido profundo del servicio p\u00fablico, la dignidad del trabajo y la necesidad de construir instituciones verdaderamente humanas.<\/p>\n","protected":false},"excerpt":{"rendered":"<p>Cuando William Mart\u00ednez Moreno se pone el uniforme de agente de tr\u00e1nsito, no solo asume una funci\u00f3n p\u00fablica. Tambi\u00e9n encarna un mensaje poderoso para la ciudad: la inclusi\u00f3n no es un discurso, es una pr\u00e1ctica &#8230;<\/p>\n","protected":false},"author":21,"featured_media":490960,"comment_status":"open","ping_status":"open","sticky":false,"template":"","format":"standard","meta":[],"categories":[531,1,14],"tags":[704,447],"formato_nota":[],"programas_tax":[],"acf":[],"_links":{"self":[{"href":"https:\/\/www.medellin.gov.co\/es\/wp-json\/wp\/v2\/posts\/490950"}],"collection":[{"href":"https:\/\/www.medellin.gov.co\/es\/wp-json\/wp\/v2\/posts"}],"about":[{"href":"https:\/\/www.medellin.gov.co\/es\/wp-json\/wp\/v2\/types\/post"}],"author":[{"embeddable":true,"href":"https:\/\/www.medellin.gov.co\/es\/wp-json\/wp\/v2\/users\/21"}],"replies":[{"embeddable":true,"href":"https:\/\/www.medellin.gov.co\/es\/wp-json\/wp\/v2\/comments?post=490950"}],"version-history":[{"count":1,"href":"https:\/\/www.medellin.gov.co\/es\/wp-json\/wp\/v2\/posts\/490950\/revisions"}],"predecessor-version":[{"id":490990,"href":"https:\/\/www.medellin.gov.co\/es\/wp-json\/wp\/v2\/posts\/490950\/revisions\/490990"}],"wp:featuredmedia":[{"embeddable":true,"href":"https:\/\/www.medellin.gov.co\/es\/wp-json\/wp\/v2\/media\/490960"}],"wp:attachment":[{"href":"https:\/\/www.medellin.gov.co\/es\/wp-json\/wp\/v2\/media?parent=490950"}],"wp:term":[{"taxonomy":"category","embeddable":true,"href":"https:\/\/www.medellin.gov.co\/es\/wp-json\/wp\/v2\/categories?post=490950"},{"taxonomy":"post_tag","embeddable":true,"href":"https:\/\/www.medellin.gov.co\/es\/wp-json\/wp\/v2\/tags?post=490950"},{"taxonomy":"formato_nota","embeddable":true,"href":"https:\/\/www.medellin.gov.co\/es\/wp-json\/wp\/v2\/formato_nota?post=490950"},{"taxonomy":"programas_tax","embeddable":true,"href":"https:\/\/www.medellin.gov.co\/es\/wp-json\/wp\/v2\/programas_tax?post=490950"}],"curies":[{"name":"wp","href":"https:\/\/api.w.org\/{rel}","templated":true}]}}